{"id":920,"date":"2020-01-02T13:24:50","date_gmt":"2020-01-02T13:24:50","guid":{"rendered":"http:\/\/www.afsinyedisevin.com\/?p=920"},"modified":"2020-01-02T13:24:50","modified_gmt":"2020-01-02T13:24:50","slug":"sevinli-hemsehrimizin-azerbeycan-misafirlerini-bizde-konuk-ettik","status":"publish","type":"post","link":"https:\/\/afsinyedisevin.com\/index.php\/2020\/01\/02\/sevinli-hemsehrimizin-azerbeycan-misafirlerini-bizde-konuk-ettik\/","title":{"rendered":"Sevinli hem\u015fehrimizin Azerbeycan Misafirlerini bizde konuk ettik!"},"content":{"rendered":"<p style=\"text-align: justify;\"><strong><img loading=\"lazy\" decoding=\"async\" class=\"alignnone size-full wp-image-113\" src=\"https:\/\/afsinyedisevin.com\/wp-content\/uploads\/2019\/12\/ahalil.jpg\" alt=\"\" width=\"300\" height=\"194\" srcset=\"https:\/\/afsinyedisevin.com\/wp-content\/uploads\/2019\/12\/ahalil.jpg 300w, https:\/\/afsinyedisevin.com\/wp-content\/uploads\/2019\/12\/ahalil-115x73.jpg 115w\" sizes=\"(max-width: 300px) 100vw, 300px\" \/><\/strong><\/p>\n<p style=\"text-align: justify;\"><strong>Kayseri\u2019de \u00dcniversite e\u011fitimi g\u00f6ren Sevin \u00d6renderesi mahallesinden hem\u015fehrimiz G\u00f6zde Canpolat\u2019\u0131n daveti \u00fczerine Af\u015fin\u2019e gelen Azerbaycanl\u0131 \u00d6\u011frenciler Af\u015fin\u2019e hayran kald\u0131.<\/strong><\/p>\n<p style=\"text-align: justify;\"><strong>Af\u015finli \u0130\u015f Adam\u0131 Fahri Canpolat\u2019\u0131n misafiri olan \u00f6\u011frenciler Eshab-\u0131 Kehf K\u00fclliyesini gezdi.Eshab-\u0131 Kehf\u2019in Azerbaycan\u2019da da oldu\u011funu s\u00f6yleyen \u00f6\u011frenciler Af\u015fin\u2019de bulunan K\u00fclliye de ki Manevi havaya hayran kald\u0131klar\u0131n\u0131 ifade ettiler.<\/strong><\/p>\n<p style=\"text-align: justify;\"><strong>1 Haftad\u0131r Af\u015fin\u2019de bulunan \u00d6\u011frenciler&nbsp;Shabnam \u0130srafilova ve Lala Farajova&nbsp;\u0130\u015f Adam\u0131 Fahri Canpolat ve k\u0131z\u0131 G\u00f6zde Canpolat ile birlikte &nbsp; Af\u015fin Haber Merkezini ziyaret ettiler.<\/strong><\/p>\n<p style=\"text-align: justify;\"><strong>Af\u015fin\u2019in yemeklerine bay\u0131ld\u0131klar\u0131n\u0131 s\u00f6yleyen Azerbaycanl\u0131 misafirlerimize Ashab-\u0131 Kehf \u00c7izgi Roman ve Telli Senem kitab\u0131 hediye ettik.<\/strong><\/p>\n<p style=\"text-align: justify;\"><strong>Af\u015fin\u2019i bir de onlardan dinledik.<\/strong><\/p>\n<p><iframe loading=\"lazy\" title=\"AZERBEYCAN&#039;DAN AF\u015e\u0130N HABER MERKEZ\u0130NDE M\u0130SAF\u0130R-HAL\u0130L DEM\u0130R\" width=\"715\" height=\"402\" src=\"https:\/\/www.youtube.com\/embed\/ntbdb2K2-fk?start=143&#038;feature=oembed\" frameborder=\"0\" allow=\"accelerometer; autoplay; encrypted-media; gyroscope; picture-in-picture\" allowfullscreen><\/iframe><\/p>\n<p style=\"text-align: justify;\"><img loading=\"lazy\" decoding=\"async\" class=\"alignnone size-full wp-image-921\" src=\"https:\/\/afsinyedisevin.com\/wp-content\/uploads\/2020\/01\/IMG_8348-768x512-1.jpg\" alt=\"\" width=\"768\" height=\"512\" srcset=\"https:\/\/afsinyedisevin.com\/wp-content\/uploads\/2020\/01\/IMG_8348-768x512-1.jpg 768w, https:\/\/afsinyedisevin.com\/wp-content\/uploads\/2020\/01\/IMG_8348-768x512-1-300x200.jpg 300w\" sizes=\"(max-width: 768px) 100vw, 768px\" \/> <img loading=\"lazy\" decoding=\"async\" class=\"alignnone size-full wp-image-922\" src=\"https:\/\/afsinyedisevin.com\/wp-content\/uploads\/2020\/01\/IMG_8356.jpg\" alt=\"\" width=\"1000\" height=\"620\" srcset=\"https:\/\/afsinyedisevin.com\/wp-content\/uploads\/2020\/01\/IMG_8356.jpg 1000w, https:\/\/afsinyedisevin.com\/wp-content\/uploads\/2020\/01\/IMG_8356-300x186.jpg 300w, https:\/\/afsinyedisevin.com\/wp-content\/uploads\/2020\/01\/IMG_8356-768x476.jpg 768w\" sizes=\"(max-width: 1000px) 100vw, 1000px\" \/> <img loading=\"lazy\" decoding=\"async\" class=\"alignnone size-full wp-image-923\" src=\"https:\/\/afsinyedisevin.com\/wp-content\/uploads\/2020\/01\/IMG_8359-768x449-1.jpg\" alt=\"\" width=\"768\" height=\"449\" srcset=\"https:\/\/afsinyedisevin.com\/wp-content\/uploads\/2020\/01\/IMG_8359-768x449-1.jpg 768w, https:\/\/afsinyedisevin.com\/wp-content\/uploads\/2020\/01\/IMG_8359-768x449-1-300x175.jpg 300w, https:\/\/afsinyedisevin.com\/wp-content\/uploads\/2020\/01\/IMG_8359-768x449-1-184x109.jpg 184w\" sizes=\"(max-width: 768px) 100vw, 768px\" \/><\/p>\n","protected":false},"excerpt":{"rendered":"<p>Kayseri\u2019de \u00dcniversite e\u011fitimi g\u00f6ren Sevin \u00d6renderesi mahallesinden hem\u015fehrimiz G\u00f6zde Canpolat\u2019\u0131n daveti \u00fczerine Af\u015fin\u2019e gelen Azerbaycanl\u0131 \u00d6\u011frenciler Af\u015fin\u2019e hayran kald\u0131. Af\u015finli \u0130\u015f Adam\u0131 Fahri Canpolat\u2019\u0131n<\/p>\n","protected":false},"author":1,"featured_media":924,"comment_status":"open","ping_status":"open","sticky":false,"template":"","format":"standard","meta":{"_jetpack_memberships_contains_paid_content":false,"footnotes":""},"categories":[27,3,10,22],"tags":[],"class_list":["post-920","post","type-post","status-publish","format-standard","has-post-thumbnail","hentry","category-gurbetteki-sevinliler","category-manset-haber","category-orenderesi","category-ziyarete-gelenler"],"jetpack_featured_media_url":"https:\/\/afsinyedisevin.com\/wp-content\/uploads\/2020\/01\/dyu\u0131.jpg","jetpack_sharing_enabled":true,"_links":{"self":[{"href":"https:\/\/afsinyedisevin.com\/index.php\/wp-json\/wp\/v2\/posts\/920","targetHints":{"allow":["GET"]}}],"collection":[{"href":"https:\/\/afsinyedisevin.com\/index.php\/wp-json\/wp\/v2\/posts"}],"about":[{"href":"https:\/\/afsinyedisevin.com\/index.php\/wp-json\/wp\/v2\/types\/post"}],"author":[{"embeddable":true,"href":"https:\/\/afsinyedisevin.com\/index.php\/wp-json\/wp\/v2\/users\/1"}],"replies":[{"embeddable":true,"href":"https:\/\/afsinyedisevin.com\/index.php\/wp-json\/wp\/v2\/comments?post=920"}],"version-history":[{"count":1,"href":"https:\/\/afsinyedisevin.com\/index.php\/wp-json\/wp\/v2\/posts\/920\/revisions"}],"predecessor-version":[{"id":925,"href":"https:\/\/afsinyedisevin.com\/index.php\/wp-json\/wp\/v2\/posts\/920\/revisions\/925"}],"wp:featuredmedia":[{"embeddable":true,"href":"https:\/\/afsinyedisevin.com\/index.php\/wp-json\/wp\/v2\/media\/924"}],"wp:attachment":[{"href":"https:\/\/afsinyedisevin.com\/index.php\/wp-json\/wp\/v2\/media?parent=920"}],"wp:term":[{"taxonomy":"category","embeddable":true,"href":"https:\/\/afsinyedisevin.com\/index.php\/wp-json\/wp\/v2\/categories?post=920"},{"taxonomy":"post_tag","embeddable":true,"href":"https:\/\/afsinyedisevin.com\/index.php\/wp-json\/wp\/v2\/tags?post=920"}],"curies":[{"name":"wp","href":"https:\/\/api.w.org\/{rel}","templated":true}]}}