{"id":909,"date":"2020-01-02T09:27:11","date_gmt":"2020-01-02T09:27:11","guid":{"rendered":"http:\/\/www.afsinyedisevin.com\/?p=909"},"modified":"2020-01-02T09:32:05","modified_gmt":"2020-01-02T09:32:05","slug":"ogretmenevi-muduru-hemsehrimize-ziyaret","status":"publish","type":"post","link":"https:\/\/afsinyedisevin.com\/index.php\/2020\/01\/02\/ogretmenevi-muduru-hemsehrimize-ziyaret\/","title":{"rendered":"\u00d6\u011fretmenevi M\u00fcd\u00fcr\u00fc Hem\u015fehrimize ziyaret!"},"content":{"rendered":"<p style=\"text-align: justify;\"><strong><img loading=\"lazy\" decoding=\"async\" class=\"alignnone size-full wp-image-714\" src=\"https:\/\/afsinyedisevin.com\/wp-content\/uploads\/2019\/12\/ag\u00fcl.jpg\" alt=\"\" width=\"302\" height=\"253\" srcset=\"https:\/\/afsinyedisevin.com\/wp-content\/uploads\/2019\/12\/ag\u00fcl.jpg 302w, https:\/\/afsinyedisevin.com\/wp-content\/uploads\/2019\/12\/ag\u00fcl-300x251.jpg 300w\" sizes=\"(max-width: 302px) 100vw, 302px\" \/><\/strong><\/p>\n<p style=\"text-align: justify;\"><strong>Af\u015fin Merkez Yay\u0131n Gurubu Genel Yay\u0131n Y\u00f6netmeni Halil Demir Af\u015fin \u00d6\u011fretmenevi M\u00fcd\u00fcr\u00fc hem\u015fehrimiz Abdullah G\u00fcnd\u00fcz beyi makam\u0131nda ziyaret etti.<\/strong><\/p>\n<p style=\"text-align: justify;\"><strong>Aslen B\u00fcy\u00fcksevin Mahallesinden olup Af\u015fin \u00d6\u011fretmenevi M\u00fcd\u00fcrl\u00fc\u011f\u00fc g\u00f6revini y\u00fcr\u00fcten k\u0131ymetli hem\u015fehrimiz Abdullah G\u00fcnd\u00fcz&#8217;e Af\u015fin Yedisevin.com Sitemizin yay\u0131n ilkeleri,misyonu ve vizyonuna ili\u015fkin bilgilendirmede bulunduk. <\/strong><\/p>\n<p style=\"text-align: justify;\"><strong>\u00d6\u011fretmenevi M\u00fcd\u00fcr\u00fcm\u00fcz Abdullah G\u00fcnd\u00fcz, yay\u0131nlar\u0131m\u0131zda ba\u015far\u0131lar diledi.<\/strong><\/p>\n<p style=\"text-align: justify;\"><strong>K\u0131ymetli hem\u015fehrimize misafirperverli\u011fi dolay\u0131s\u0131 ile \u00e7ok te\u015fekk\u00fcr ediyoruz.<\/strong><\/p>\n<p><img loading=\"lazy\" decoding=\"async\" class=\"alignnone size-full wp-image-912\" src=\"https:\/\/afsinyedisevin.com\/wp-content\/uploads\/2020\/01\/IMG_1181h.jpg\" alt=\"\" width=\"600\" height=\"400\" srcset=\"https:\/\/afsinyedisevin.com\/wp-content\/uploads\/2020\/01\/IMG_1181h.jpg 600w, https:\/\/afsinyedisevin.com\/wp-content\/uploads\/2020\/01\/IMG_1181h-300x200.jpg 300w\" sizes=\"(max-width: 600px) 100vw, 600px\" \/><img loading=\"lazy\" decoding=\"async\" class=\"alignnone size-full wp-image-911\" src=\"https:\/\/afsinyedisevin.com\/wp-content\/uploads\/2020\/01\/IMG_1178.jpg\" alt=\"\" width=\"600\" height=\"400\" srcset=\"https:\/\/afsinyedisevin.com\/wp-content\/uploads\/2020\/01\/IMG_1178.jpg 600w, https:\/\/afsinyedisevin.com\/wp-content\/uploads\/2020\/01\/IMG_1178-300x200.jpg 300w\" sizes=\"(max-width: 600px) 100vw, 600px\" \/><\/p>\n","protected":false},"excerpt":{"rendered":"<p>Af\u015fin Merkez Yay\u0131n Gurubu Genel Yay\u0131n Y\u00f6netmeni Halil Demir Af\u015fin \u00d6\u011fretmenevi M\u00fcd\u00fcr\u00fc hem\u015fehrimiz Abdullah G\u00fcnd\u00fcz beyi makam\u0131nda ziyaret etti. Aslen B\u00fcy\u00fcksevin Mahallesinden olup Af\u015fin<\/p>\n","protected":false},"author":1,"featured_media":913,"comment_status":"open","ping_status":"open","sticky":false,"template":"","format":"standard","meta":{"_jetpack_memberships_contains_paid_content":false,"footnotes":""},"categories":[6,3,13,23],"tags":[],"class_list":["post-909","post","type-post","status-publish","format-standard","has-post-thumbnail","hentry","category-buyuk-sevin","category-manset-haber","category-okul-mudurleri","category-ziyaret-ettiklerimiz"],"jetpack_featured_media_url":"https:\/\/afsinyedisevin.com\/wp-content\/uploads\/2020\/01\/IMG_1178YY.jpg","jetpack_sharing_enabled":true,"_links":{"self":[{"href":"https:\/\/afsinyedisevin.com\/index.php\/wp-json\/wp\/v2\/posts\/909","targetHints":{"allow":["GET"]}}],"collection":[{"href":"https:\/\/afsinyedisevin.com\/index.php\/wp-json\/wp\/v2\/posts"}],"about":[{"href":"https:\/\/afsinyedisevin.com\/index.php\/wp-json\/wp\/v2\/types\/post"}],"author":[{"embeddable":true,"href":"https:\/\/afsinyedisevin.com\/index.php\/wp-json\/wp\/v2\/users\/1"}],"replies":[{"embeddable":true,"href":"https:\/\/afsinyedisevin.com\/index.php\/wp-json\/wp\/v2\/comments?post=909"}],"version-history":[{"count":2,"href":"https:\/\/afsinyedisevin.com\/index.php\/wp-json\/wp\/v2\/posts\/909\/revisions"}],"predecessor-version":[{"id":915,"href":"https:\/\/afsinyedisevin.com\/index.php\/wp-json\/wp\/v2\/posts\/909\/revisions\/915"}],"wp:featuredmedia":[{"embeddable":true,"href":"https:\/\/afsinyedisevin.com\/index.php\/wp-json\/wp\/v2\/media\/913"}],"wp:attachment":[{"href":"https:\/\/afsinyedisevin.com\/index.php\/wp-json\/wp\/v2\/media?parent=909"}],"wp:term":[{"taxonomy":"category","embeddable":true,"href":"https:\/\/afsinyedisevin.com\/index.php\/wp-json\/wp\/v2\/categories?post=909"},{"taxonomy":"post_tag","embeddable":true,"href":"https:\/\/afsinyedisevin.com\/index.php\/wp-json\/wp\/v2\/tags?post=909"}],"curies":[{"name":"wp","href":"https:\/\/api.w.org\/{rel}","templated":true}]}}