{"id":822,"date":"2019-12-31T06:12:43","date_gmt":"2019-12-31T06:12:43","guid":{"rendered":"http:\/\/www.afsinyedisevin.com\/?p=822"},"modified":"2019-12-31T06:12:43","modified_gmt":"2019-12-31T06:12:43","slug":"baskan-gurbuzden-yeni-yil-mesaji","status":"publish","type":"post","link":"https:\/\/afsinyedisevin.com\/index.php\/2019\/12\/31\/baskan-gurbuzden-yeni-yil-mesaji\/","title":{"rendered":"Ba\u015fkan G\u00fcrb\u00fcz&#8217;den Yeni Y\u0131l Mesaj\u0131!"},"content":{"rendered":"<p><img loading=\"lazy\" decoding=\"async\" class=\"alignnone size-full wp-image-113\" src=\"https:\/\/afsinyedisevin.com\/wp-content\/uploads\/2019\/12\/ahalil.jpg\" alt=\"\" width=\"300\" height=\"194\" srcset=\"https:\/\/afsinyedisevin.com\/wp-content\/uploads\/2019\/12\/ahalil.jpg 300w, https:\/\/afsinyedisevin.com\/wp-content\/uploads\/2019\/12\/ahalil-115x73.jpg 115w\" sizes=\"(max-width: 300px) 100vw, 300px\" \/><\/p>\n<p><img loading=\"lazy\" decoding=\"async\" class=\"alignnone size-full wp-image-824\" src=\"https:\/\/afsinyedisevin.com\/wp-content\/uploads\/2019\/12\/WhatsApp-Image-2019-12-30-at-15.04.20.jpeg\" alt=\"\" width=\"600\" height=\"400\" srcset=\"https:\/\/afsinyedisevin.com\/wp-content\/uploads\/2019\/12\/WhatsApp-Image-2019-12-30-at-15.04.20.jpeg 600w, https:\/\/afsinyedisevin.com\/wp-content\/uploads\/2019\/12\/WhatsApp-Image-2019-12-30-at-15.04.20-300x200.jpeg 300w\" sizes=\"(max-width: 600px) 100vw, 600px\" \/><\/p>\n<p style=\"text-align: justify;\"><strong>Elbistan Belediye Ba\u015fkan\u0131 Mehmet G\u00fcrb\u00fcz, yeni y\u0131l dolay\u0131s\u0131yla bir kutlama mesaj\u0131 yay\u0131nlad\u0131. G\u00fcrb\u00fcz mesaj\u0131nda, \u201cYeni y\u0131lda da hizmetlerimiz vatanda\u015f odakl\u0131, temel hedeflerimiz a\u00e7\u0131kl\u0131k, \u015feffafl\u0131k ve verimlilik olacakt\u0131r\u201d dedi.<\/strong><\/p>\n<p style=\"text-align: justify;\"><strong>Yeni y\u0131l\u0131n \u00fclkemize ve t\u00fcm insanl\u0131\u011fa bar\u0131\u015f, karde\u015flik, huzur, bereket, mutluluk getirmesi temennisinde bulunan Ba\u015fkan G\u00fcrb\u00fcz, iElbistan\u2019\u0131 her y\u00f6nden daha da ileriye g\u00f6t\u00fcrmenin heyecan\u0131 ve gayreti i\u00e7inde olacaklar\u0131n\u0131 ifade etti.<\/strong><\/p>\n<p style=\"text-align: justify;\"><strong>Ba\u015fkan G\u00fcrb\u00fcz mesaj\u0131nda \u015fu ifadelere yer verdi, \u201c2020 y\u0131l\u0131n\u0131n \u00fclkemize, ulusumuza ve t\u00fcm insanl\u0131\u011fa bar\u0131\u015f, karde\u015flik, huzur, bereket, mutluluk getirmesini, d\u00fcnyan\u0131n ortak sorunlar\u0131n\u0131n \u00e7\u00f6z\u00fclmesi i\u00e7in yeni bir ba\u015flang\u0131\u00e7 olu\u015fturmas\u0131n\u0131 diliyorum. G\u00fcc\u00fcm\u00fcze inanarak, karamsarl\u0131\u011fa kap\u0131lmadan, \u00e7a\u011fda\u015f d\u00fcnyayla b\u00fct\u00fcnle\u015fme yolunda yorulmadan ilerleyece\u011fiz. Hizmetlerimiz vatanda\u015f odakl\u0131, temel hedeflerimiz a\u00e7\u0131kl\u0131k, \u015feffafl\u0131k ve verimlilik olacakt\u0131r.<\/strong><\/p>\n<p style=\"text-align: justify;\"><strong>\u0130l\u00e7emiz a\u00e7\u0131s\u0131ndan \u00f6n\u00fcm\u00fczdeki y\u0131lda hizmetlerimiz sizlerin deste\u011fi ile artarak devam edecek. 2020 y\u0131l\u0131nda \u0130l\u00e7emizi her y\u00f6nden daha da ileriye g\u00f6t\u00fcrmenin heyecan\u0131 ve gayreti i\u00e7inde olaca\u011f\u0131z. \u0130l\u00e7emizin vizyonunun geli\u015fmesi, modern ve ya\u015fan\u0131labilir bir kent olmas\u0131 yolunda \u00e7al\u0131\u015fmalar\u0131m\u0131z bug\u00fcn oldu\u011fu gibi bundan sonra da devam edecektir. Bu duygu ve d\u00fc\u015f\u00fcncelerle ba\u015fta Elbistanl\u0131 hem\u015ferilerim olmak \u00fczere t\u00fcm milletimizin yeni y\u0131l\u0131n\u0131 en i\u00e7ten duygularla kutlar sayg\u0131 ve sevgiler sunar\u0131m\u201d<\/strong><\/p>\n","protected":false},"excerpt":{"rendered":"<p>Elbistan Belediye Ba\u015fkan\u0131 Mehmet G\u00fcrb\u00fcz, yeni y\u0131l dolay\u0131s\u0131yla bir kutlama mesaj\u0131 yay\u0131nlad\u0131. G\u00fcrb\u00fcz mesaj\u0131nda, \u201cYeni y\u0131lda da hizmetlerimiz vatanda\u015f odakl\u0131, temel hedeflerimiz a\u00e7\u0131kl\u0131k, \u015feffafl\u0131k<\/p>\n","protected":false},"author":1,"featured_media":823,"comment_status":"open","ping_status":"open","sticky":false,"template":"","format":"standard","meta":{"_jetpack_memberships_contains_paid_content":false,"footnotes":""},"categories":[6,3],"tags":[],"class_list":["post-822","post","type-post","status-publish","format-standard","has-post-thumbnail","hentry","category-buyuk-sevin","category-manset-haber"],"jetpack_featured_media_url":"https:\/\/afsinyedisevin.com\/wp-content\/uploads\/2019\/12\/huu\u0131yy.jpeg","jetpack_sharing_enabled":true,"_links":{"self":[{"href":"https:\/\/afsinyedisevin.com\/index.php\/wp-json\/wp\/v2\/posts\/822","targetHints":{"allow":["GET"]}}],"collection":[{"href":"https:\/\/afsinyedisevin.com\/index.php\/wp-json\/wp\/v2\/posts"}],"about":[{"href":"https:\/\/afsinyedisevin.com\/index.php\/wp-json\/wp\/v2\/types\/post"}],"author":[{"embeddable":true,"href":"https:\/\/afsinyedisevin.com\/index.php\/wp-json\/wp\/v2\/users\/1"}],"replies":[{"embeddable":true,"href":"https:\/\/afsinyedisevin.com\/index.php\/wp-json\/wp\/v2\/comments?post=822"}],"version-history":[{"count":1,"href":"https:\/\/afsinyedisevin.com\/index.php\/wp-json\/wp\/v2\/posts\/822\/revisions"}],"predecessor-version":[{"id":825,"href":"https:\/\/afsinyedisevin.com\/index.php\/wp-json\/wp\/v2\/posts\/822\/revisions\/825"}],"wp:featuredmedia":[{"embeddable":true,"href":"https:\/\/afsinyedisevin.com\/index.php\/wp-json\/wp\/v2\/media\/823"}],"wp:attachment":[{"href":"https:\/\/afsinyedisevin.com\/index.php\/wp-json\/wp\/v2\/media?parent=822"}],"wp:term":[{"taxonomy":"category","embeddable":true,"href":"https:\/\/afsinyedisevin.com\/index.php\/wp-json\/wp\/v2\/categories?post=822"},{"taxonomy":"post_tag","embeddable":true,"href":"https:\/\/afsinyedisevin.com\/index.php\/wp-json\/wp\/v2\/tags?post=822"}],"curies":[{"name":"wp","href":"https:\/\/api.w.org\/{rel}","templated":true}]}}