{"id":778,"date":"2019-12-30T13:42:50","date_gmt":"2019-12-30T13:42:50","guid":{"rendered":"http:\/\/www.afsinyedisevin.com\/?p=778"},"modified":"2019-12-30T13:46:53","modified_gmt":"2019-12-30T13:46:53","slug":"778","status":"publish","type":"post","link":"https:\/\/afsinyedisevin.com\/index.php\/2019\/12\/30\/778\/","title":{"rendered":"Sakarya&#8217;dan Ziyaret!"},"content":{"rendered":"<p><img loading=\"lazy\" decoding=\"async\" class=\"alignnone size-full wp-image-113\" src=\"https:\/\/afsinyedisevin.com\/wp-content\/uploads\/2019\/12\/ahalil.jpg\" alt=\"\" width=\"300\" height=\"194\" srcset=\"https:\/\/afsinyedisevin.com\/wp-content\/uploads\/2019\/12\/ahalil.jpg 300w, https:\/\/afsinyedisevin.com\/wp-content\/uploads\/2019\/12\/ahalil-115x73.jpg 115w\" sizes=\"(max-width: 300px) 100vw, 300px\" \/><\/p>\n<p style=\"text-align: justify;\"><strong>Sakarya&#8217;n\u0131n Sapanca \u0130l\u00e7esi Harmanl\u0131k Camii \u0130mam Hatibi (\u00d6nce ki d\u00f6nem Anadolu Gen\u00e7lik Derne\u011fi Af\u015fin Temsilcisi) Tahir \u00d6zden, \u00c7o\u011fulhan Site Camii imam Hatibi Bedir \u00d6zk\u00f6k ve Ekin\u00f6z\u00fc T\u00fcrkmenler Mahallesi Ek\u015fi Elma Camii \u0130mam Hatibi Muhammet \u00d6zk\u00f6k yeni yerimize&nbsp;<span id=\"u_fetchstream_36_2\" class=\"_ezo\">hay\u0131rl\u0131 olsun<\/span>&nbsp;ziyaretinde bulundular.<\/strong><\/p>\n<p style=\"text-align: justify;\"><strong>Katk\u0131lar\u0131 ve ziyaretlerinden dolay\u0131 \u00c7ok te\u015fekk\u00fcr ederim.<\/strong><\/p>\n<p>ileti\u015fim:<\/p>\n<p>Bedir \u00d6ZK\u00d6K-0 544 689 06 62<\/p>\n<p>Tahir \u00d6ZDEN-0 505 806 19 48<\/p>\n<p><img loading=\"lazy\" decoding=\"async\" class=\"alignnone size-full wp-image-779\" src=\"https:\/\/afsinyedisevin.com\/wp-content\/uploads\/2019\/12\/70035667_2472641146138596_7769962547066699776_o.jpg\" alt=\"\" width=\"959\" height=\"640\" srcset=\"https:\/\/afsinyedisevin.com\/wp-content\/uploads\/2019\/12\/70035667_2472641146138596_7769962547066699776_o.jpg 959w, https:\/\/afsinyedisevin.com\/wp-content\/uploads\/2019\/12\/70035667_2472641146138596_7769962547066699776_o-300x200.jpg 300w, https:\/\/afsinyedisevin.com\/wp-content\/uploads\/2019\/12\/70035667_2472641146138596_7769962547066699776_o-768x513.jpg 768w\" sizes=\"(max-width: 959px) 100vw, 959px\" \/><\/p>\n","protected":false},"excerpt":{"rendered":"<p>Sakarya&#8217;n\u0131n Sapanca \u0130l\u00e7esi Harmanl\u0131k Camii \u0130mam Hatibi (\u00d6nce ki d\u00f6nem Anadolu Gen\u00e7lik Derne\u011fi Af\u015fin Temsilcisi) Tahir \u00d6zden, \u00c7o\u011fulhan Site Camii imam Hatibi Bedir \u00d6zk\u00f6k<\/p>\n","protected":false},"author":1,"featured_media":779,"comment_status":"open","ping_status":"open","sticky":false,"template":"","format":"standard","meta":{"_jetpack_memberships_contains_paid_content":false,"footnotes":""},"categories":[6,27,22],"tags":[],"class_list":["post-778","post","type-post","status-publish","format-standard","has-post-thumbnail","hentry","category-buyuk-sevin","category-gurbetteki-sevinliler","category-ziyarete-gelenler"],"jetpack_featured_media_url":"https:\/\/afsinyedisevin.com\/wp-content\/uploads\/2019\/12\/70035667_2472641146138596_7769962547066699776_o.jpg","jetpack_sharing_enabled":true,"_links":{"self":[{"href":"https:\/\/afsinyedisevin.com\/index.php\/wp-json\/wp\/v2\/posts\/778","targetHints":{"allow":["GET"]}}],"collection":[{"href":"https:\/\/afsinyedisevin.com\/index.php\/wp-json\/wp\/v2\/posts"}],"about":[{"href":"https:\/\/afsinyedisevin.com\/index.php\/wp-json\/wp\/v2\/types\/post"}],"author":[{"embeddable":true,"href":"https:\/\/afsinyedisevin.com\/index.php\/wp-json\/wp\/v2\/users\/1"}],"replies":[{"embeddable":true,"href":"https:\/\/afsinyedisevin.com\/index.php\/wp-json\/wp\/v2\/comments?post=778"}],"version-history":[{"count":2,"href":"https:\/\/afsinyedisevin.com\/index.php\/wp-json\/wp\/v2\/posts\/778\/revisions"}],"predecessor-version":[{"id":781,"href":"https:\/\/afsinyedisevin.com\/index.php\/wp-json\/wp\/v2\/posts\/778\/revisions\/781"}],"wp:featuredmedia":[{"embeddable":true,"href":"https:\/\/afsinyedisevin.com\/index.php\/wp-json\/wp\/v2\/media\/779"}],"wp:attachment":[{"href":"https:\/\/afsinyedisevin.com\/index.php\/wp-json\/wp\/v2\/media?parent=778"}],"wp:term":[{"taxonomy":"category","embeddable":true,"href":"https:\/\/afsinyedisevin.com\/index.php\/wp-json\/wp\/v2\/categories?post=778"},{"taxonomy":"post_tag","embeddable":true,"href":"https:\/\/afsinyedisevin.com\/index.php\/wp-json\/wp\/v2\/tags?post=778"}],"curies":[{"name":"wp","href":"https:\/\/api.w.org\/{rel}","templated":true}]}}