{"id":765,"date":"2019-12-30T12:50:22","date_gmt":"2019-12-30T12:50:22","guid":{"rendered":"http:\/\/www.afsinyedisevin.com\/?p=765"},"modified":"2019-12-30T12:51:36","modified_gmt":"2019-12-30T12:51:36","slug":"suleyman-olgun-afsinde-gozumuz-yukseklerde","status":"publish","type":"post","link":"https:\/\/afsinyedisevin.com\/index.php\/2019\/12\/30\/suleyman-olgun-afsinde-gozumuz-yukseklerde\/","title":{"rendered":"S\u00fcleyman Olgun; \u201cAf\u015fin\u2019de G\u00f6z\u00fcm\u00fcz y\u00fckseklerde!\u201d"},"content":{"rendered":"<p style=\"text-align: justify;\"><img loading=\"lazy\" decoding=\"async\" class=\"alignnone size-full wp-image-113\" src=\"https:\/\/afsinyedisevin.com\/wp-content\/uploads\/2019\/12\/ahalil.jpg\" alt=\"\" width=\"300\" height=\"194\" srcset=\"https:\/\/afsinyedisevin.com\/wp-content\/uploads\/2019\/12\/ahalil.jpg 300w, https:\/\/afsinyedisevin.com\/wp-content\/uploads\/2019\/12\/ahalil-115x73.jpg 115w\" sizes=\"(max-width: 300px) 100vw, 300px\" \/><\/p>\n<p style=\"text-align: justify;\"><strong>Af\u015fin ve Kahramanmara\u015f \u00e7evresinde onlarca hizmete imza atan Olgun Karde\u015fler Vin\u00e7 \u0130\u015fletmecili\u011fi sahibi S\u00fcleyman Olgun, \u201cG\u00f6z\u00fcm\u00fcz y\u00fckseklerde!\u201d dedi.<\/strong><\/p>\n<p style=\"text-align: justify;\"><strong>Af\u015fin ve \u00e7evresinde aran\u0131lan firmalardan birisi olduklar\u0131n\u0131 belirten S\u00fcleyman Olgun;M\u00fc\u015fteri memnuniyeti ve G\u00fcven odakl\u0131 \u00e7al\u0131\u015fmalar\u0131m\u0131z,i\u015fimizin en iyisini yapma gayreti bizleri \u0130l\u00e7emiz Af\u015fin ve \u00e7evresinde s\u0131k tercih edilen bir firma haline getirmi\u015ftir.Ula\u015f\u0131lmaz san\u0131lan t\u00fcm i\u015fler bizim profesyonellik alan\u0131m\u0131za girmekle birlikte g\u00fcn ge\u00e7tik\u00e7e hedef b\u00fcy\u00fctmekte ve m\u00fc\u015fterilerimize daha iyi hizmet verebilmenin gayretindeyiz dedi.<\/strong><\/p>\n<p style=\"text-align: justify;\"><strong>Sevin Dura\u011f\u0131 arkas\u0131nda yeni ofisine ta\u015f\u0131nan Olgun Karde\u015fler Vin\u00e7 \u0130\u015fletmecili\u011fi,ba\u015fta \u0130l\u00e7emize yeni yap\u0131lan Eshab-\u0131 Kehf K\u00fclliye ve Camii olmak \u00fczere bir \u00e7ok y\u00fcksek noktalarda ki i\u015fleri sorunsuz,s\u0131k\u0131nt\u0131s\u0131z ve \u00e7\u00f6z\u00fcm odakl\u0131 \u015fekilde teslim ediyoruz diyen S\u00fcleyman Olgun,t\u00fcm m\u00fc\u015fterilerimize firmam\u0131za olan ilgi,alaka ve duyduklar\u0131 g\u00fcven dolay\u0131s\u0131 ile te\u015fekk\u00fcr ediyoruz dedi.<\/strong><\/p>\n<p><img loading=\"lazy\" decoding=\"async\" class=\"alignnone size-full wp-image-766\" src=\"https:\/\/afsinyedisevin.com\/wp-content\/uploads\/2019\/12\/WhatsApp-Image-2018-07-13-at-12.29.05-768x1371-1.jpeg\" alt=\"\" width=\"768\" height=\"1371\" srcset=\"https:\/\/afsinyedisevin.com\/wp-content\/uploads\/2019\/12\/WhatsApp-Image-2018-07-13-at-12.29.05-768x1371-1.jpeg 768w, https:\/\/afsinyedisevin.com\/wp-content\/uploads\/2019\/12\/WhatsApp-Image-2018-07-13-at-12.29.05-768x1371-1-168x300.jpeg 168w, https:\/\/afsinyedisevin.com\/wp-content\/uploads\/2019\/12\/WhatsApp-Image-2018-07-13-at-12.29.05-768x1371-1-574x1024.jpeg 574w\" sizes=\"(max-width: 768px) 100vw, 768px\" \/> <img loading=\"lazy\" decoding=\"async\" class=\"alignnone size-full wp-image-767\" src=\"https:\/\/afsinyedisevin.com\/wp-content\/uploads\/2019\/12\/WhatsApp-Image-2018-07-13-at-12.31.42.jpeg\" alt=\"\" width=\"1200\" height=\"1600\" srcset=\"https:\/\/afsinyedisevin.com\/wp-content\/uploads\/2019\/12\/WhatsApp-Image-2018-07-13-at-12.31.42.jpeg 1200w, https:\/\/afsinyedisevin.com\/wp-content\/uploads\/2019\/12\/WhatsApp-Image-2018-07-13-at-12.31.42-225x300.jpeg 225w, https:\/\/afsinyedisevin.com\/wp-content\/uploads\/2019\/12\/WhatsApp-Image-2018-07-13-at-12.31.42-768x1024.jpeg 768w, https:\/\/afsinyedisevin.com\/wp-content\/uploads\/2019\/12\/WhatsApp-Image-2018-07-13-at-12.31.42-1152x1536.jpeg 1152w\" sizes=\"(max-width: 1200px) 100vw, 1200px\" \/> <img loading=\"lazy\" decoding=\"async\" class=\"alignnone size-full wp-image-768\" src=\"https:\/\/afsinyedisevin.com\/wp-content\/uploads\/2019\/12\/WhatsApp-Image-2018-07-13-at-12.33.04.jpeg\" alt=\"\" width=\"1200\" height=\"1600\" srcset=\"https:\/\/afsinyedisevin.com\/wp-content\/uploads\/2019\/12\/WhatsApp-Image-2018-07-13-at-12.33.04.jpeg 1200w, https:\/\/afsinyedisevin.com\/wp-content\/uploads\/2019\/12\/WhatsApp-Image-2018-07-13-at-12.33.04-225x300.jpeg 225w, https:\/\/afsinyedisevin.com\/wp-content\/uploads\/2019\/12\/WhatsApp-Image-2018-07-13-at-12.33.04-768x1024.jpeg 768w, https:\/\/afsinyedisevin.com\/wp-content\/uploads\/2019\/12\/WhatsApp-Image-2018-07-13-at-12.33.04-1152x1536.jpeg 1152w\" sizes=\"(max-width: 1200px) 100vw, 1200px\" \/> <img loading=\"lazy\" decoding=\"async\" class=\"alignnone size-full wp-image-769\" src=\"https:\/\/afsinyedisevin.com\/wp-content\/uploads\/2019\/12\/WhatsApp-Image-2018-07-13-at-12.34.15.jpeg\" alt=\"\" width=\"600\" height=\"450\" srcset=\"https:\/\/afsinyedisevin.com\/wp-content\/uploads\/2019\/12\/WhatsApp-Image-2018-07-13-at-12.34.15.jpeg 600w, https:\/\/afsinyedisevin.com\/wp-content\/uploads\/2019\/12\/WhatsApp-Image-2018-07-13-at-12.34.15-300x225.jpeg 300w\" sizes=\"(max-width: 600px) 100vw, 600px\" \/><\/p>\n<p style=\"text-align: justify;\">&nbsp;<\/p>\n","protected":false},"excerpt":{"rendered":"<p>Af\u015fin ve Kahramanmara\u015f \u00e7evresinde onlarca hizmete imza atan Olgun Karde\u015fler Vin\u00e7 \u0130\u015fletmecili\u011fi sahibi S\u00fcleyman Olgun, \u201cG\u00f6z\u00fcm\u00fcz y\u00fckseklerde!\u201d dedi. Af\u015fin ve \u00e7evresinde aran\u0131lan firmalardan birisi<\/p>\n","protected":false},"author":1,"featured_media":772,"comment_status":"open","ping_status":"open","sticky":false,"template":"","format":"standard","meta":{"_jetpack_memberships_contains_paid_content":false,"footnotes":""},"categories":[6,28,3],"tags":[],"class_list":["post-765","post","type-post","status-publish","format-standard","has-post-thumbnail","hentry","category-buyuk-sevin","category-is-dunyasi","category-manset-haber"],"jetpack_featured_media_url":"https:\/\/afsinyedisevin.com\/wp-content\/uploads\/2019\/12\/bbeyaz-renkmjhnh.jpg","jetpack_sharing_enabled":true,"_links":{"self":[{"href":"https:\/\/afsinyedisevin.com\/index.php\/wp-json\/wp\/v2\/posts\/765","targetHints":{"allow":["GET"]}}],"collection":[{"href":"https:\/\/afsinyedisevin.com\/index.php\/wp-json\/wp\/v2\/posts"}],"about":[{"href":"https:\/\/afsinyedisevin.com\/index.php\/wp-json\/wp\/v2\/types\/post"}],"author":[{"embeddable":true,"href":"https:\/\/afsinyedisevin.com\/index.php\/wp-json\/wp\/v2\/users\/1"}],"replies":[{"embeddable":true,"href":"https:\/\/afsinyedisevin.com\/index.php\/wp-json\/wp\/v2\/comments?post=765"}],"version-history":[{"count":1,"href":"https:\/\/afsinyedisevin.com\/index.php\/wp-json\/wp\/v2\/posts\/765\/revisions"}],"predecessor-version":[{"id":771,"href":"https:\/\/afsinyedisevin.com\/index.php\/wp-json\/wp\/v2\/posts\/765\/revisions\/771"}],"wp:featuredmedia":[{"embeddable":true,"href":"https:\/\/afsinyedisevin.com\/index.php\/wp-json\/wp\/v2\/media\/772"}],"wp:attachment":[{"href":"https:\/\/afsinyedisevin.com\/index.php\/wp-json\/wp\/v2\/media?parent=765"}],"wp:term":[{"taxonomy":"category","embeddable":true,"href":"https:\/\/afsinyedisevin.com\/index.php\/wp-json\/wp\/v2\/categories?post=765"},{"taxonomy":"post_tag","embeddable":true,"href":"https:\/\/afsinyedisevin.com\/index.php\/wp-json\/wp\/v2\/tags?post=765"}],"curies":[{"name":"wp","href":"https:\/\/api.w.org\/{rel}","templated":true}]}}