{"id":762,"date":"2019-12-30T12:29:09","date_gmt":"2019-12-30T12:29:09","guid":{"rendered":"http:\/\/www.afsinyedisevin.com\/?p=762"},"modified":"2019-12-30T12:29:52","modified_gmt":"2019-12-30T12:29:52","slug":"bu-ulke-bizimdir","status":"publish","type":"post","link":"https:\/\/afsinyedisevin.com\/index.php\/2019\/12\/30\/bu-ulke-bizimdir\/","title":{"rendered":"BU \u00dcLKE B\u0130Z\u0130MD\u0130R!"},"content":{"rendered":"<figure id=\"attachment_763\" aria-describedby=\"caption-attachment-763\" style=\"width: 300px\" class=\"wp-caption alignnone\"><img loading=\"lazy\" decoding=\"async\" class=\"size-medium wp-image-763\" src=\"https:\/\/afsinyedisevin.com\/wp-content\/uploads\/2019\/12\/Mehmet-B\u00dcLB\u00dcL-GARAOZAN-300x136.jpg\" alt=\"\" width=\"300\" height=\"136\" srcset=\"https:\/\/afsinyedisevin.com\/wp-content\/uploads\/2019\/12\/Mehmet-B\u00dcLB\u00dcL-GARAOZAN-300x136.jpg 300w, https:\/\/afsinyedisevin.com\/wp-content\/uploads\/2019\/12\/Mehmet-B\u00dcLB\u00dcL-GARAOZAN-768x349.jpg 768w, https:\/\/afsinyedisevin.com\/wp-content\/uploads\/2019\/12\/Mehmet-B\u00dcLB\u00dcL-GARAOZAN.jpg 1024w\" sizes=\"(max-width: 300px) 100vw, 300px\" \/><figcaption id=\"caption-attachment-763\" class=\"wp-caption-text\">DIGITAL CAMERA<\/figcaption><\/figure>\n<p style=\"text-align: justify\"><strong><span style=\"font-size: 13.0pt;font-family: 'Arial','sans-serif';color: black\">Gayri verelim el ele ba\u015f ba\u015fa,<\/span><\/strong><\/p>\n<p style=\"text-align: justify\"><strong><span style=\"font-size: 13.0pt;font-family: 'Arial','sans-serif';color: black\">Ad\u0131m\u0131z\u0131 yazd\u0131ral\u0131m mermerden ta\u015fa,<\/span><\/strong><\/p>\n<p style=\"text-align: justify\"><strong><span style=\"font-size: 13.0pt;font-family: 'Arial','sans-serif';color: black\">\u00d6lmedi ya\u015f\u0131yor Alparslanlar,Yavuzlar,<\/span><\/strong><\/p>\n<p style=\"text-align: justify\"><strong><span style=\"font-size: 13.0pt;font-family: 'Arial','sans-serif';color: black\">Hele de Mustafa Kemal Pa\u015fa,<\/span><\/strong><\/p>\n<p style=\"text-align: justify\"><strong><span style=\"font-size: 13.0pt;font-family: 'Arial','sans-serif';color: black\">Uyan T\u00fcrk Milleti bu \u00fclke bizimdir.<\/span><\/strong><\/p>\n<p style=\"text-align: justify\"><strong><span style=\"font-size: 13.0pt;font-family: 'Arial','sans-serif';color: black\">***<\/span><\/strong><\/p>\n<p style=\"text-align: justify\"><strong><span style=\"font-size: 13.0pt;font-family: 'Arial','sans-serif';color: black\">Mehmet B\u00dcLB\u00dcL<\/span><\/strong><\/p>\n<p style=\"text-align: justify\"><strong><span style=\"font-size: 13.0pt;font-family: 'Arial','sans-serif';color: black\">Emekli \u00d6\u011fretmen<\/span><\/strong><\/p>\n<p style=\"text-align: justify\"><strong><span style=\"font-size: 13.0pt;font-family: 'Arial','sans-serif';color: black\">KARAOZAN<\/span><\/strong><\/p>\n<p style=\"text-align: justify\"><strong><span style=\"font-size: 13.0pt;font-family: 'Arial','sans-serif';color: black\">(0533 3115392)<\/span><\/strong><\/p>\n","protected":false},"excerpt":{"rendered":"<p>Gayri verelim el ele ba\u015f ba\u015fa, Ad\u0131m\u0131z\u0131 yazd\u0131ral\u0131m mermerden ta\u015fa, \u00d6lmedi ya\u015f\u0131yor Alparslanlar,Yavuzlar, Hele de Mustafa Kemal Pa\u015fa, Uyan T\u00fcrk Milleti bu \u00fclke bizimdir.<\/p>\n","protected":false},"author":0,"featured_media":763,"comment_status":"open","ping_status":"open","sticky":false,"template":"","format":"standard","meta":{"_jetpack_memberships_contains_paid_content":false,"footnotes":""},"categories":[7,5],"tags":[],"class_list":["post-762","post","type-post","status-publish","format-standard","has-post-thumbnail","hentry","category-turk-sevin","category-yazar"],"jetpack_featured_media_url":"https:\/\/afsinyedisevin.com\/wp-content\/uploads\/2019\/12\/Mehmet-B\u00dcLB\u00dcL-GARAOZAN.jpg","jetpack_sharing_enabled":true,"_links":{"self":[{"href":"https:\/\/afsinyedisevin.com\/index.php\/wp-json\/wp\/v2\/posts\/762","targetHints":{"allow":["GET"]}}],"collection":[{"href":"https:\/\/afsinyedisevin.com\/index.php\/wp-json\/wp\/v2\/posts"}],"about":[{"href":"https:\/\/afsinyedisevin.com\/index.php\/wp-json\/wp\/v2\/types\/post"}],"replies":[{"embeddable":true,"href":"https:\/\/afsinyedisevin.com\/index.php\/wp-json\/wp\/v2\/comments?post=762"}],"version-history":[{"count":1,"href":"https:\/\/afsinyedisevin.com\/index.php\/wp-json\/wp\/v2\/posts\/762\/revisions"}],"predecessor-version":[{"id":764,"href":"https:\/\/afsinyedisevin.com\/index.php\/wp-json\/wp\/v2\/posts\/762\/revisions\/764"}],"wp:featuredmedia":[{"embeddable":true,"href":"https:\/\/afsinyedisevin.com\/index.php\/wp-json\/wp\/v2\/media\/763"}],"wp:attachment":[{"href":"https:\/\/afsinyedisevin.com\/index.php\/wp-json\/wp\/v2\/media?parent=762"}],"wp:term":[{"taxonomy":"category","embeddable":true,"href":"https:\/\/afsinyedisevin.com\/index.php\/wp-json\/wp\/v2\/categories?post=762"},{"taxonomy":"post_tag","embeddable":true,"href":"https:\/\/afsinyedisevin.com\/index.php\/wp-json\/wp\/v2\/tags?post=762"}],"curies":[{"name":"wp","href":"https:\/\/api.w.org\/{rel}","templated":true}]}}