{"id":6496,"date":"2026-08-31T15:39:33","date_gmt":"2026-08-31T15:39:33","guid":{"rendered":"https:\/\/afsinyedisevin.com\/?p=6496"},"modified":"2026-08-31T15:39:33","modified_gmt":"2026-08-31T15:39:33","slug":"prof-dr-alper-cihan-bezmialem-vakif-universitesine-bashekim-oldu","status":"publish","type":"post","link":"https:\/\/afsinyedisevin.com\/index.php\/2026\/08\/31\/prof-dr-alper-cihan-bezmialem-vakif-universitesine-bashekim-oldu\/","title":{"rendered":"Prof. Dr. Alper Cihan, Bezmi\u00e2lem Vak\u0131f \u00dcniversitesine Ba\u015fhekim oldu."},"content":{"rendered":"<p style=\"text-align: justify;\"><strong><img loading=\"lazy\" decoding=\"async\" class=\"alignnone size-full wp-image-4809\" src=\"https:\/\/afsinyedisevin.com\/wp-content\/uploads\/2024\/01\/halild5.jpg\" alt=\"\" width=\"302\" height=\"202\" srcset=\"https:\/\/afsinyedisevin.com\/wp-content\/uploads\/2024\/01\/halild5.jpg 302w, https:\/\/afsinyedisevin.com\/wp-content\/uploads\/2024\/01\/halild5-300x201.jpg 300w\" sizes=\"auto, (max-width: 302px) 100vw, 302px\" \/><\/strong><\/p>\n<p><img loading=\"lazy\" decoding=\"async\" class=\"alignnone size-full wp-image-6497\" src=\"https:\/\/afsinyedisevin.com\/wp-content\/uploads\/2026\/08\/WhatsApp-Image-2026-08-31-at-16.00.46.jpeg\" alt=\"\" width=\"1600\" height=\"1069\" srcset=\"https:\/\/afsinyedisevin.com\/wp-content\/uploads\/2026\/08\/WhatsApp-Image-2026-08-31-at-16.00.46.jpeg 1600w, https:\/\/afsinyedisevin.com\/wp-content\/uploads\/2026\/08\/WhatsApp-Image-2026-08-31-at-16.00.46-300x200.jpeg 300w, https:\/\/afsinyedisevin.com\/wp-content\/uploads\/2026\/08\/WhatsApp-Image-2026-08-31-at-16.00.46-1024x684.jpeg 1024w, https:\/\/afsinyedisevin.com\/wp-content\/uploads\/2026\/08\/WhatsApp-Image-2026-08-31-at-16.00.46-768x513.jpeg 768w, https:\/\/afsinyedisevin.com\/wp-content\/uploads\/2026\/08\/WhatsApp-Image-2026-08-31-at-16.00.46-1536x1026.jpeg 1536w\" sizes=\"auto, (max-width: 1600px) 100vw, 1600px\" \/><\/p>\n<p style=\"text-align: justify;\"><strong>Af\u015finli hem\u015fehrimiz Prof. Dr. Alper Cihan, Bezmi\u00e2lem Vak\u0131f \u00dcniversitesi Hastanesine Ba\u015fhekim olarak atand\u0131. Mesleki hayat\u0131 ba\u015far\u0131larla dolu Af\u015finli hem\u015fehrimiz Prof.Dr.Alper Cihan&#8217;\u0131n Ba\u015fhekimlik atama haberi hem memleketi Af\u015fin&#8217;i hem de Sa\u011fl\u0131k Camias\u0131n\u0131 sevindirdi.<\/strong><\/p>\n<p style=\"text-align: justify;\"><strong>Kendisini tebrik ediyor, gurur duydu\u011fumuz ba\u015far\u0131lar\u0131n\u0131n devam\u0131n\u0131 diliyoruz.<\/strong><\/p>\n<p style=\"text-align: justify;\">\n<p style=\"text-align: justify;\"><strong>Prof. Dr. Alper C\u0130HAN<\/strong><br \/>\n<strong>04 Nisan 1967, Af\u015fin, Kahramanmara\u015f do\u011fumludur.\u00a01990 Y\u0131l\u0131nda Cerrahpa\u015fa T\u0131p Fak\u00fcltesini bitirmi\u015f ve 1998 y\u0131l\u0131nda Gazi \u00dcniversitesi T\u0131p Fak\u00fcltesi Genel Cerrahi ihtisas\u0131n\u0131 bitirmi\u015ftir. 2005 y\u0131l\u0131nda Zonguldak Karaelmas \u00dcniversitesinde Do\u00e7. Dr. \u00dcnvan\u0131n\u0131 alm\u0131\u015f ve 2006 y\u0131l\u0131nda \u0130stanbul Ba\u011fc\u0131lar E\u011fitim Ara\u015ft\u0131rma Hastanesine kurucu ba\u015fhekim olarak atanm\u0131\u015ft\u0131r. 2010 y\u0131l\u0131nda \u0130stanbul \u00dcniversitesine Rekt\u00f6r dan\u0131\u015fman\u0131 olarak ge\u00e7mi\u015f ve Prof. Dr \u00fcnvan\u0131n\u0131 alm\u0131\u015ft\u0131r.<\/strong><\/p>\n<p style=\"text-align: justify;\"><strong>Zonguldak Karaelmas \u00dcniversitesi, Sa\u011fl\u0131k Bakanl\u0131\u011f\u0131 Ba\u011fc\u0131lar E\u011fitim Ara\u015ft\u0131rma Hastanesi ve \u0130stanbul \u00dcniversitesinde Sa\u011fl\u0131k Bilimleri Enstit\u00fc M\u00fcd\u00fcr\u00fc, Senato \u00dcyesi, Deney Hayvanlar\u0131 Ara\u015ft\u0131rma \u00dcnitesi Kurucusu, Deney Hayvanlar\u0131 \u00dcnitesi Y\u00fcr\u00fctme Kurulu \u00dcyesi, Sa\u011fl\u0131k Y\u00fcksek Okulu Y\u00f6netim Kurulu \u00dc., Genel Cerrahi Anabilim Dal\u0131 Ba\u015fkan\u0131, Hastane Y\u00f6netim Kurulu \u00dcyesi, GC Klinik N\u00fctrisyon AD Ba\u015fkan\u0131, Sa\u011fl\u0131k Bilimleri Enstit\u00fc M\u00fcd\u00fcr Yard\u0131mc\u0131s\u0131, E\u011fitim ve Y\u00f6netmelik Komisyonu \u00dc., T\u0131p Fak\u00fcltesi Web Kul\u00fcp Sorumlulu\u011fu T\u0131p Fak\u00fcltesi Dergisi Yaz\u0131 \u0130\u015fleri M\u00fcd\u00fcr\u00fc, T\u0131p Fak\u00fcltesi Dergisi Edit\u00f6r Yard\u0131mc\u0131s\u0131, Klinik \u015eefi, Ameliyathane Sorumlusu, Kurucu Ba\u015fhekim Klinik \u015eefi, Rekt\u00f6r Dan\u0131\u015fman\u0131, Uzaktan E\u011fitim Merkezi M\u00fcd\u00fcr\u00fc, Rekt\u00f6r Yard\u0131mc\u0131s\u0131, Stratejik Ara\u015ft\u0131rmalar Merkezi M\u00fcd\u00fcr\u00fc, Hastaneler Y\u00f6netim Kurulu Ba\u015fkan\u0131, Sosyal Tesisler M\u00fcd\u00fcr\u00fc g\u00f6revlerinde bulunmu\u015ftur. T\u00fcrk Cerrahi Derne\u011fi, T\u00fcrkiye Endoskopik ve Laparoskopik Cerrahi Derne\u011fi, Ankara Cerrahi Derne\u011fi, Hepatopankreatobilier Cerrahi Derne\u011fi, Devlet Planlama Te\u015fkilat\u0131 8. Be\u015f Y\u0131ll\u0131k Kalk\u0131nma Plan\u0131 \u00d6zel \u0130htisas Komisyonu \u00dcyeli\u011fi, ISO \/ IEC Health Informatics \/ Medical Informatics \u2013 P Member, TSE Sa\u011fl\u0131k Haz\u0131rl\u0131k Grubu Medikal Enformatik Raport\u00f6r\u00fc, SAGES (Society of American Gastrointestinal Endoscopic Surgery Association), EAES (Society of American Gastrointestinal Endoscopic Surgery Association), ESPEN (European Society of Parenteral Enteral Nutrition), Akademik Bili\u015fim Derne\u011fi \u00fcyelikleri mevcuttur. Yurtd\u0131\u015f\u0131 e\u011fitim olarak Fransa, IRCAD\u2019da (Strasbourg) laparoskopik cerrahi \u00fczerine e\u011fitimler alm\u0131\u015ft\u0131r.<\/strong><\/p>\n<p style=\"text-align: justify;\"><strong>\u00c7e\u015fitli \u00f6de\u00fclleri ve patentleri bulunmakta olup \u0130stanbul \u00dcniversitesi Sa\u011fl\u0131k Bilimleri Enstit\u00fcs\u00fc Sa\u011fl\u0131k Kurumlar\u0131 Y\u00f6netimi Y\u00fcksek Lisans Program\u0131, Y\u00f6netim Bilgi Sistemleri dersleri vermektedir. Sa\u011fl\u0131k y\u00f6netimi ve sa\u011fl\u0131k bili\u015fimi konusunda uzman olup e\u011fitim y\u00f6netimi, tasar\u0131m\u0131, uzaktan e\u011fitim ve e\u011fitim teknolojileri konusunda bir\u00e7ok \u00e7al\u0131\u015fmas\u0131 ve \u00e7ok say\u0131da sunumlar\u0131 vard\u0131r. Uluslararas\u0131 hakemli dergilerde yay\u0131mlanan 21 adet yay\u0131n\u0131 mevcuttur. Bu yay\u0131nlar\u0131n incelenmesinde uluslar aras\u0131 indexlere girdi\u011fi ve d\u00f6rt adet yay\u0131n\u0131n\u0131n do\u00e7entlik sonras\u0131 oldu\u011fu g\u00f6r\u00fclmektedir. Bunlardan 2 tanesinde ilk isim oldu\u011fu ve ara\u015ft\u0131rma niteli\u011finde yay\u0131n oldu\u011fu g\u00f6r\u00fclmektedir.Uluslararas\u0131 bilimsel toplant\u0131larda sunulan ve bildiri kitab\u0131nda bas\u0131lan 7 adet yay\u0131n\u0131, ulusal hakemli dergilerde yay\u0131mlanan 27 adet makalesi, ulusal bilimsel toplant\u0131larda sunulan ve bildiri kitaplar\u0131nda bas\u0131lan 39 adet eseri ve iki adet kitap b\u00f6l\u00fcm\u00fc ve terc\u00fcmesi mevcuttur.<\/strong><\/p>\n","protected":false},"excerpt":{"rendered":"<p>Af\u015finli hem\u015fehrimiz Prof. Dr. Alper Cihan, Bezmi\u00e2lem Vak\u0131f \u00dcniversitesi Hastanesine Ba\u015fhekim olarak atand\u0131. Mesleki hayat\u0131 ba\u015far\u0131larla dolu Af\u015finli hem\u015fehrimiz Prof.Dr.Alper Cihan&#8217;\u0131n Ba\u015fhekimlik atama haberi<\/p>\n","protected":false},"author":1,"featured_media":6498,"comment_status":"open","ping_status":"open","sticky":false,"template":"","format":"standard","meta":{"_jetpack_newsletter_access":"","_jetpack_dont_email_post_to_subs":false,"_jetpack_newsletter_tier_id":0,"_jetpack_memberships_contains_paywalled_content":false,"_jetpack_memberships_contains_paid_content":false,"footnotes":""},"categories":[6,27,28,3,1],"tags":[],"class_list":["post-6496","post","type-post","status-publish","format-standard","has-post-thumbnail","hentry","category-buyuk-sevin","category-gurbetteki-sevinliler","category-is-dunyasi","category-manset-haber","category-yoremizden"],"jetpack_sharing_enabled":true,"jetpack_featured_media_url":"https:\/\/afsinyedisevin.com\/wp-content\/uploads\/2026\/08\/WhatsApp-Image-2026-08-31-at-16.00.46ngh.jpeg","_links":{"self":[{"href":"https:\/\/afsinyedisevin.com\/index.php\/wp-json\/wp\/v2\/posts\/6496","targetHints":{"allow":["GET"]}}],"collection":[{"href":"https:\/\/afsinyedisevin.com\/index.php\/wp-json\/wp\/v2\/posts"}],"about":[{"href":"https:\/\/afsinyedisevin.com\/index.php\/wp-json\/wp\/v2\/types\/post"}],"author":[{"embeddable":true,"href":"https:\/\/afsinyedisevin.com\/index.php\/wp-json\/wp\/v2\/users\/1"}],"replies":[{"embeddable":true,"href":"https:\/\/afsinyedisevin.com\/index.php\/wp-json\/wp\/v2\/comments?post=6496"}],"version-history":[{"count":1,"href":"https:\/\/afsinyedisevin.com\/index.php\/wp-json\/wp\/v2\/posts\/6496\/revisions"}],"predecessor-version":[{"id":6499,"href":"https:\/\/afsinyedisevin.com\/index.php\/wp-json\/wp\/v2\/posts\/6496\/revisions\/6499"}],"wp:featuredmedia":[{"embeddable":true,"href":"https:\/\/afsinyedisevin.com\/index.php\/wp-json\/wp\/v2\/media\/6498"}],"wp:attachment":[{"href":"https:\/\/afsinyedisevin.com\/index.php\/wp-json\/wp\/v2\/media?parent=6496"}],"wp:term":[{"taxonomy":"category","embeddable":true,"href":"https:\/\/afsinyedisevin.com\/index.php\/wp-json\/wp\/v2\/categories?post=6496"},{"taxonomy":"post_tag","embeddable":true,"href":"https:\/\/afsinyedisevin.com\/index.php\/wp-json\/wp\/v2\/tags?post=6496"}],"curies":[{"name":"wp","href":"https:\/\/api.w.org\/{rel}","templated":true}]}}