{"id":60,"date":"2019-12-28T09:41:34","date_gmt":"2019-12-28T09:41:34","guid":{"rendered":"http:\/\/www.afsinyedisevin.com\/?p=60"},"modified":"2019-12-28T14:02:56","modified_gmt":"2019-12-28T14:02:56","slug":"guzel-memleketim","status":"publish","type":"post","link":"https:\/\/afsinyedisevin.com\/index.php\/2019\/12\/28\/guzel-memleketim\/","title":{"rendered":"Sevin Binbo\u011fa  G\u00f6leti Projesine Ne Oldu?"},"content":{"rendered":"<p><img loading=\"lazy\" decoding=\"async\" class=\"alignnone size-full wp-image-113\" src=\"https:\/\/afsinyedisevin.com\/wp-content\/uploads\/2019\/12\/ahalil.jpg\" alt=\"\" width=\"300\" height=\"194\" srcset=\"https:\/\/afsinyedisevin.com\/wp-content\/uploads\/2019\/12\/ahalil.jpg 300w, https:\/\/afsinyedisevin.com\/wp-content\/uploads\/2019\/12\/ahalil-115x73.jpg 115w\" sizes=\"(max-width: 300px) 100vw, 300px\" \/><\/p>\n<p>*Bu Yaz\u0131 18 Haziran 2018 Pazartesi g\u00fcn\u00fc yay\u0131nlanm\u0131\u015ft\u0131r.<\/p>\n<p>***<\/p>\n<p><strong>Evet Ramazan ay\u0131 da bitti,Bayram da gelip ge\u00e7ti.Se\u00e7imlere kald\u0131 5 g\u00fcn!<\/strong><\/p>\n<p><strong>Partiler 24 Haziran\u2019da yap\u0131lacak olan Cumhurba\u015fkanl\u0131\u011f\u0131 ve 27. D\u00f6nem Milletvekilli\u011fi i\u00e7in \u00e7al\u0131\u015fmalar\u0131n\u0131 gece g\u00fcnd\u00fcz demeden y\u00fcr\u00fct\u00fcyor. MERKEZ YAYIN GRUBU \u00e7at\u0131s\u0131 alt\u0131nda yay\u0131n yapan AF\u015e\u0130N HABER MERKEZ\u0130,KAHRAMANMARA\u015e HABER\u0130N MERKEZ\u0130,AF\u015e\u0130N HABER ve AF\u015e\u0130N \u0130\u015e MERKEZ\u0130 Yay\u0131n Organlar\u0131m\u0131zda \u00fccreti \u00f6denmeyen hi\u00e7bir Parti ve aday\u0131n haber ve reklam\u0131na yer verilmedi.<\/strong><\/p>\n<p><strong>Tabi Adaylardan ya da Partilerden bu konuda kap\u0131m\u0131z\u0131 \u00e7alan da olmad\u0131. Bizlerde Ramazan ay\u0131n\u0131n g\u00fczelli\u011fini di\u011fer haberlerimizle ya\u015fama imkan\u0131 bulmu\u015f olduk.Biz s\u0131rt\u0131m\u0131z\u0131 asla bir Siyasi Partiye,Belediyeye dayamad\u0131\u011f\u0131m\u0131z i\u00e7in s\u0131k\u0131nt\u0131m\u0131z yok.<\/strong><\/p>\n<p><strong>Daha \u00f6nceki K\u00f6\u015fe yaz\u0131m\u0131zda bu konudan uzun uzad\u0131ya bahsetti\u011fimiz i\u00e7in bug\u00fcn ki konumuz bu de\u011fil.<\/strong><\/p>\n<p><strong>Adaylar\u0131n &nbsp;Sevin Grubu Mahallelerini ziyaret etmeye ba\u015flamas\u0131 sebebiyle Bug\u00fcn k\u00f6\u015femizde Sevin Mahallelerimizi hayallere gark eden Binbo\u011fa G\u00f6letini konu edelim dedik.<\/strong><\/p>\n<p><strong>Binbo\u011fa G\u00f6letinden bahsedelim derken kimseyi k\u0131rmayaca\u011f\u0131z,Adaylar hemen heyecan yapmas\u0131n, yanl\u0131\u015f anla\u015f\u0131lmas\u0131n ama uyar\u0131m\u0131z olacak tabi\u00ee ki.<\/strong><\/p>\n<p><strong>Tamamland\u0131\u011f\u0131nda 12 Bin 190 Dekar araziye can suyu olacak Binbo\u011fa G\u00f6letine ili\u015fkin geli\u015fmeleri yak\u0131ndan takip ettiklerine y\u00f6nelik beyanlarda bulunan 3 Ak Parti \u0130l\u00e7e Ba\u015fkan\u0131 de\u011fi\u015ftirdik.<\/strong><\/p>\n<p><strong>18 Kas\u0131m 2017 tarihinde Orman ve Su \u0130\u015fleri Bakan\u0131 Veysel Ero\u011flu taraf\u0131ndan Kamula\u015ft\u0131rma oluru \u00e7\u0131kar\u0131lan Binbo\u011fa G\u00f6letine ili\u015fkin ge\u00e7ti\u011fimiz ay haz\u0131rlad\u0131\u011f\u0131m k\u00f6\u015fe yaz\u0131s\u0131 \u00f6ncesi Binbo\u011fa G\u00f6letiyle de yak\u0131ndan ilgilenen bir Siyaset\u00e7i ile g\u00f6r\u00fc\u015ft\u00fcm.<\/strong><\/p>\n<p><strong>Dedim ki abi Sevinli hem\u015fehrilerimiz s\u00fcrekli sorup duruyor.Bu G\u00f6let ne oldu? Bana a\u00e7\u0131klamas\u0131 aynen \u015fu:<\/strong><\/p>\n<p><strong>-Halil bey O G\u00f6let Baraj oldu\u2026!<\/strong><\/p>\n<p><strong>-Nas\u0131l Baraj oldu?<\/strong><\/p>\n<p><strong>-Projede de\u011fi\u015fiklikler oldu.G\u00f6vde seviyesi y\u00fckseltildi ve Mini bir Baraj oldu.<\/strong><\/p>\n<p><strong>Haydaaaaa\u2026! Sevinliler G\u00f6leti sorup duruyor,adamlar toprak \u00fczerinde yapamad\u0131klar\u0131 G\u00f6leti projede Baraja \u00e7eviriyorlar.<\/strong><\/p>\n<p><strong>G\u00fclermisin,a\u011flarm\u0131s\u0131n\u2026!??<\/strong><\/p>\n<p><strong>9 \u015eubat 2014 tarihinde (Yine bir se\u00e7im \u00f6ncesi) Bilgilendirme ama\u00e7l\u0131 Binbo\u011fa Mahallesinin alt taraf\u0131ndan bulunan derede a\u011f\u0131z dolusu m\u00fcjdeler veren siyaset\u00e7iler y\u0131l 2018 oldu\u011fu halde Binbo\u011fa G\u00f6letine ili\u015fkin net bir a\u00e7\u0131klama yapam\u0131yorlar.<\/strong><\/p>\n<p><strong>Hatta Ak Parti Grup Ba\u015fkanvekili Mahir \u00dcnal,ge\u00e7ti\u011fimiz g\u00fcnlerde geldi\u011fi Af\u015fin\u2019de Binbo\u011fa G\u00f6letine ili\u015fkin de \u201cYap\u0131lacak,hizmete sunulacak\u201d ifadelerini kulland\u0131.<\/strong><\/p>\n<p><strong>\u00d6nceki g\u00fcn Ak Partili Adaylar\u0131n Sevin ziyaretinde de yine G\u00f6let soruldu.<\/strong><\/p>\n<p><strong>Ama yine projeden bahsedildi ve a\u00e7\u0131klama \u201cYap\u0131lacak\u201dtan \u00f6teye gitmedi.<\/strong><\/p>\n<p><strong>Ha biraz \u00f6nce bana \u201cG\u00f6let Baraj oldu a\u00e7\u0131klamas\u0131 yapan Siyaset\u00e7i a\u011fabeyimiz dedi ki Devlet yat\u0131r\u0131mlar\u0131 \u00f6yle Hah demeye olmuyor.Zaman al\u0131yor\u201d dedi.Onu da yazm\u0131\u015f olay\u0131m da Madem zaman al\u0131yor Millete neden Tarih veriliyor.<\/strong><\/p>\n<p><strong>Oy toplamak i\u00e7in olmas\u0131n sak\u0131n???<\/strong><\/p>\n<p><strong>Ama Recep Tayyip Erdo\u011fan, ne diyor, \u201cE\u011fer vatanda\u015f\u0131m\u0131z bunu hak ediyorsa gecikmeden bu hizmet onun aya\u011f\u0131na g\u00f6t\u00fcr\u00fcl\u00fcr\u201d<\/strong><\/p>\n<p><strong>Devlet hizmeti geciktirmez.Bence bu i\u015f Siyasilerde bitiyor. Binbo\u011fa G\u00f6leti \u015fimdiye kadar tamamlanmal\u0131yd\u0131 ve biz orada Bal\u0131k tutmaya ba\u015flamal\u0131yd\u0131k\u2026!<\/strong><\/p>\n<p><strong>Bir de ben soray\u0131m belki tatmin edici bir a\u00e7\u0131klama yap\u0131l\u0131r.<\/strong><\/p>\n<p><strong>Sahi Binbo\u011fa G\u00f6leti ne oldu\u2026????<\/strong><\/p>\n<p><strong>Peki \u015fimdi gelelim Sevinli hem\u015fehrilerimizin 24 Haziran\u2019da Hangi Partiye oy verece\u011fine..!<\/strong><\/p>\n<p><strong>Hangi Partiye verir dersiniz\u2026???<\/strong><\/p>\n<p>&nbsp;<\/p>\n","protected":false},"excerpt":{"rendered":"<p>*Bu Yaz\u0131 18 Haziran 2018 Pazartesi g\u00fcn\u00fc yay\u0131nlanm\u0131\u015ft\u0131r. *** Evet Ramazan ay\u0131 da bitti,Bayram da gelip ge\u00e7ti.Se\u00e7imlere kald\u0131 5 g\u00fcn! Partiler 24 Haziran\u2019da yap\u0131lacak<\/p>\n","protected":false},"author":2,"featured_media":137,"comment_status":"open","ping_status":"open","sticky":false,"template":"","format":"standard","meta":{"_jetpack_memberships_contains_paid_content":false,"footnotes":""},"categories":[3,5],"tags":[],"class_list":["post-60","post","type-post","status-publish","format-standard","has-post-thumbnail","hentry","category-manset-haber","category-yazar"],"jetpack_featured_media_url":"https:\/\/afsinyedisevin.com\/wp-content\/uploads\/2019\/12\/drtuj.jpg","jetpack_sharing_enabled":true,"_links":{"self":[{"href":"https:\/\/afsinyedisevin.com\/index.php\/wp-json\/wp\/v2\/posts\/60","targetHints":{"allow":["GET"]}}],"collection":[{"href":"https:\/\/afsinyedisevin.com\/index.php\/wp-json\/wp\/v2\/posts"}],"about":[{"href":"https:\/\/afsinyedisevin.com\/index.php\/wp-json\/wp\/v2\/types\/post"}],"author":[{"embeddable":true,"href":"https:\/\/afsinyedisevin.com\/index.php\/wp-json\/wp\/v2\/users\/2"}],"replies":[{"embeddable":true,"href":"https:\/\/afsinyedisevin.com\/index.php\/wp-json\/wp\/v2\/comments?post=60"}],"version-history":[{"count":3,"href":"https:\/\/afsinyedisevin.com\/index.php\/wp-json\/wp\/v2\/posts\/60\/revisions"}],"predecessor-version":[{"id":138,"href":"https:\/\/afsinyedisevin.com\/index.php\/wp-json\/wp\/v2\/posts\/60\/revisions\/138"}],"wp:featuredmedia":[{"embeddable":true,"href":"https:\/\/afsinyedisevin.com\/index.php\/wp-json\/wp\/v2\/media\/137"}],"wp:attachment":[{"href":"https:\/\/afsinyedisevin.com\/index.php\/wp-json\/wp\/v2\/media?parent=60"}],"wp:term":[{"taxonomy":"category","embeddable":true,"href":"https:\/\/afsinyedisevin.com\/index.php\/wp-json\/wp\/v2\/categories?post=60"},{"taxonomy":"post_tag","embeddable":true,"href":"https:\/\/afsinyedisevin.com\/index.php\/wp-json\/wp\/v2\/tags?post=60"}],"curies":[{"name":"wp","href":"https:\/\/api.w.org\/{rel}","templated":true}]}}