{"id":5804,"date":"2025-06-23T09:27:08","date_gmt":"2025-06-23T09:27:08","guid":{"rendered":"https:\/\/afsinyedisevin.com\/?p=5804"},"modified":"2025-06-23T09:27:08","modified_gmt":"2025-06-23T09:27:08","slug":"kaymakamlik-yazi-isleri-muduru-akpinardan-afsin-halk-ozanlari-dernegine-ziyaret","status":"publish","type":"post","link":"https:\/\/afsinyedisevin.com\/index.php\/2025\/06\/23\/kaymakamlik-yazi-isleri-muduru-akpinardan-afsin-halk-ozanlari-dernegine-ziyaret\/","title":{"rendered":"Kaymakaml\u0131k Yaz\u0131 \u0130\u015fleri M\u00fcd\u00fcr\u00fc Akp\u0131nar&#8217;dan Af\u015fin Halk Ozanlar\u0131 Derne\u011fine ziyaret."},"content":{"rendered":"<p style=\"text-align: justify;\"><strong><img loading=\"lazy\" decoding=\"async\" class=\"alignnone size-full wp-image-5252\" src=\"https:\/\/afsinyedisevin.com\/wp-content\/uploads\/2024\/09\/SULEYMAN.jpg\" alt=\"\" width=\"702\" height=\"152\" srcset=\"https:\/\/afsinyedisevin.com\/wp-content\/uploads\/2024\/09\/SULEYMAN.jpg 702w, https:\/\/afsinyedisevin.com\/wp-content\/uploads\/2024\/09\/SULEYMAN-300x65.jpg 300w\" sizes=\"(max-width: 702px) 100vw, 702px\" \/><\/strong><\/p>\n<p style=\"text-align: justify;\"><strong>Af\u015fin Halk Ozanlar\u0131 Derne\u011fi ziyaret\u00e7ilerini a\u011f\u0131rlamaya devam ediyor.<\/strong><\/p>\n<p style=\"text-align: justify;\"><strong>Af\u015fin Kaymakaml\u0131\u011f\u0131 Yaz\u0131 \u0130\u015fleri M\u00fcd\u00fcr\u00fc Mulla Akp\u0131nar, Af\u015fin Halk Ozanlar\u0131 Derne\u011fini ziyaret ederek Dernek \u00fcyesi Ozanlar ve \u015eairler ile bir araya geldi.<\/strong><\/p>\n<p style=\"text-align: justify;\"><strong>\u00d6nce ki g\u00fcn saat 14:00 de Efsus \u0130\u015f merkezinde ger\u00e7ekle\u015fen ziyarette konu\u015fan Yaz\u0131 \u0130\u015fleri M\u00fcd\u00fcr\u00fc Mulla Akp\u0131nar, Uzunca bir y\u0131l Te\u015frik-i mesai yapt\u0131\u011f\u0131m\u0131z k\u0131ymetli Dernek Ba\u015fkan\u0131m\u0131z Ahmet Karakaya ve de\u011ferli Ozan ve \u015eairlerimiz. \u015eehrimiz Efsus&#8217;un t\u00fcm de\u011ferlerinin yan\u0131 s\u0131ra A\u015f\u0131klar,Ozanlar ve \u015eairler de b\u00fcy\u00fck de\u011ferleri aras\u0131ndad\u0131r. \u015eehrimizin gelenek,g\u00f6renek ve k\u00fclt\u00fcrlerini diyar diyar gezerek anlat\u0131yorlar. \u015eahs\u0131m ad\u0131na onlara \u00e7ok te\u015fekk\u00fcr ederim. Ge\u00e7 kalm\u0131\u015f da olsak gelip g\u00f6rmek istedik. Nazik ev sahipliklerinden dolay\u0131 te\u015fekk\u00fcr ediyorum dedi.<\/strong><\/p>\n<p style=\"text-align: justify;\"><strong>Daha sonra konu\u015fan Af\u015fin Halk Ozanlar\u0131 Derne\u011fi Ba\u015fkan\u0131 Ahmet Karakaya,Bir s\u00fcre birlikte mesai yapt\u0131k. \u00dclkemizin bir \u00e7ok yerinde g\u00f6rev yapt\u0131ktan sonra memleketine hizmet etmek i\u00e7in Af\u015fin&#8217;e geldi. \u00c7ok sevindik. Bug\u00fcn de bize ziyarete geldi. Ziyaretinden dolay\u0131 \u00e7ok te\u015fekk\u00fcr ediyoruz dedi.<\/strong><\/p>\n<p style=\"text-align: justify;\"><strong>Ozanlar ziyarette t\u00fcrk\u00fclerini seslendirirken Yaz\u0131 \u0130\u015fleri M\u00fcd\u00fcr\u00fc Mulla Akp\u0131nar&#8217;da kendi yazd\u0131\u011f\u0131 \u015eiirini seslendirdi.<\/strong><\/p>\n<p style=\"text-align: justify;\"><iframe loading=\"lazy\" src=\"\/\/www.youtube.com\/embed\/Q4fe0W4mcAM\" width=\"714\" height=\"400\" allowfullscreen=\"allowfullscreen\"><\/iframe><\/p>\n<p style=\"text-align: justify;\"><iframe loading=\"lazy\" src=\"\/\/www.youtube.com\/embed\/AbrUZ42-1mQ\" width=\"714\" height=\"400\" allowfullscreen=\"allowfullscreen\"><\/iframe><\/p>\n<p style=\"text-align: justify;\"><iframe loading=\"lazy\" src=\"\/\/www.youtube.com\/embed\/YsA1ifL4X4U\" width=\"714\" height=\"400\" allowfullscreen=\"allowfullscreen\"><\/iframe><\/p>\n<p style=\"text-align: justify;\"><iframe loading=\"lazy\" src=\"\/\/www.youtube.com\/embed\/uAMi9guMxT0\" width=\"714\" height=\"400\" allowfullscreen=\"allowfullscreen\"><\/iframe><\/p>\n<p style=\"text-align: justify;\"><strong><img loading=\"lazy\" decoding=\"async\" class=\"alignnone size-full wp-image-5805\" src=\"https:\/\/afsinyedisevin.com\/wp-content\/uploads\/2025\/06\/WhatsApp-Image-2025-06-21-at-18.35.01.jpeg\" alt=\"\" width=\"800\" height=\"359\" srcset=\"https:\/\/afsinyedisevin.com\/wp-content\/uploads\/2025\/06\/WhatsApp-Image-2025-06-21-at-18.35.01.jpeg 800w, https:\/\/afsinyedisevin.com\/wp-content\/uploads\/2025\/06\/WhatsApp-Image-2025-06-21-at-18.35.01-300x135.jpeg 300w, https:\/\/afsinyedisevin.com\/wp-content\/uploads\/2025\/06\/WhatsApp-Image-2025-06-21-at-18.35.01-768x345.jpeg 768w\" sizes=\"(max-width: 800px) 100vw, 800px\" \/> <img loading=\"lazy\" decoding=\"async\" class=\"alignnone size-full wp-image-5807\" src=\"https:\/\/afsinyedisevin.com\/wp-content\/uploads\/2025\/06\/WhatsApp-Image-2025-06-21-at-18.35.02.jpeg\" alt=\"\" width=\"800\" height=\"359\" srcset=\"https:\/\/afsinyedisevin.com\/wp-content\/uploads\/2025\/06\/WhatsApp-Image-2025-06-21-at-18.35.02.jpeg 800w, https:\/\/afsinyedisevin.com\/wp-content\/uploads\/2025\/06\/WhatsApp-Image-2025-06-21-at-18.35.02-300x135.jpeg 300w, https:\/\/afsinyedisevin.com\/wp-content\/uploads\/2025\/06\/WhatsApp-Image-2025-06-21-at-18.35.02-768x345.jpeg 768w\" sizes=\"(max-width: 800px) 100vw, 800px\" \/><\/strong><\/p>\n","protected":false},"excerpt":{"rendered":"<p>Af\u015fin Halk Ozanlar\u0131 Derne\u011fi ziyaret\u00e7ilerini a\u011f\u0131rlamaya devam ediyor. Af\u015fin Kaymakaml\u0131\u011f\u0131 Yaz\u0131 \u0130\u015fleri M\u00fcd\u00fcr\u00fc Mulla Akp\u0131nar, Af\u015fin Halk Ozanlar\u0131 Derne\u011fini ziyaret ederek Dernek \u00fcyesi Ozanlar<\/p>\n","protected":false},"author":1,"featured_media":5806,"comment_status":"open","ping_status":"open","sticky":false,"template":"","format":"standard","meta":{"_jetpack_memberships_contains_paid_content":false,"footnotes":""},"categories":[3,7,1],"tags":[],"class_list":["post-5804","post","type-post","status-publish","format-standard","has-post-thumbnail","hentry","category-manset-haber","category-turk-sevin","category-yoremizden"],"jetpack_featured_media_url":"https:\/\/afsinyedisevin.com\/wp-content\/uploads\/2025\/06\/WhatsApp-Image-2025-06-21-at-18.35.01uo.jpeg","jetpack_sharing_enabled":true,"_links":{"self":[{"href":"https:\/\/afsinyedisevin.com\/index.php\/wp-json\/wp\/v2\/posts\/5804","targetHints":{"allow":["GET"]}}],"collection":[{"href":"https:\/\/afsinyedisevin.com\/index.php\/wp-json\/wp\/v2\/posts"}],"about":[{"href":"https:\/\/afsinyedisevin.com\/index.php\/wp-json\/wp\/v2\/types\/post"}],"author":[{"embeddable":true,"href":"https:\/\/afsinyedisevin.com\/index.php\/wp-json\/wp\/v2\/users\/1"}],"replies":[{"embeddable":true,"href":"https:\/\/afsinyedisevin.com\/index.php\/wp-json\/wp\/v2\/comments?post=5804"}],"version-history":[{"count":2,"href":"https:\/\/afsinyedisevin.com\/index.php\/wp-json\/wp\/v2\/posts\/5804\/revisions"}],"predecessor-version":[{"id":5809,"href":"https:\/\/afsinyedisevin.com\/index.php\/wp-json\/wp\/v2\/posts\/5804\/revisions\/5809"}],"wp:featuredmedia":[{"embeddable":true,"href":"https:\/\/afsinyedisevin.com\/index.php\/wp-json\/wp\/v2\/media\/5806"}],"wp:attachment":[{"href":"https:\/\/afsinyedisevin.com\/index.php\/wp-json\/wp\/v2\/media?parent=5804"}],"wp:term":[{"taxonomy":"category","embeddable":true,"href":"https:\/\/afsinyedisevin.com\/index.php\/wp-json\/wp\/v2\/categories?post=5804"},{"taxonomy":"post_tag","embeddable":true,"href":"https:\/\/afsinyedisevin.com\/index.php\/wp-json\/wp\/v2\/tags?post=5804"}],"curies":[{"name":"wp","href":"https:\/\/api.w.org\/{rel}","templated":true}]}}