{"id":5793,"date":"2025-06-03T09:00:40","date_gmt":"2025-06-03T09:00:40","guid":{"rendered":"https:\/\/afsinyedisevin.com\/?p=5793"},"modified":"2025-06-03T09:00:40","modified_gmt":"2025-06-03T09:00:40","slug":"sevin-yolu-uzerine-dikilen-bademler-kendisini-gostermeye-basladi","status":"publish","type":"post","link":"https:\/\/afsinyedisevin.com\/index.php\/2025\/06\/03\/sevin-yolu-uzerine-dikilen-bademler-kendisini-gostermeye-basladi\/","title":{"rendered":"Sevin yolu \u00fczerine dikilen Bademler kendisini g\u00f6stermeye ba\u015flad\u0131."},"content":{"rendered":"<p style=\"text-align: justify;\"><strong><img loading=\"lazy\" decoding=\"async\" class=\"alignnone size-full wp-image-4809\" src=\"https:\/\/afsinyedisevin.com\/wp-content\/uploads\/2024\/01\/halild5.jpg\" alt=\"\" width=\"302\" height=\"202\" srcset=\"https:\/\/afsinyedisevin.com\/wp-content\/uploads\/2024\/01\/halild5.jpg 302w, https:\/\/afsinyedisevin.com\/wp-content\/uploads\/2024\/01\/halild5-300x201.jpg 300w\" sizes=\"(max-width: 302px) 100vw, 302px\" \/><\/strong><\/p>\n<p style=\"text-align: justify;\"><strong>Sevin Grubu mahallelerine giden yolun sa\u011f ve sol taraflar\u0131na dikilen Bademler kendisini g\u00f6stermeye ba\u015flad\u0131.<\/strong><\/p>\n<p style=\"text-align: justify;\"><strong>\u0130stanbul&#8217;da ikamet eden ve Mali M\u00fc\u015favir olarak hizmet veren bunun yan\u0131 s\u0131ra da Gaziosmanpa\u015fa \u0130lim Yayma Cemiyeti \u0130l\u00e7e Ba\u015fkanl\u0131\u011f\u0131 g\u00f6revini y\u00fcr\u00fcten hem\u015fehrimiz Kerem Akp\u0131nar taraf\u0131ndan g\u00f6nderilen Badem \u00e7ekirdekleri yine hem\u015fehrilerimizin gayretleriyle Sevin Grubu mahallelerine giden yolun sa\u011f ve sol taraflar\u0131na dikilmi\u015fti.<\/strong><\/p>\n<p style=\"text-align: justify;\"><strong>Bademler kendisini g\u00f6stermeye ba\u015flad\u0131.<\/strong><\/p>\n<p style=\"text-align: justify;\"><strong>E\u011fer \u00e7ok daha ciddi bir \u00e7al\u0131\u015fma yap\u0131l\u0131rsa bu yolun sa\u011f ve sol kenarlar\u0131 Badem bah\u00e7esine d\u00f6n\u00fc\u015febilir.<\/strong><\/p>\n<p style=\"text-align: justify;\"><strong>Kerem Akp\u0131nar hem\u015fehrimize \u00f6zverisinden dolay\u0131 bir kez daha te\u015fekk\u00fcr ediyoruz.<\/strong><\/p>\n<p style=\"text-align: justify;\"><strong><img loading=\"lazy\" decoding=\"async\" class=\"alignnone size-full wp-image-5794\" src=\"https:\/\/afsinyedisevin.com\/wp-content\/uploads\/2025\/06\/IMG_20250413_154219.jpg\" alt=\"\" width=\"800\" height=\"600\" srcset=\"https:\/\/afsinyedisevin.com\/wp-content\/uploads\/2025\/06\/IMG_20250413_154219.jpg 800w, https:\/\/afsinyedisevin.com\/wp-content\/uploads\/2025\/06\/IMG_20250413_154219-300x225.jpg 300w, https:\/\/afsinyedisevin.com\/wp-content\/uploads\/2025\/06\/IMG_20250413_154219-768x576.jpg 768w\" sizes=\"(max-width: 800px) 100vw, 800px\" \/><\/strong><\/p>\n<p style=\"text-align: justify;\"><iframe loading=\"lazy\" src=\"\/\/www.youtube.com\/embed\/beohV5JsgDA\" width=\"714\" height=\"400\" allowfullscreen=\"allowfullscreen\"><\/iframe><\/p>\n","protected":false},"excerpt":{"rendered":"<p>Sevin Grubu mahallelerine giden yolun sa\u011f ve sol taraflar\u0131na dikilen Bademler kendisini g\u00f6stermeye ba\u015flad\u0131. \u0130stanbul&#8217;da ikamet eden ve Mali M\u00fc\u015favir olarak hizmet veren bunun<\/p>\n","protected":false},"author":1,"featured_media":5795,"comment_status":"open","ping_status":"open","sticky":false,"template":"","format":"standard","meta":{"_jetpack_memberships_contains_paid_content":false,"footnotes":""},"categories":[31,9,6,27,29,8,3,10,30,32,33,7,1],"tags":[],"class_list":["post-5793","post","type-post","status-publish","format-standard","has-post-thumbnail","hentry","category-almaoglu","category-binboga","category-buyuk-sevin","category-gurbetteki-sevinliler","category-kizilkaya","category-kucuk-sevin","category-manset-haber","category-orenderesi","category-sabenler","category-tatar","category-tomas","category-turk-sevin","category-yoremizden"],"jetpack_featured_media_url":"https:\/\/afsinyedisevin.com\/wp-content\/uploads\/2025\/06\/IMG_20250413_154219uo.jpg","jetpack_sharing_enabled":true,"_links":{"self":[{"href":"https:\/\/afsinyedisevin.com\/index.php\/wp-json\/wp\/v2\/posts\/5793","targetHints":{"allow":["GET"]}}],"collection":[{"href":"https:\/\/afsinyedisevin.com\/index.php\/wp-json\/wp\/v2\/posts"}],"about":[{"href":"https:\/\/afsinyedisevin.com\/index.php\/wp-json\/wp\/v2\/types\/post"}],"author":[{"embeddable":true,"href":"https:\/\/afsinyedisevin.com\/index.php\/wp-json\/wp\/v2\/users\/1"}],"replies":[{"embeddable":true,"href":"https:\/\/afsinyedisevin.com\/index.php\/wp-json\/wp\/v2\/comments?post=5793"}],"version-history":[{"count":1,"href":"https:\/\/afsinyedisevin.com\/index.php\/wp-json\/wp\/v2\/posts\/5793\/revisions"}],"predecessor-version":[{"id":5796,"href":"https:\/\/afsinyedisevin.com\/index.php\/wp-json\/wp\/v2\/posts\/5793\/revisions\/5796"}],"wp:featuredmedia":[{"embeddable":true,"href":"https:\/\/afsinyedisevin.com\/index.php\/wp-json\/wp\/v2\/media\/5795"}],"wp:attachment":[{"href":"https:\/\/afsinyedisevin.com\/index.php\/wp-json\/wp\/v2\/media?parent=5793"}],"wp:term":[{"taxonomy":"category","embeddable":true,"href":"https:\/\/afsinyedisevin.com\/index.php\/wp-json\/wp\/v2\/categories?post=5793"},{"taxonomy":"post_tag","embeddable":true,"href":"https:\/\/afsinyedisevin.com\/index.php\/wp-json\/wp\/v2\/tags?post=5793"}],"curies":[{"name":"wp","href":"https:\/\/api.w.org\/{rel}","templated":true}]}}