{"id":5788,"date":"2025-05-28T14:48:05","date_gmt":"2025-05-28T14:48:05","guid":{"rendered":"https:\/\/afsinyedisevin.com\/?p=5788"},"modified":"2025-05-28T14:48:05","modified_gmt":"2025-05-28T14:48:05","slug":"sevin-yoresinde-ayi-goruntulendi","status":"publish","type":"post","link":"https:\/\/afsinyedisevin.com\/index.php\/2025\/05\/28\/sevin-yoresinde-ayi-goruntulendi\/","title":{"rendered":"Sevin y\u00f6resinde Ay\u0131 g\u00f6r\u00fcnt\u00fclendi."},"content":{"rendered":"<p style=\"text-align: justify;\"><strong><img loading=\"lazy\" decoding=\"async\" class=\"alignnone size-full wp-image-4809\" src=\"https:\/\/afsinyedisevin.com\/wp-content\/uploads\/2024\/01\/halild5.jpg\" alt=\"\" width=\"302\" height=\"202\" srcset=\"https:\/\/afsinyedisevin.com\/wp-content\/uploads\/2024\/01\/halild5.jpg 302w, https:\/\/afsinyedisevin.com\/wp-content\/uploads\/2024\/01\/halild5-300x201.jpg 300w\" sizes=\"(max-width: 302px) 100vw, 302px\" \/><\/strong><\/p>\n<p style=\"text-align: justify;\"><strong><img loading=\"lazy\" decoding=\"async\" class=\"alignnone size-full wp-image-5789\" src=\"https:\/\/afsinyedisevin.com\/wp-content\/uploads\/2025\/05\/siyah-renk.jpg\" alt=\"\" width=\"800\" height=\"416\" srcset=\"https:\/\/afsinyedisevin.com\/wp-content\/uploads\/2025\/05\/siyah-renk.jpg 800w, https:\/\/afsinyedisevin.com\/wp-content\/uploads\/2025\/05\/siyah-renk-300x156.jpg 300w, https:\/\/afsinyedisevin.com\/wp-content\/uploads\/2025\/05\/siyah-renk-768x399.jpg 768w\" sizes=\"(max-width: 800px) 100vw, 800px\" \/><\/strong><\/p>\n<p style=\"text-align: justify;\"><strong>Sevin Y\u00f6resinde Yaban Hayat\u0131 her ge\u00e7en g\u00fcn zenginle\u015fiyor.<\/strong><\/p>\n<p style=\"text-align: justify;\"><strong>Af\u015fin&#8217;e ba\u011fl\u0131 Sevin y\u00f6resi Binbo\u011fa Mahallesi s\u0131n\u0131rlar\u0131nda bulunan Daml\u0131yurt mevkiinde Ay\u0131 g\u00f6r\u00fcnt\u00fclendi.<\/strong><\/p>\n<p style=\"text-align: justify;\"><strong>Mahalle sakinlerinin kameras\u0131na yans\u0131yan Ay\u0131 farkedildi\u011fini g\u00f6r\u00fcnce ka\u00e7maya ba\u015flad\u0131.<\/strong><\/p>\n<p style=\"text-align: justify;\"><strong>Ay\u0131&#8217;y\u0131 g\u00f6r\u00fcnce Video \u00e7eken mahalle sakinleri, Sosyal medya hesaplar\u0131ndan &#8220;Binbo\u011fa yaylas\u0131, Daml\u0131yurt mevkisinde Ay\u0131&#8217;ya rastlad\u0131k. y\u0131llard\u0131r ilk defa yaylada Ay\u0131 g\u00f6rd\u00fck notuyla payla\u015ft\u0131lar.<\/strong><\/p>\n<p style=\"text-align: justify;\"><strong>\u0130\u015fte o g\u00f6r\u00fcnt\u00fcler.<\/strong><\/p>\n<div id=\"\u00abr2e9\u00bb\" class=\"html-div xdj266r x11i5rnm xat24cr x1mh8g0r xexx8yu x4uap5 x18d9i69 xkhd6sd x1n2onr6\" style=\"text-align: justify;\">\n<div class=\"html-div xdj266r x11i5rnm xat24cr x1mh8g0r xexx8yu x4uap5 x18d9i69 xkhd6sd x1n2onr6\">\n<div class=\"html-div xdj266r x11i5rnm xat24cr x1mh8g0r xexx8yu x4uap5 x18d9i69 xkhd6sd x78zum5 xdt5ytf x6ikm8r x10wlt62 x1n2onr6\">\n<div class=\"html-div xdj266r x11i5rnm xat24cr x1mh8g0r xexx8yu x4uap5 x18d9i69 xkhd6sd x6ikm8r x10wlt62 x1n2onr6\">\n<div class=\"x1n2onr6\">\n<div class=\"x6s0dn4 x1jx94hy x78zum5 xdt5ytf x6ikm8r x10wlt62 x1n2onr6 xh8yej3\">\n<div>\n<div class=\"html-div xdj266r x11i5rnm xat24cr x1mh8g0r x4uap5 x18d9i69 xkhd6sd xqtp20y x1n2onr6 xh8yej3 xmyip4h\">\n<div class=\"html-div x1qjc9v5 x1q0q8m5 x1qhh985 xu3j5b3 xcfux6l x26u7qi xm0m39n x13fuv20 x972fbf x1ey2m1c x9f619 x78zum5 xdt5ytf x1iyjqo2 xs83m0k xds687c x17qophe x1qughib xat24cr x11i5rnm x1mh8g0r xdj266r x2lwn1j xeuugli x18d9i69 x4uap5 xkhd6sd xexx8yu x10l6tqk x13vifvy x1ja2u2z\">\n<div class=\"html-div xdj266r x11i5rnm xat24cr x1mh8g0r xexx8yu x4uap5 x18d9i69 xkhd6sd xamitd3 x9f619 x1n2onr6 x1bl4301\">\n<div class=\"xqtp20y x6ikm8r x10wlt62 x1n2onr6\"><\/div>\n<\/div>\n<\/div>\n<\/div>\n<\/div>\n<\/div>\n<\/div>\n<\/div>\n<\/div>\n<\/div>\n<\/div>\n<p><iframe loading=\"lazy\" title=\"Kahramanmara\u015f\/Af\u015fin\/Sevin Y\u00f6resinde Ay\u0131 g\u00f6r\u00fcnt\u00fclendi.-HAL\u0130L DEM\u0130R\" width=\"715\" height=\"402\" src=\"https:\/\/www.youtube.com\/embed\/t7Fd_hgJUZ8?feature=oembed\" frameborder=\"0\" allow=\"accelerometer; autoplay; clipboard-write; encrypted-media; gyroscope; picture-in-picture; web-share\" referrerpolicy=\"strict-origin-when-cross-origin\" allowfullscreen><\/iframe><\/p>\n","protected":false},"excerpt":{"rendered":"<p>Sevin Y\u00f6resinde Yaban Hayat\u0131 her ge\u00e7en g\u00fcn zenginle\u015fiyor. Af\u015fin&#8217;e ba\u011fl\u0131 Sevin y\u00f6resi Binbo\u011fa Mahallesi s\u0131n\u0131rlar\u0131nda bulunan Daml\u0131yurt mevkiinde Ay\u0131 g\u00f6r\u00fcnt\u00fclendi. Mahalle sakinlerinin kameras\u0131na yans\u0131yan<\/p>\n","protected":false},"author":1,"featured_media":5790,"comment_status":"open","ping_status":"open","sticky":false,"template":"","format":"standard","meta":{"_jetpack_memberships_contains_paid_content":false,"footnotes":""},"categories":[9,8,3,1],"tags":[],"class_list":["post-5788","post","type-post","status-publish","format-standard","has-post-thumbnail","hentry","category-binboga","category-kucuk-sevin","category-manset-haber","category-yoremizden"],"jetpack_featured_media_url":"https:\/\/afsinyedisevin.com\/wp-content\/uploads\/2025\/05\/siyah-renkbgf.jpg","jetpack_sharing_enabled":true,"_links":{"self":[{"href":"https:\/\/afsinyedisevin.com\/index.php\/wp-json\/wp\/v2\/posts\/5788","targetHints":{"allow":["GET"]}}],"collection":[{"href":"https:\/\/afsinyedisevin.com\/index.php\/wp-json\/wp\/v2\/posts"}],"about":[{"href":"https:\/\/afsinyedisevin.com\/index.php\/wp-json\/wp\/v2\/types\/post"}],"author":[{"embeddable":true,"href":"https:\/\/afsinyedisevin.com\/index.php\/wp-json\/wp\/v2\/users\/1"}],"replies":[{"embeddable":true,"href":"https:\/\/afsinyedisevin.com\/index.php\/wp-json\/wp\/v2\/comments?post=5788"}],"version-history":[{"count":1,"href":"https:\/\/afsinyedisevin.com\/index.php\/wp-json\/wp\/v2\/posts\/5788\/revisions"}],"predecessor-version":[{"id":5791,"href":"https:\/\/afsinyedisevin.com\/index.php\/wp-json\/wp\/v2\/posts\/5788\/revisions\/5791"}],"wp:featuredmedia":[{"embeddable":true,"href":"https:\/\/afsinyedisevin.com\/index.php\/wp-json\/wp\/v2\/media\/5790"}],"wp:attachment":[{"href":"https:\/\/afsinyedisevin.com\/index.php\/wp-json\/wp\/v2\/media?parent=5788"}],"wp:term":[{"taxonomy":"category","embeddable":true,"href":"https:\/\/afsinyedisevin.com\/index.php\/wp-json\/wp\/v2\/categories?post=5788"},{"taxonomy":"post_tag","embeddable":true,"href":"https:\/\/afsinyedisevin.com\/index.php\/wp-json\/wp\/v2\/tags?post=5788"}],"curies":[{"name":"wp","href":"https:\/\/api.w.org\/{rel}","templated":true}]}}