{"id":5700,"date":"2025-04-03T15:29:59","date_gmt":"2025-04-03T15:29:59","guid":{"rendered":"https:\/\/afsinyedisevin.com\/?p=5700"},"modified":"2025-04-03T15:39:18","modified_gmt":"2025-04-03T15:39:18","slug":"idris-demir-vefat-etti","status":"publish","type":"post","link":"https:\/\/afsinyedisevin.com\/index.php\/2025\/04\/03\/idris-demir-vefat-etti\/","title":{"rendered":"\u0130dris Demir vefat etti."},"content":{"rendered":"<p style=\"text-align: justify;\"><strong><img loading=\"lazy\" decoding=\"async\" class=\"alignnone size-full wp-image-4809\" src=\"https:\/\/afsinyedisevin.com\/wp-content\/uploads\/2024\/01\/halild5.jpg\" alt=\"\" width=\"302\" height=\"202\" srcset=\"https:\/\/afsinyedisevin.com\/wp-content\/uploads\/2024\/01\/halild5.jpg 302w, https:\/\/afsinyedisevin.com\/wp-content\/uploads\/2024\/01\/halild5-300x201.jpg 300w\" sizes=\"(max-width: 302px) 100vw, 302px\" \/><\/strong><\/p>\n<p style=\"text-align: justify;\"><strong><img loading=\"lazy\" decoding=\"async\" class=\"alignnone size-full wp-image-5701\" src=\"https:\/\/afsinyedisevin.com\/wp-content\/uploads\/2025\/04\/467397472_10233465848483977_6023953520904333177_n.jpg\" alt=\"\" width=\"700\" height=\"709\" srcset=\"https:\/\/afsinyedisevin.com\/wp-content\/uploads\/2025\/04\/467397472_10233465848483977_6023953520904333177_n.jpg 700w, https:\/\/afsinyedisevin.com\/wp-content\/uploads\/2025\/04\/467397472_10233465848483977_6023953520904333177_n-296x300.jpg 296w\" sizes=\"(max-width: 700px) 100vw, 700px\" \/><\/strong><\/p>\n<p style=\"text-align: justify;\"><strong>Sevin\/\u00d6renderesi Mahallesinden, Af\u015fin Milli E\u011fitim M\u00fcd\u00fcrl\u00fc\u011f\u00fc Personellerinden, Veli,Orhan ve Abdullah Demir&#8217;in karde\u015fleri,Serkan ve \u00d6zkan Demir&#8217;in babalar\u0131 \u0130dris Demir vefat etti.<\/strong><\/p>\n<p style=\"text-align: justify;\"><strong>Cenazesi 04 Nisan 2025 Cuma g\u00fcn\u00fc Cuma namaz\u0131na m\u00fcteakiben Ashab-\u0131 Kehf Camii \u015eerifinde k\u0131l\u0131nacak namaz\u0131n ard\u0131ndan Asri Mezarl\u0131kta topra\u011fa verilecek.<\/strong><\/p>\n<p style=\"text-align: justify;\"><strong>Kur&#8217;an-\u0131 Kerimi Alparslan Mahallesi Hz.\u00d6mer Camii yan\u0131nda Taziye evinde okunacak.<\/strong><\/p>\n<p style=\"text-align: justify;\"><strong>Taziye i\u00e7in;<\/strong><\/p>\n<p style=\"text-align: justify;\"><strong>Karde\u015fi Veli Demir-0 544 489 3122<\/strong><\/p>\n<p style=\"text-align: justify;\"><strong>Allah rahmet eylesin.<\/strong><\/p>\n","protected":false},"excerpt":{"rendered":"<p>Sevin\/\u00d6renderesi Mahallesinden, Af\u015fin Milli E\u011fitim M\u00fcd\u00fcrl\u00fc\u011f\u00fc Personellerinden, Veli,Orhan ve Abdullah Demir&#8217;in karde\u015fleri,Serkan ve \u00d6zkan Demir&#8217;in babalar\u0131 \u0130dris Demir vefat etti. Cenazesi 04 Nisan 2025<\/p>\n","protected":false},"author":1,"featured_media":5702,"comment_status":"open","ping_status":"open","sticky":false,"template":"","format":"standard","meta":{"_jetpack_memberships_contains_paid_content":false,"footnotes":""},"categories":[3,10,4,1],"tags":[],"class_list":["post-5700","post","type-post","status-publish","format-standard","has-post-thumbnail","hentry","category-manset-haber","category-orenderesi","category-vefatlar","category-yoremizden"],"jetpack_featured_media_url":"https:\/\/afsinyedisevin.com\/wp-content\/uploads\/2025\/04\/siyah-renkTU.jpg","jetpack_sharing_enabled":true,"_links":{"self":[{"href":"https:\/\/afsinyedisevin.com\/index.php\/wp-json\/wp\/v2\/posts\/5700","targetHints":{"allow":["GET"]}}],"collection":[{"href":"https:\/\/afsinyedisevin.com\/index.php\/wp-json\/wp\/v2\/posts"}],"about":[{"href":"https:\/\/afsinyedisevin.com\/index.php\/wp-json\/wp\/v2\/types\/post"}],"author":[{"embeddable":true,"href":"https:\/\/afsinyedisevin.com\/index.php\/wp-json\/wp\/v2\/users\/1"}],"replies":[{"embeddable":true,"href":"https:\/\/afsinyedisevin.com\/index.php\/wp-json\/wp\/v2\/comments?post=5700"}],"version-history":[{"count":2,"href":"https:\/\/afsinyedisevin.com\/index.php\/wp-json\/wp\/v2\/posts\/5700\/revisions"}],"predecessor-version":[{"id":5704,"href":"https:\/\/afsinyedisevin.com\/index.php\/wp-json\/wp\/v2\/posts\/5700\/revisions\/5704"}],"wp:featuredmedia":[{"embeddable":true,"href":"https:\/\/afsinyedisevin.com\/index.php\/wp-json\/wp\/v2\/media\/5702"}],"wp:attachment":[{"href":"https:\/\/afsinyedisevin.com\/index.php\/wp-json\/wp\/v2\/media?parent=5700"}],"wp:term":[{"taxonomy":"category","embeddable":true,"href":"https:\/\/afsinyedisevin.com\/index.php\/wp-json\/wp\/v2\/categories?post=5700"},{"taxonomy":"post_tag","embeddable":true,"href":"https:\/\/afsinyedisevin.com\/index.php\/wp-json\/wp\/v2\/tags?post=5700"}],"curies":[{"name":"wp","href":"https:\/\/api.w.org\/{rel}","templated":true}]}}