{"id":5685,"date":"2025-03-18T06:11:37","date_gmt":"2025-03-18T06:11:37","guid":{"rendered":"https:\/\/afsinyedisevin.com\/?p=5685"},"modified":"2025-03-18T06:11:37","modified_gmt":"2025-03-18T06:11:37","slug":"elif-ertugrul-vefat-etti","status":"publish","type":"post","link":"https:\/\/afsinyedisevin.com\/index.php\/2025\/03\/18\/elif-ertugrul-vefat-etti\/","title":{"rendered":"Elif Ertu\u011frul vefat etti."},"content":{"rendered":"<p style=\"text-align: justify;\"><strong><img loading=\"lazy\" decoding=\"async\" class=\"alignnone size-full wp-image-5252\" src=\"https:\/\/afsinyedisevin.com\/wp-content\/uploads\/2024\/09\/SULEYMAN.jpg\" alt=\"\" width=\"702\" height=\"152\" srcset=\"https:\/\/afsinyedisevin.com\/wp-content\/uploads\/2024\/09\/SULEYMAN.jpg 702w, https:\/\/afsinyedisevin.com\/wp-content\/uploads\/2024\/09\/SULEYMAN-300x65.jpg 300w\" sizes=\"(max-width: 702px) 100vw, 702px\" \/><\/strong><\/p>\n<p><img loading=\"lazy\" decoding=\"async\" class=\"alignnone size-full wp-image-5687\" src=\"https:\/\/afsinyedisevin.com\/wp-content\/uploads\/2025\/03\/WhatsApp-Image-2025-03-18-at-09.00.43IJH.jpeg\" alt=\"\" width=\"700\" height=\"501\" srcset=\"https:\/\/afsinyedisevin.com\/wp-content\/uploads\/2025\/03\/WhatsApp-Image-2025-03-18-at-09.00.43IJH.jpeg 700w, https:\/\/afsinyedisevin.com\/wp-content\/uploads\/2025\/03\/WhatsApp-Image-2025-03-18-at-09.00.43IJH-300x215.jpeg 300w\" sizes=\"(max-width: 700px) 100vw, 700px\" \/><\/p>\n<p style=\"text-align: justify;\"><strong>Aslen B\u00fcy\u00fcksevin Mahallesinden olup, H\u00fcseyin ve \u015eemsi Arslan&#8217;\u0131n k\u0131z\u0131, T\u00fcrksevin Mahallesinden Merhum Halil Ertu\u011frul&#8217;un han\u0131m\u0131,Semag\u00fcl,Meral,Fadime,G\u00fcls\u00fcm,C\u00fcneyt ve Eseng\u00fcl karde\u015flerin anneleri Elif Ertu\u011frul vefat etti.<\/strong><\/p>\n<p style=\"text-align: justify;\"><strong>Cenazesi bug\u00fcn \u00f6\u011fle namaz\u0131na m\u00fcteakiben Ashab-\u0131 Kehf Camii \u015eerifinde k\u0131l\u0131nacak namaz\u0131n ard\u0131ndan T\u00fcrksevin mahallesinde topra\u011fa verilecek.<\/strong><\/p>\n<p style=\"text-align: justify;\"><strong>Kur&#8217;an-\u0131 Kerimi Alparslan Mahallesi Kemer Sokak Odun Ambar\u0131 yan\u0131nda okunacak.<\/strong><\/p>\n<p style=\"text-align: justify;\"><strong>Taziye i\u00e7in;<\/strong><\/p>\n<p style=\"text-align: justify;\"><strong>Eni\u015ftesi-Ramazan Ertu\u011frul- 0543 673 21 38<\/strong><\/p>\n<p style=\"text-align: justify;\"><strong>Allah rahmet eylesin.<\/strong><\/p>\n","protected":false},"excerpt":{"rendered":"<p>Aslen B\u00fcy\u00fcksevin Mahallesinden olup, H\u00fcseyin ve \u015eemsi Arslan&#8217;\u0131n k\u0131z\u0131, T\u00fcrksevin Mahallesinden Merhum Halil Ertu\u011frul&#8217;un han\u0131m\u0131,Semag\u00fcl,Meral,Fadime,G\u00fcls\u00fcm,C\u00fcneyt ve Eseng\u00fcl karde\u015flerin anneleri Elif Ertu\u011frul vefat etti. Cenazesi<\/p>\n","protected":false},"author":1,"featured_media":5686,"comment_status":"open","ping_status":"open","sticky":false,"template":"","format":"standard","meta":{"_jetpack_memberships_contains_paid_content":false,"footnotes":""},"categories":[6,3,7,4],"tags":[],"class_list":["post-5685","post","type-post","status-publish","format-standard","has-post-thumbnail","hentry","category-buyuk-sevin","category-manset-haber","category-turk-sevin","category-vefatlar"],"jetpack_featured_media_url":"https:\/\/afsinyedisevin.com\/wp-content\/uploads\/2025\/03\/siyah-renkjl.jpg","jetpack_sharing_enabled":true,"_links":{"self":[{"href":"https:\/\/afsinyedisevin.com\/index.php\/wp-json\/wp\/v2\/posts\/5685","targetHints":{"allow":["GET"]}}],"collection":[{"href":"https:\/\/afsinyedisevin.com\/index.php\/wp-json\/wp\/v2\/posts"}],"about":[{"href":"https:\/\/afsinyedisevin.com\/index.php\/wp-json\/wp\/v2\/types\/post"}],"author":[{"embeddable":true,"href":"https:\/\/afsinyedisevin.com\/index.php\/wp-json\/wp\/v2\/users\/1"}],"replies":[{"embeddable":true,"href":"https:\/\/afsinyedisevin.com\/index.php\/wp-json\/wp\/v2\/comments?post=5685"}],"version-history":[{"count":1,"href":"https:\/\/afsinyedisevin.com\/index.php\/wp-json\/wp\/v2\/posts\/5685\/revisions"}],"predecessor-version":[{"id":5688,"href":"https:\/\/afsinyedisevin.com\/index.php\/wp-json\/wp\/v2\/posts\/5685\/revisions\/5688"}],"wp:featuredmedia":[{"embeddable":true,"href":"https:\/\/afsinyedisevin.com\/index.php\/wp-json\/wp\/v2\/media\/5686"}],"wp:attachment":[{"href":"https:\/\/afsinyedisevin.com\/index.php\/wp-json\/wp\/v2\/media?parent=5685"}],"wp:term":[{"taxonomy":"category","embeddable":true,"href":"https:\/\/afsinyedisevin.com\/index.php\/wp-json\/wp\/v2\/categories?post=5685"},{"taxonomy":"post_tag","embeddable":true,"href":"https:\/\/afsinyedisevin.com\/index.php\/wp-json\/wp\/v2\/tags?post=5685"}],"curies":[{"name":"wp","href":"https:\/\/api.w.org\/{rel}","templated":true}]}}