{"id":5614,"date":"2025-01-09T08:55:09","date_gmt":"2025-01-09T08:55:09","guid":{"rendered":"https:\/\/afsinyedisevin.com\/?p=5614"},"modified":"2025-01-09T08:55:09","modified_gmt":"2025-01-09T08:55:09","slug":"halil-yildirim-vefat-etti","status":"publish","type":"post","link":"https:\/\/afsinyedisevin.com\/index.php\/2025\/01\/09\/halil-yildirim-vefat-etti\/","title":{"rendered":"Halil Y\u0131ld\u0131r\u0131m vefat etti."},"content":{"rendered":"<p style=\"text-align: justify;\"><strong><img loading=\"lazy\" decoding=\"async\" class=\"alignnone size-full wp-image-4809\" src=\"https:\/\/afsinyedisevin.com\/wp-content\/uploads\/2024\/01\/halild5.jpg\" alt=\"\" width=\"302\" height=\"202\" srcset=\"https:\/\/afsinyedisevin.com\/wp-content\/uploads\/2024\/01\/halild5.jpg 302w, https:\/\/afsinyedisevin.com\/wp-content\/uploads\/2024\/01\/halild5-300x201.jpg 300w\" sizes=\"(max-width: 302px) 100vw, 302px\" \/><\/strong><\/p>\n<p style=\"text-align: justify;\"><strong><img loading=\"lazy\" decoding=\"async\" class=\"alignnone size-full wp-image-5615\" src=\"https:\/\/afsinyedisevin.com\/wp-content\/uploads\/2025\/01\/WhatsApp-Image-2025-01-09-at-11.39.48YI.jpeg\" alt=\"\" width=\"828\" height=\"559\" srcset=\"https:\/\/afsinyedisevin.com\/wp-content\/uploads\/2025\/01\/WhatsApp-Image-2025-01-09-at-11.39.48YI.jpeg 828w, https:\/\/afsinyedisevin.com\/wp-content\/uploads\/2025\/01\/WhatsApp-Image-2025-01-09-at-11.39.48YI-300x203.jpeg 300w, https:\/\/afsinyedisevin.com\/wp-content\/uploads\/2025\/01\/WhatsApp-Image-2025-01-09-at-11.39.48YI-768x518.jpeg 768w\" sizes=\"(max-width: 828px) 100vw, 828px\" \/><\/strong><\/p>\n<p style=\"text-align: justify;\"><strong>Aslen T\u00fcrksevin mahallesinden olup\u00a0 Ye\u015filyurt mahallesinde ikamet eden, Halil, Do\u011fan, Yusuf, \u0130lhan, Kenan ve \u0130smail Y\u0131ld\u0131r\u0131m&#8217;\u0131n babalar\u0131 Halil Y\u0131ld\u0131r\u0131m (94) vefat etti.<\/strong><\/p>\n<p style=\"text-align: justify;\"><strong>Cenazesi \u00f6\u011fle namaz\u0131na m\u00fcteakiben Ashab-\u0131 Kehf Camii \u015eerifinde k\u0131l\u0131nacak namaz\u0131n ard\u0131ndan Asri Mezarl\u0131kta topra\u011fa verilecek.<\/strong><\/p>\n<p style=\"text-align: justify;\"><strong> Taziye yeri; Ye\u015filyurt mahallesi Kandil sokak. Kendi evi<\/strong><\/p>\n<p style=\"text-align: justify;\"><strong>Taziye i\u00e7in;<\/strong><\/p>\n<p style=\"text-align: justify;\"><strong>Do\u011fan Y\u0131ld\u0131r\u0131m- o\u011flu 0 (506) 376 21 86<\/strong><\/p>\n<p style=\"text-align: justify;\"><strong>Allah rahmet eylesin.<\/strong><\/p>\n<p style=\"text-align: justify;\">\n","protected":false},"excerpt":{"rendered":"<p>Aslen T\u00fcrksevin mahallesinden olup\u00a0 Ye\u015filyurt mahallesinde ikamet eden, Halil, Do\u011fan, Yusuf, \u0130lhan, Kenan ve \u0130smail Y\u0131ld\u0131r\u0131m&#8217;\u0131n babalar\u0131 Halil Y\u0131ld\u0131r\u0131m (94) vefat etti. Cenazesi \u00f6\u011fle<\/p>\n","protected":false},"author":1,"featured_media":5616,"comment_status":"open","ping_status":"open","sticky":false,"template":"","format":"standard","meta":{"_jetpack_memberships_contains_paid_content":false,"footnotes":""},"categories":[3,7,4,1],"tags":[],"class_list":["post-5614","post","type-post","status-publish","format-standard","has-post-thumbnail","hentry","category-manset-haber","category-turk-sevin","category-vefatlar","category-yoremizden"],"jetpack_featured_media_url":"https:\/\/afsinyedisevin.com\/wp-content\/uploads\/2025\/01\/WhatsApp-Image-2025-01-09-at-11.39.48YII.jpeg","jetpack_sharing_enabled":true,"_links":{"self":[{"href":"https:\/\/afsinyedisevin.com\/index.php\/wp-json\/wp\/v2\/posts\/5614","targetHints":{"allow":["GET"]}}],"collection":[{"href":"https:\/\/afsinyedisevin.com\/index.php\/wp-json\/wp\/v2\/posts"}],"about":[{"href":"https:\/\/afsinyedisevin.com\/index.php\/wp-json\/wp\/v2\/types\/post"}],"author":[{"embeddable":true,"href":"https:\/\/afsinyedisevin.com\/index.php\/wp-json\/wp\/v2\/users\/1"}],"replies":[{"embeddable":true,"href":"https:\/\/afsinyedisevin.com\/index.php\/wp-json\/wp\/v2\/comments?post=5614"}],"version-history":[{"count":1,"href":"https:\/\/afsinyedisevin.com\/index.php\/wp-json\/wp\/v2\/posts\/5614\/revisions"}],"predecessor-version":[{"id":5617,"href":"https:\/\/afsinyedisevin.com\/index.php\/wp-json\/wp\/v2\/posts\/5614\/revisions\/5617"}],"wp:featuredmedia":[{"embeddable":true,"href":"https:\/\/afsinyedisevin.com\/index.php\/wp-json\/wp\/v2\/media\/5616"}],"wp:attachment":[{"href":"https:\/\/afsinyedisevin.com\/index.php\/wp-json\/wp\/v2\/media?parent=5614"}],"wp:term":[{"taxonomy":"category","embeddable":true,"href":"https:\/\/afsinyedisevin.com\/index.php\/wp-json\/wp\/v2\/categories?post=5614"},{"taxonomy":"post_tag","embeddable":true,"href":"https:\/\/afsinyedisevin.com\/index.php\/wp-json\/wp\/v2\/tags?post=5614"}],"curies":[{"name":"wp","href":"https:\/\/api.w.org\/{rel}","templated":true}]}}