{"id":5576,"date":"2024-12-21T08:27:35","date_gmt":"2024-12-21T08:27:35","guid":{"rendered":"https:\/\/afsinyedisevin.com\/?p=5576"},"modified":"2024-12-21T08:27:35","modified_gmt":"2024-12-21T08:27:35","slug":"cuma-akkaya-vefat-etti","status":"publish","type":"post","link":"https:\/\/afsinyedisevin.com\/index.php\/2024\/12\/21\/cuma-akkaya-vefat-etti\/","title":{"rendered":"Cuma Akkaya vefat etti."},"content":{"rendered":"<p style=\"text-align: justify;\"><strong><img loading=\"lazy\" decoding=\"async\" src=\"https:\/\/afsinyedisevin.com\/wp-content\/uploads\/2024\/01\/halild5.jpg\" alt=\"\" width=\"302\" height=\"202\" \/><\/strong><\/p>\n<p><img loading=\"lazy\" decoding=\"async\" class=\"alignnone size-full wp-image-5577\" src=\"https:\/\/afsinyedisevin.com\/wp-content\/uploads\/2024\/12\/471049437_9112587012143943_3306720813661001550_n.jpg\" alt=\"\" width=\"700\" height=\"812\" srcset=\"https:\/\/afsinyedisevin.com\/wp-content\/uploads\/2024\/12\/471049437_9112587012143943_3306720813661001550_n.jpg 700w, https:\/\/afsinyedisevin.com\/wp-content\/uploads\/2024\/12\/471049437_9112587012143943_3306720813661001550_n-259x300.jpg 259w\" sizes=\"(max-width: 700px) 100vw, 700px\" \/><\/p>\n<div style=\"text-align: justify;\">\n<div dir=\"auto\"><strong>Aslen B\u00fcy\u00fcksevin Mahallesinden olup \u0130stanbul&#8217;da istikamet eden Cuma Akkaya vefat etti.<\/strong><\/div>\n<div dir=\"auto\"><strong>Cenazesi d\u00fcn Ashab-\u0131 Kehf Camii \u015eerifinde k\u0131l\u0131nan namaz\u0131n ard\u0131ndan Af\u015fin Asri mezarl\u0131\u011f\u0131nda topra\u011fa verildi.<\/strong><\/div>\n<\/div>\n<div>\n<div dir=\"auto\" style=\"text-align: justify;\"><\/div>\n<div dir=\"auto\" style=\"text-align: justify;\"><strong>Taziye Yeri Beyce\u011fiz mahallesi Taziye \u00c7ad\u0131r\u0131.<\/strong><\/div>\n<div dir=\"auto\" style=\"text-align: justify;\"><strong>Taziye i\u00e7in (o\u011flu ) \u0130hsan AKKAYA 0 505 875 30 09<\/strong><\/div>\n<div dir=\"auto\" style=\"text-align: justify;\"><strong>Allah rahmet eylesin.<\/strong><\/div>\n<div dir=\"auto\" style=\"text-align: justify;\"><\/div>\n<div dir=\"auto\" style=\"text-align: justify;\"><\/div>\n<\/div>\n","protected":false},"excerpt":{"rendered":"<p>Aslen B\u00fcy\u00fcksevin Mahallesinden olup \u0130stanbul&#8217;da istikamet eden Cuma Akkaya vefat etti. Cenazesi d\u00fcn Ashab-\u0131 Kehf Camii \u015eerifinde k\u0131l\u0131nan namaz\u0131n ard\u0131ndan Af\u015fin Asri mezarl\u0131\u011f\u0131nda topra\u011fa<\/p>\n","protected":false},"author":1,"featured_media":5579,"comment_status":"open","ping_status":"open","sticky":false,"template":"","format":"standard","meta":{"_jetpack_memberships_contains_paid_content":false,"footnotes":""},"categories":[6,3,4,1],"tags":[],"class_list":["post-5576","post","type-post","status-publish","format-standard","has-post-thumbnail","hentry","category-buyuk-sevin","category-manset-haber","category-vefatlar","category-yoremizden"],"jetpack_featured_media_url":"https:\/\/afsinyedisevin.com\/wp-content\/uploads\/2024\/12\/siyah-renk.jpg","jetpack_sharing_enabled":true,"_links":{"self":[{"href":"https:\/\/afsinyedisevin.com\/index.php\/wp-json\/wp\/v2\/posts\/5576","targetHints":{"allow":["GET"]}}],"collection":[{"href":"https:\/\/afsinyedisevin.com\/index.php\/wp-json\/wp\/v2\/posts"}],"about":[{"href":"https:\/\/afsinyedisevin.com\/index.php\/wp-json\/wp\/v2\/types\/post"}],"author":[{"embeddable":true,"href":"https:\/\/afsinyedisevin.com\/index.php\/wp-json\/wp\/v2\/users\/1"}],"replies":[{"embeddable":true,"href":"https:\/\/afsinyedisevin.com\/index.php\/wp-json\/wp\/v2\/comments?post=5576"}],"version-history":[{"count":1,"href":"https:\/\/afsinyedisevin.com\/index.php\/wp-json\/wp\/v2\/posts\/5576\/revisions"}],"predecessor-version":[{"id":5581,"href":"https:\/\/afsinyedisevin.com\/index.php\/wp-json\/wp\/v2\/posts\/5576\/revisions\/5581"}],"wp:featuredmedia":[{"embeddable":true,"href":"https:\/\/afsinyedisevin.com\/index.php\/wp-json\/wp\/v2\/media\/5579"}],"wp:attachment":[{"href":"https:\/\/afsinyedisevin.com\/index.php\/wp-json\/wp\/v2\/media?parent=5576"}],"wp:term":[{"taxonomy":"category","embeddable":true,"href":"https:\/\/afsinyedisevin.com\/index.php\/wp-json\/wp\/v2\/categories?post=5576"},{"taxonomy":"post_tag","embeddable":true,"href":"https:\/\/afsinyedisevin.com\/index.php\/wp-json\/wp\/v2\/tags?post=5576"}],"curies":[{"name":"wp","href":"https:\/\/api.w.org\/{rel}","templated":true}]}}