{"id":5570,"date":"2024-12-19T09:10:08","date_gmt":"2024-12-19T09:10:08","guid":{"rendered":"https:\/\/afsinyedisevin.com\/?p=5570"},"modified":"2024-12-19T09:10:08","modified_gmt":"2024-12-19T09:10:08","slug":"karaoglan-koleji-fen-lisesi-muduru-halis-ozturke-ziyaret","status":"publish","type":"post","link":"https:\/\/afsinyedisevin.com\/index.php\/2024\/12\/19\/karaoglan-koleji-fen-lisesi-muduru-halis-ozturke-ziyaret\/","title":{"rendered":"Karao\u011flan Koleji Fen Lisesi M\u00fcd\u00fcr\u00fc Halis \u00d6zt\u00fcrk&#8217;e ziyaret."},"content":{"rendered":"<p style=\"text-align: justify;\"><img loading=\"lazy\" decoding=\"async\" class=\"alignnone size-full wp-image-5252\" src=\"https:\/\/afsinyedisevin.com\/wp-content\/uploads\/2024\/09\/SULEYMAN.jpg\" alt=\"\" width=\"702\" height=\"152\" srcset=\"https:\/\/afsinyedisevin.com\/wp-content\/uploads\/2024\/09\/SULEYMAN.jpg 702w, https:\/\/afsinyedisevin.com\/wp-content\/uploads\/2024\/09\/SULEYMAN-300x65.jpg 300w\" sizes=\"(max-width: 702px) 100vw, 702px\" \/><img loading=\"lazy\" decoding=\"async\" class=\"alignnone size-full wp-image-5574\" src=\"https:\/\/afsinyedisevin.com\/wp-content\/uploads\/2024\/12\/WhatsApp-Image-2024-12-17-at-19.04.43-2.jpeg\" alt=\"\" width=\"700\" height=\"419\" srcset=\"https:\/\/afsinyedisevin.com\/wp-content\/uploads\/2024\/12\/WhatsApp-Image-2024-12-17-at-19.04.43-2.jpeg 700w, https:\/\/afsinyedisevin.com\/wp-content\/uploads\/2024\/12\/WhatsApp-Image-2024-12-17-at-19.04.43-2-300x180.jpeg 300w, https:\/\/afsinyedisevin.com\/wp-content\/uploads\/2024\/12\/WhatsApp-Image-2024-12-17-at-19.04.43-2-184x109.jpeg 184w\" sizes=\"(max-width: 700px) 100vw, 700px\" \/><\/p>\n<p style=\"text-align: justify;\"><strong>Merkez Yay\u0131n Grubu Genel Yay\u0131n Y\u00f6netmeni Halil Demir ve Elbistan Haber Merkezi Ali Do\u011fan Karao\u011flan Koleji Fen Lisesi M\u00fcd\u00fcr\u00fc hem\u015fehrimiz Halis \u00d6zt\u00fcrk\u2019e nezaket ziyaretinde bulundular.<\/strong><\/p>\n<p style=\"text-align: justify;\"><strong>Af\u015fin \u00d6zel Karao\u011flan E\u011fitim Kurumlar\u0131 Fen Lisesi M\u00fcd\u00fcrl\u00fc\u011f\u00fc g\u00f6revini uzun s\u00fcredir y\u00fcr\u00fcten hem\u015fehrimiz Halis \u00d6zt\u00fcrk, ziyaretten duydu\u011fu memnuniyeti ifade ederek te\u015fekk\u00fcr etti.<\/strong><\/p>\n<p style=\"text-align: justify;\">\n<p style=\"text-align: justify;\"><strong>Halis \u00d6zt\u00fcrk Kimdir?<\/strong><\/p>\n<p style=\"text-align: justify;\"><strong>15 Aral\u0131k 1973 tarihinde Af\u015fin\u2019de do\u011fdu.Aslen T\u00fcrksevin Mahallesindendir. 1992 y\u0131l\u0131nda Af\u015fin lisesinden mezun oldu. \u00d6mer Halisdemir \u00dcniversitesi\u2019nde Beden E\u011fitimi \u00d6\u011fretmenli\u011fi\u2019nden 2000 y\u0131l\u0131nda mezun oldu. 2022 y\u0131l\u0131nda baz\u0131 \u00d6zel \u00d6\u011fretim Kurumlar\u0131nda idareci ve \u00f6\u011fretmenlik yapt\u0131. Evli ve 3 k\u0131z babas\u0131d\u0131r.<\/strong><\/p>\n<p><img loading=\"lazy\" decoding=\"async\" class=\"alignnone size-full wp-image-5571\" src=\"https:\/\/afsinyedisevin.com\/wp-content\/uploads\/2024\/12\/IMG_20241217_142718.jpg\" alt=\"\" width=\"700\" height=\"525\" srcset=\"https:\/\/afsinyedisevin.com\/wp-content\/uploads\/2024\/12\/IMG_20241217_142718.jpg 700w, https:\/\/afsinyedisevin.com\/wp-content\/uploads\/2024\/12\/IMG_20241217_142718-300x225.jpg 300w\" sizes=\"(max-width: 700px) 100vw, 700px\" \/> <img loading=\"lazy\" decoding=\"async\" class=\"alignnone size-full wp-image-5572\" src=\"https:\/\/afsinyedisevin.com\/wp-content\/uploads\/2024\/12\/IMG_20241217_143010.jpg\" alt=\"\" width=\"700\" height=\"525\" srcset=\"https:\/\/afsinyedisevin.com\/wp-content\/uploads\/2024\/12\/IMG_20241217_143010.jpg 700w, https:\/\/afsinyedisevin.com\/wp-content\/uploads\/2024\/12\/IMG_20241217_143010-300x225.jpg 300w\" sizes=\"(max-width: 700px) 100vw, 700px\" \/><\/p>\n","protected":false},"excerpt":{"rendered":"<p>Merkez Yay\u0131n Grubu Genel Yay\u0131n Y\u00f6netmeni Halil Demir ve Elbistan Haber Merkezi Ali Do\u011fan Karao\u011flan Koleji Fen Lisesi M\u00fcd\u00fcr\u00fc hem\u015fehrimiz Halis \u00d6zt\u00fcrk\u2019e nezaket ziyaretinde<\/p>\n","protected":false},"author":1,"featured_media":5573,"comment_status":"open","ping_status":"open","sticky":false,"template":"","format":"standard","meta":{"_jetpack_memberships_contains_paid_content":false,"footnotes":""},"categories":[3,13,7,1],"tags":[],"class_list":["post-5570","post","type-post","status-publish","format-standard","has-post-thumbnail","hentry","category-manset-haber","category-okul-mudurleri","category-turk-sevin","category-yoremizden"],"jetpack_featured_media_url":"https:\/\/afsinyedisevin.com\/wp-content\/uploads\/2024\/12\/IMG_20241217_143012uo.jpg","jetpack_sharing_enabled":true,"_links":{"self":[{"href":"https:\/\/afsinyedisevin.com\/index.php\/wp-json\/wp\/v2\/posts\/5570","targetHints":{"allow":["GET"]}}],"collection":[{"href":"https:\/\/afsinyedisevin.com\/index.php\/wp-json\/wp\/v2\/posts"}],"about":[{"href":"https:\/\/afsinyedisevin.com\/index.php\/wp-json\/wp\/v2\/types\/post"}],"author":[{"embeddable":true,"href":"https:\/\/afsinyedisevin.com\/index.php\/wp-json\/wp\/v2\/users\/1"}],"replies":[{"embeddable":true,"href":"https:\/\/afsinyedisevin.com\/index.php\/wp-json\/wp\/v2\/comments?post=5570"}],"version-history":[{"count":1,"href":"https:\/\/afsinyedisevin.com\/index.php\/wp-json\/wp\/v2\/posts\/5570\/revisions"}],"predecessor-version":[{"id":5575,"href":"https:\/\/afsinyedisevin.com\/index.php\/wp-json\/wp\/v2\/posts\/5570\/revisions\/5575"}],"wp:featuredmedia":[{"embeddable":true,"href":"https:\/\/afsinyedisevin.com\/index.php\/wp-json\/wp\/v2\/media\/5573"}],"wp:attachment":[{"href":"https:\/\/afsinyedisevin.com\/index.php\/wp-json\/wp\/v2\/media?parent=5570"}],"wp:term":[{"taxonomy":"category","embeddable":true,"href":"https:\/\/afsinyedisevin.com\/index.php\/wp-json\/wp\/v2\/categories?post=5570"},{"taxonomy":"post_tag","embeddable":true,"href":"https:\/\/afsinyedisevin.com\/index.php\/wp-json\/wp\/v2\/tags?post=5570"}],"curies":[{"name":"wp","href":"https:\/\/api.w.org\/{rel}","templated":true}]}}