{"id":55,"date":"2019-12-28T09:15:46","date_gmt":"2019-12-28T09:15:46","guid":{"rendered":"http:\/\/www.afsinyedisevin.com\/?p=55"},"modified":"2019-12-28T14:13:29","modified_gmt":"2019-12-28T14:13:29","slug":"yedisevin-yayin-hayatina-basliyor-5","status":"publish","type":"post","link":"https:\/\/afsinyedisevin.com\/index.php\/2019\/12\/28\/yedisevin-yayin-hayatina-basliyor-5\/","title":{"rendered":"Af\u015fin Haber Merkezi Sevin Gurubu Muhtarlar\u0131n\u0131 a\u011f\u0131rlad\u0131!"},"content":{"rendered":"<p><img loading=\"lazy\" decoding=\"async\" class=\"alignnone size-full wp-image-113\" src=\"https:\/\/afsinyedisevin.com\/wp-content\/uploads\/2019\/12\/ahalil.jpg\" alt=\"\" width=\"300\" height=\"194\" srcset=\"https:\/\/afsinyedisevin.com\/wp-content\/uploads\/2019\/12\/ahalil.jpg 300w, https:\/\/afsinyedisevin.com\/wp-content\/uploads\/2019\/12\/ahalil-115x73.jpg 115w\" sizes=\"(max-width: 300px) 100vw, 300px\" \/><\/p>\n<p><strong>Af\u015fin Merkez Yay\u0131n Gurubu \u0130l\u00e7emiz Merkez ve K\u0131rsal Mahalleleri Muhtarlar\u0131yla toplant\u0131lar\u0131na ba\u015flad\u0131.\u0130lk toplant\u0131 Sevin Gurubu Mahalle Muhtarlar\u0131yla yap\u0131ld\u0131.<\/strong><\/p>\n<p><strong>D\u00fcn Af\u015fin Haber Merkezinde ger\u00e7ekle\u015fen etkinli\u011fe B\u00fcy\u00fcksevin Mahallesi Muhtar\u0131 Mustafa T\u00fcrkmen,T\u00fcrksevin Mahallesi Muhtar\u0131 Mustafa Soydan,\u00d6renderesi Mahallesi Muhtar\u0131 \u0130smail \u00d6zdemir,K\u00fc\u00e7\u00fcksevin Mahallesi Muhtar\u0131 Yasin \u00d6zer,Binbo\u011fa Mahallesi Muhtar\u0131 S\u00fcleyman \u00c7inpolat ve Beyce\u011fiz Mahallesi Muhtar\u0131 G\u00f6khan Arslan kat\u0131ld\u0131.<\/strong><\/p>\n<p><strong>Af\u015fin Haber Merkezi sahibi Halil Demir,yeni d\u00f6nemde se\u00e7ilen t\u00fcm mahalle muhtarlar\u0131m\u0131zla hem tan\u0131\u015fmak hem de b\u00f6lgenin genel durumuna ili\u015fkin de\u011ferlendirmelerde bulunmak \u00fczere davetlerimize ba\u015flad\u0131k.\u0130lk olarak Sevin Gurubu Mahalle Muhtarlar\u0131m\u0131zla bulu\u015fmak istedik.S\u0131rayla 10 ki\u015filik guruplarla Muhtarlar\u0131m\u0131z\u0131 a\u011f\u0131rlamaya devam edece\u011fiz.Davetimize icabet eden muhtarlar\u0131m\u0131za te\u015fekk\u00fcr ediyorum dedi.<\/strong><\/p>\n<p><strong>Misafirperverli\u011fi dolay\u0131s\u0131 ile Af\u015fin Haber Merkezine te\u015fekk\u00fcr eden Sevin Gurubu Mahalle Muhtarlar\u0131 Bas\u0131n bizim g\u00f6z\u00fcm\u00fcz kula\u011f\u0131m\u0131zd\u0131r,Af\u015fin\u2019e yak\u0131\u015f\u0131r bir Haber Merkezi olmu\u015f.Yay\u0131nlar\u0131n\u0131zda ba\u015far\u0131lar diliyoruz dedi.<\/strong><\/p>\n<p><img loading=\"lazy\" decoding=\"async\" class=\"alignnone size-full wp-image-143\" src=\"https:\/\/afsinyedisevin.com\/wp-content\/uploads\/2019\/12\/IMG_0192.jpg\" alt=\"\" width=\"600\" height=\"400\" srcset=\"https:\/\/afsinyedisevin.com\/wp-content\/uploads\/2019\/12\/IMG_0192.jpg 600w, https:\/\/afsinyedisevin.com\/wp-content\/uploads\/2019\/12\/IMG_0192-300x200.jpg 300w\" sizes=\"(max-width: 600px) 100vw, 600px\" \/> <img loading=\"lazy\" decoding=\"async\" class=\"alignnone size-full wp-image-144\" src=\"https:\/\/afsinyedisevin.com\/wp-content\/uploads\/2019\/12\/IMG_0193-1.jpg\" alt=\"\" width=\"600\" height=\"400\" srcset=\"https:\/\/afsinyedisevin.com\/wp-content\/uploads\/2019\/12\/IMG_0193-1.jpg 600w, https:\/\/afsinyedisevin.com\/wp-content\/uploads\/2019\/12\/IMG_0193-1-300x200.jpg 300w\" sizes=\"(max-width: 600px) 100vw, 600px\" \/><\/p>\n","protected":false},"excerpt":{"rendered":"<p>Af\u015fin Merkez Yay\u0131n Gurubu \u0130l\u00e7emiz Merkez ve K\u0131rsal Mahalleleri Muhtarlar\u0131yla toplant\u0131lar\u0131na ba\u015flad\u0131.\u0130lk toplant\u0131 Sevin Gurubu Mahalle Muhtarlar\u0131yla yap\u0131ld\u0131. D\u00fcn Af\u015fin Haber Merkezinde ger\u00e7ekle\u015fen etkinli\u011fe<\/p>\n","protected":false},"author":1,"featured_media":145,"comment_status":"open","ping_status":"open","sticky":false,"template":"","format":"standard","meta":{"_jetpack_memberships_contains_paid_content":false,"footnotes":""},"categories":[9,6,8,3,10,7],"tags":[],"class_list":["post-55","post","type-post","status-publish","format-standard","has-post-thumbnail","hentry","category-binboga","category-buyuk-sevin","category-kucuk-sevin","category-manset-haber","category-orenderesi","category-turk-sevin"],"jetpack_featured_media_url":"https:\/\/afsinyedisevin.com\/wp-content\/uploads\/2019\/12\/y\u0131hkj.jpg","jetpack_sharing_enabled":true,"_links":{"self":[{"href":"https:\/\/afsinyedisevin.com\/index.php\/wp-json\/wp\/v2\/posts\/55","targetHints":{"allow":["GET"]}}],"collection":[{"href":"https:\/\/afsinyedisevin.com\/index.php\/wp-json\/wp\/v2\/posts"}],"about":[{"href":"https:\/\/afsinyedisevin.com\/index.php\/wp-json\/wp\/v2\/types\/post"}],"author":[{"embeddable":true,"href":"https:\/\/afsinyedisevin.com\/index.php\/wp-json\/wp\/v2\/users\/1"}],"replies":[{"embeddable":true,"href":"https:\/\/afsinyedisevin.com\/index.php\/wp-json\/wp\/v2\/comments?post=55"}],"version-history":[{"count":3,"href":"https:\/\/afsinyedisevin.com\/index.php\/wp-json\/wp\/v2\/posts\/55\/revisions"}],"predecessor-version":[{"id":146,"href":"https:\/\/afsinyedisevin.com\/index.php\/wp-json\/wp\/v2\/posts\/55\/revisions\/146"}],"wp:featuredmedia":[{"embeddable":true,"href":"https:\/\/afsinyedisevin.com\/index.php\/wp-json\/wp\/v2\/media\/145"}],"wp:attachment":[{"href":"https:\/\/afsinyedisevin.com\/index.php\/wp-json\/wp\/v2\/media?parent=55"}],"wp:term":[{"taxonomy":"category","embeddable":true,"href":"https:\/\/afsinyedisevin.com\/index.php\/wp-json\/wp\/v2\/categories?post=55"},{"taxonomy":"post_tag","embeddable":true,"href":"https:\/\/afsinyedisevin.com\/index.php\/wp-json\/wp\/v2\/tags?post=55"}],"curies":[{"name":"wp","href":"https:\/\/api.w.org\/{rel}","templated":true}]}}