{"id":5479,"date":"2024-11-08T11:44:29","date_gmt":"2024-11-08T11:44:29","guid":{"rendered":"https:\/\/afsinyedisevin.com\/?p=5479"},"modified":"2024-11-08T11:44:29","modified_gmt":"2024-11-08T11:44:29","slug":"hemsehrimiz-av-cafer-sadik-mert-afsin-baro-temsilcisi-oldu","status":"publish","type":"post","link":"https:\/\/afsinyedisevin.com\/index.php\/2024\/11\/08\/hemsehrimiz-av-cafer-sadik-mert-afsin-baro-temsilcisi-oldu\/","title":{"rendered":"Hem\u015fehrimiz Av.Cafer Sad\u0131k Mert Af\u015fin Baro Temsilcisi oldu."},"content":{"rendered":"<p style=\"text-align: justify;\"><strong><img loading=\"lazy\" decoding=\"async\" class=\"alignnone size-full wp-image-5252\" src=\"https:\/\/afsinyedisevin.com\/wp-content\/uploads\/2024\/09\/SULEYMAN.jpg\" alt=\"\" width=\"702\" height=\"152\" srcset=\"https:\/\/afsinyedisevin.com\/wp-content\/uploads\/2024\/09\/SULEYMAN.jpg 702w, https:\/\/afsinyedisevin.com\/wp-content\/uploads\/2024\/09\/SULEYMAN-300x65.jpg 300w\" sizes=\"(max-width: 702px) 100vw, 702px\" \/><\/strong><\/p>\n<p style=\"text-align: justify;\"><strong>Af\u015fin&#8217;e ba\u011fl\u0131 B\u00fcy\u00fcksevin Mahallemizden hem\u015fehrimiz Av.Cafer Sad\u0131k Mert, ge\u00e7ti\u011fimiz g\u00fcnlerde yap\u0131lan se\u00e7imde Af\u015fin Baro Ba\u015fkanl\u0131\u011f\u0131na se\u00e7ildi. Mert, g\u00f6revine ba\u015flad\u0131.<\/strong><\/p>\n<p style=\"text-align: justify;\"><strong>Yedisevin Haber Sahibi Halil Demir, Af\u015fin Baro Temsilcili\u011fi g\u00f6revine ba\u015flayan hem\u015fehrimiz Av.Cafer Sad\u0131k Mert&#8217;i ziyaret ederek hay\u0131rl\u0131 olsun dileklerini iletti ve g\u00f6revinde ba\u015far\u0131lar diledi.<\/strong><\/p>\n<p style=\"text-align: justify;\"><strong>Af\u015fin Baro Temsilcisi Av.Cafer Sad\u0131k Mert, ziyaretten duydu\u011fu memnuniyeti ifade ederek te\u015fekk\u00fcr etti.<\/strong><\/p>\n<p style=\"text-align: justify;\"><strong>Av.Cafer Sad\u0131k Mert Kimdir?<\/strong><\/p>\n<p><strong>Malatya Ak\u00e7ada\u011f Anadolu \u00d6\u011fretmen Lisesi\u2019nde sonra Sakarya \u00dcniversitesi Hukuk Fak\u00fcltesinde hukuk e\u011fitimini ald\u0131. \u0130stanbul Barosu\u2019nda Avukatl\u0131k ruhsat\u0131n\u0131 ald\u0131ktan sonra Af\u015fin\u2019e gelerek serbest Avukat olarak \u00e7al\u0131\u015fmaya ba\u015flad\u0131. Ge\u00e7ti\u011fimiz g\u00fcnler de yap\u0131lan se\u00e7imde Af\u015fin Baro Temsilcisi se\u00e7ildi.<\/strong><\/p>\n<p><strong>Rabbim hay\u0131rl\u0131 hizmetlere vesile eylesin in\u015faallah.<\/strong><\/p>\n<p style=\"text-align: justify;\"><img loading=\"lazy\" decoding=\"async\" class=\"alignnone size-full wp-image-5480\" src=\"https:\/\/afsinyedisevin.com\/wp-content\/uploads\/2024\/11\/IMG_4358.jpg\" alt=\"\" width=\"700\" height=\"467\" srcset=\"https:\/\/afsinyedisevin.com\/wp-content\/uploads\/2024\/11\/IMG_4358.jpg 700w, https:\/\/afsinyedisevin.com\/wp-content\/uploads\/2024\/11\/IMG_4358-300x200.jpg 300w\" sizes=\"(max-width: 700px) 100vw, 700px\" \/> <img loading=\"lazy\" decoding=\"async\" class=\"alignnone size-full wp-image-5481\" src=\"https:\/\/afsinyedisevin.com\/wp-content\/uploads\/2024\/11\/IMG_4363.jpg\" alt=\"\" width=\"700\" height=\"467\" srcset=\"https:\/\/afsinyedisevin.com\/wp-content\/uploads\/2024\/11\/IMG_4363.jpg 700w, https:\/\/afsinyedisevin.com\/wp-content\/uploads\/2024\/11\/IMG_4363-300x200.jpg 300w\" sizes=\"(max-width: 700px) 100vw, 700px\" \/> <img loading=\"lazy\" decoding=\"async\" class=\"alignnone size-full wp-image-5482\" src=\"https:\/\/afsinyedisevin.com\/wp-content\/uploads\/2024\/11\/IMG_20241106_143906.jpg\" alt=\"\" width=\"700\" height=\"315\" srcset=\"https:\/\/afsinyedisevin.com\/wp-content\/uploads\/2024\/11\/IMG_20241106_143906.jpg 700w, https:\/\/afsinyedisevin.com\/wp-content\/uploads\/2024\/11\/IMG_20241106_143906-300x135.jpg 300w\" sizes=\"(max-width: 700px) 100vw, 700px\" \/><\/p>\n","protected":false},"excerpt":{"rendered":"<p>Af\u015fin&#8217;e ba\u011fl\u0131 B\u00fcy\u00fcksevin Mahallemizden hem\u015fehrimiz Av.Cafer Sad\u0131k Mert, ge\u00e7ti\u011fimiz g\u00fcnlerde yap\u0131lan se\u00e7imde Af\u015fin Baro Ba\u015fkanl\u0131\u011f\u0131na se\u00e7ildi. Mert, g\u00f6revine ba\u015flad\u0131. Yedisevin Haber Sahibi Halil Demir,<\/p>\n","protected":false},"author":1,"featured_media":5483,"comment_status":"open","ping_status":"open","sticky":false,"template":"","format":"standard","meta":{"_jetpack_memberships_contains_paid_content":false,"footnotes":""},"categories":[19,6,3,1],"tags":[],"class_list":["post-5479","post","type-post","status-publish","format-standard","has-post-thumbnail","hentry","category-avukatlarimiz","category-buyuk-sevin","category-manset-haber","category-yoremizden"],"jetpack_featured_media_url":"https:\/\/afsinyedisevin.com\/wp-content\/uploads\/2024\/11\/IMG_20241106_143906jl.jpg","jetpack_sharing_enabled":true,"_links":{"self":[{"href":"https:\/\/afsinyedisevin.com\/index.php\/wp-json\/wp\/v2\/posts\/5479","targetHints":{"allow":["GET"]}}],"collection":[{"href":"https:\/\/afsinyedisevin.com\/index.php\/wp-json\/wp\/v2\/posts"}],"about":[{"href":"https:\/\/afsinyedisevin.com\/index.php\/wp-json\/wp\/v2\/types\/post"}],"author":[{"embeddable":true,"href":"https:\/\/afsinyedisevin.com\/index.php\/wp-json\/wp\/v2\/users\/1"}],"replies":[{"embeddable":true,"href":"https:\/\/afsinyedisevin.com\/index.php\/wp-json\/wp\/v2\/comments?post=5479"}],"version-history":[{"count":1,"href":"https:\/\/afsinyedisevin.com\/index.php\/wp-json\/wp\/v2\/posts\/5479\/revisions"}],"predecessor-version":[{"id":5484,"href":"https:\/\/afsinyedisevin.com\/index.php\/wp-json\/wp\/v2\/posts\/5479\/revisions\/5484"}],"wp:featuredmedia":[{"embeddable":true,"href":"https:\/\/afsinyedisevin.com\/index.php\/wp-json\/wp\/v2\/media\/5483"}],"wp:attachment":[{"href":"https:\/\/afsinyedisevin.com\/index.php\/wp-json\/wp\/v2\/media?parent=5479"}],"wp:term":[{"taxonomy":"category","embeddable":true,"href":"https:\/\/afsinyedisevin.com\/index.php\/wp-json\/wp\/v2\/categories?post=5479"},{"taxonomy":"post_tag","embeddable":true,"href":"https:\/\/afsinyedisevin.com\/index.php\/wp-json\/wp\/v2\/tags?post=5479"}],"curies":[{"name":"wp","href":"https:\/\/api.w.org\/{rel}","templated":true}]}}