{"id":5357,"date":"2024-10-08T10:47:13","date_gmt":"2024-10-08T10:47:13","guid":{"rendered":"https:\/\/afsinyedisevin.com\/?p=5357"},"modified":"2024-10-08T10:47:55","modified_gmt":"2024-10-08T10:47:55","slug":"atlas-spor-kulubu-ogrencilerinden-ultramaratonda-buyuk-basari","status":"publish","type":"post","link":"https:\/\/afsinyedisevin.com\/index.php\/2024\/10\/08\/atlas-spor-kulubu-ogrencilerinden-ultramaratonda-buyuk-basari\/","title":{"rendered":"Atlas Spor Kul\u00fcb\u00fc \u00d6\u011frencilerinden Ultramaraton&#8217;da b\u00fcy\u00fck ba\u015far\u0131!"},"content":{"rendered":"<p style=\"text-align: justify;\"><strong><img loading=\"lazy\" decoding=\"async\" class=\"alignnone size-full wp-image-4809\" src=\"https:\/\/afsinyedisevin.com\/wp-content\/uploads\/2024\/01\/halild5.jpg\" alt=\"\" width=\"302\" height=\"202\" srcset=\"https:\/\/afsinyedisevin.com\/wp-content\/uploads\/2024\/01\/halild5.jpg 302w, https:\/\/afsinyedisevin.com\/wp-content\/uploads\/2024\/01\/halild5-300x201.jpg 300w\" sizes=\"(max-width: 302px) 100vw, 302px\" \/><\/strong><\/p>\n<p style=\"text-align: justify;\"><strong>Af\u015fin&#8217;de faaliyetini s\u00fcrd\u00fcren Atlas Spor Kul\u00fcb\u00fc ad\u0131na Elbistan Ultramaraton&#8217;da ter d\u00f6ken sporcular\u0131m\u0131z derecelerle d\u00f6nd\u00fcler.<\/strong><\/p>\n<p style=\"text-align: justify;\"><strong>Ge\u00e7ti\u011fimiz hafta sonu Elbistanda ger\u00e7ekle\u015fen Ultramaratona \u00dcnsalan Arslan Ba\u015fkanl\u0131\u011f\u0131nda ki Af\u015fin Atlas Spor kul\u00fcb\u00fc sporcular\u0131, Zeynep Arslan,Tuana Arslan,Zeynep \u0130kra Y\u0131ld\u0131z,Hasan Efe Arslan,Sabri Yi\u011fit Arslan ve \u0130brahim Arslan kat\u0131ld\u0131.<\/strong><\/p>\n<p style=\"text-align: justify;\"><strong>Sporcular\u0131m\u0131z Maratonda \u015fu dereceleri elde ettiler:<\/strong><\/p>\n<p style=\"text-align: justify;\"><strong>Zeynep Arslan 3&#8217;nc\u00fc.<\/strong><br \/>\n<strong>Tuana Arslan 2&#8217;nci.<\/strong><br \/>\n<strong>Zeynep \u0130kra Y\u0131ld\u0131z centilmen sporcu<\/strong><br \/>\n<strong>Hasan Efe ARSLAN centilmen sporcu<\/strong><br \/>\n<strong>Sabr\u0131 Yi\u011fit Arslan yar\u0131\u015fmaya kal\u0131tan en k\u00fc\u00e7\u00fck sporcu <\/strong><\/p>\n<p style=\"text-align: justify;\"><strong>\u0130brahim Arslan 9&#8217;ncu.<\/strong><\/p>\n<p style=\"text-align: justify;\"><strong>Yedisevin Haber&#8217;e konu\u015fan Af\u015fin Atlas Spor Kul\u00fcb\u00fc Ba\u015fkan\u0131 \u00dcnsalan Arslan, Af\u015finli sporcular\u0131m\u0131z Elbistan halk ko\u015fusunda derece yapm\u0131\u015flard\u0131r. Af\u015fin Gen\u00e7lik Spor \u0130l\u00e7e M\u00fcd\u00fcrl\u00fc\u011f\u00fcne, personeline ve eme\u011fi ge\u00e7en herkese te\u015fekk\u00fcr ediyorum.Sporcular\u0131m\u0131z\u0131 kutluyorum dedi.<\/strong><\/p>\n<p style=\"text-align: justify;\"><strong><img loading=\"lazy\" decoding=\"async\" class=\"alignnone size-full wp-image-5358\" src=\"https:\/\/afsinyedisevin.com\/wp-content\/uploads\/2024\/10\/WhatsApp-Image-2024-10-06-at-11.34.54.jpeg\" alt=\"\" width=\"700\" height=\"454\" srcset=\"https:\/\/afsinyedisevin.com\/wp-content\/uploads\/2024\/10\/WhatsApp-Image-2024-10-06-at-11.34.54.jpeg 700w, https:\/\/afsinyedisevin.com\/wp-content\/uploads\/2024\/10\/WhatsApp-Image-2024-10-06-at-11.34.54-300x195.jpeg 300w\" sizes=\"(max-width: 700px) 100vw, 700px\" \/> <img loading=\"lazy\" decoding=\"async\" class=\"alignnone size-full wp-image-5359\" src=\"https:\/\/afsinyedisevin.com\/wp-content\/uploads\/2024\/10\/WhatsApp-Image-2024-10-06-at-11.39.35.jpeg\" alt=\"\" width=\"700\" height=\"433\" srcset=\"https:\/\/afsinyedisevin.com\/wp-content\/uploads\/2024\/10\/WhatsApp-Image-2024-10-06-at-11.39.35.jpeg 700w, https:\/\/afsinyedisevin.com\/wp-content\/uploads\/2024\/10\/WhatsApp-Image-2024-10-06-at-11.39.35-300x186.jpeg 300w\" sizes=\"(max-width: 700px) 100vw, 700px\" \/> <img loading=\"lazy\" decoding=\"async\" class=\"alignnone size-full wp-image-5360\" src=\"https:\/\/afsinyedisevin.com\/wp-content\/uploads\/2024\/10\/WhatsApp-Image-2024-10-06-at-11.47.23.jpeg\" alt=\"\" width=\"700\" height=\"438\" srcset=\"https:\/\/afsinyedisevin.com\/wp-content\/uploads\/2024\/10\/WhatsApp-Image-2024-10-06-at-11.47.23.jpeg 700w, https:\/\/afsinyedisevin.com\/wp-content\/uploads\/2024\/10\/WhatsApp-Image-2024-10-06-at-11.47.23-300x188.jpeg 300w, https:\/\/afsinyedisevin.com\/wp-content\/uploads\/2024\/10\/WhatsApp-Image-2024-10-06-at-11.47.23-115x73.jpeg 115w\" sizes=\"(max-width: 700px) 100vw, 700px\" \/> <img loading=\"lazy\" decoding=\"async\" class=\"alignnone size-full wp-image-5361\" src=\"https:\/\/afsinyedisevin.com\/wp-content\/uploads\/2024\/10\/WhatsApp-Image-2024-10-06-at-12.22.26.jpeg\" alt=\"\" width=\"700\" height=\"315\" srcset=\"https:\/\/afsinyedisevin.com\/wp-content\/uploads\/2024\/10\/WhatsApp-Image-2024-10-06-at-12.22.26.jpeg 700w, https:\/\/afsinyedisevin.com\/wp-content\/uploads\/2024\/10\/WhatsApp-Image-2024-10-06-at-12.22.26-300x135.jpeg 300w\" sizes=\"(max-width: 700px) 100vw, 700px\" \/><\/strong><\/p>\n","protected":false},"excerpt":{"rendered":"<p>Af\u015fin&#8217;de faaliyetini s\u00fcrd\u00fcren Atlas Spor Kul\u00fcb\u00fc ad\u0131na Elbistan Ultramaraton&#8217;da ter d\u00f6ken sporcular\u0131m\u0131z derecelerle d\u00f6nd\u00fcler. Ge\u00e7ti\u011fimiz hafta sonu Elbistanda ger\u00e7ekle\u015fen Ultramaratona \u00dcnsalan Arslan Ba\u015fkanl\u0131\u011f\u0131nda ki<\/p>\n","protected":false},"author":1,"featured_media":5362,"comment_status":"open","ping_status":"open","sticky":false,"template":"","format":"standard","meta":{"_jetpack_memberships_contains_paid_content":false,"footnotes":""},"categories":[6,3,30,1],"tags":[],"class_list":["post-5357","post","type-post","status-publish","format-standard","has-post-thumbnail","hentry","category-buyuk-sevin","category-manset-haber","category-sabenler","category-yoremizden"],"jetpack_featured_media_url":"https:\/\/afsinyedisevin.com\/wp-content\/uploads\/2024\/10\/WhatsApp-Image-2024-10-06-at-11.47.23yi.jpeg","jetpack_sharing_enabled":true,"_links":{"self":[{"href":"https:\/\/afsinyedisevin.com\/index.php\/wp-json\/wp\/v2\/posts\/5357","targetHints":{"allow":["GET"]}}],"collection":[{"href":"https:\/\/afsinyedisevin.com\/index.php\/wp-json\/wp\/v2\/posts"}],"about":[{"href":"https:\/\/afsinyedisevin.com\/index.php\/wp-json\/wp\/v2\/types\/post"}],"author":[{"embeddable":true,"href":"https:\/\/afsinyedisevin.com\/index.php\/wp-json\/wp\/v2\/users\/1"}],"replies":[{"embeddable":true,"href":"https:\/\/afsinyedisevin.com\/index.php\/wp-json\/wp\/v2\/comments?post=5357"}],"version-history":[{"count":2,"href":"https:\/\/afsinyedisevin.com\/index.php\/wp-json\/wp\/v2\/posts\/5357\/revisions"}],"predecessor-version":[{"id":5364,"href":"https:\/\/afsinyedisevin.com\/index.php\/wp-json\/wp\/v2\/posts\/5357\/revisions\/5364"}],"wp:featuredmedia":[{"embeddable":true,"href":"https:\/\/afsinyedisevin.com\/index.php\/wp-json\/wp\/v2\/media\/5362"}],"wp:attachment":[{"href":"https:\/\/afsinyedisevin.com\/index.php\/wp-json\/wp\/v2\/media?parent=5357"}],"wp:term":[{"taxonomy":"category","embeddable":true,"href":"https:\/\/afsinyedisevin.com\/index.php\/wp-json\/wp\/v2\/categories?post=5357"},{"taxonomy":"post_tag","embeddable":true,"href":"https:\/\/afsinyedisevin.com\/index.php\/wp-json\/wp\/v2\/tags?post=5357"}],"curies":[{"name":"wp","href":"https:\/\/api.w.org\/{rel}","templated":true}]}}