{"id":5353,"date":"2024-10-08T07:20:53","date_gmt":"2024-10-08T07:20:53","guid":{"rendered":"https:\/\/afsinyedisevin.com\/?p=5353"},"modified":"2024-10-08T07:21:03","modified_gmt":"2024-10-08T07:21:03","slug":"hemsehrimiz-mehmet-akpinar-avukat-oldu","status":"publish","type":"post","link":"https:\/\/afsinyedisevin.com\/index.php\/2024\/10\/08\/hemsehrimiz-mehmet-akpinar-avukat-oldu\/","title":{"rendered":"Hem\u015fehrimiz Mehmet Akp\u0131nar Avukat oldu."},"content":{"rendered":"<p style=\"text-align: justify;\"><strong><img loading=\"lazy\" decoding=\"async\" class=\"alignnone size-full wp-image-4809\" src=\"https:\/\/afsinyedisevin.com\/wp-content\/uploads\/2024\/01\/halild5.jpg\" alt=\"\" width=\"302\" height=\"202\" srcset=\"https:\/\/afsinyedisevin.com\/wp-content\/uploads\/2024\/01\/halild5.jpg 302w, https:\/\/afsinyedisevin.com\/wp-content\/uploads\/2024\/01\/halild5-300x201.jpg 300w\" sizes=\"(max-width: 302px) 100vw, 302px\" \/><\/strong><\/p>\n<p style=\"text-align: justify;\"><strong>Aslen T\u00fcrksevin Mahallemizden olup Kahramanmara\u015fta ikamet eden Kahramanmara\u015f Valili\u011finde g\u00f6rev yapan Mulla Akp\u0131nar\u2019\u0131n o\u011flu Mehmet Akp\u0131nar staj\u0131n\u0131 tamamlayarak Avukat oldu.<\/strong><\/p>\n<p style=\"text-align: justify;\"><strong>Sevindirici haberi Hem\u015fehrimiz Mulla Akp\u0131nar Sosyal Medya hesab\u0131ndan, \u201cCan paremiz o\u011flumuz Av. Mehmet AKPINAR Kahramanmara\u015f Barosu\u2018ndan Avukatl\u0131k Ruhsatnamesini alm\u0131\u015f bulunmakta. Bize bu onur ve mutlulu\u011fu ya\u015fatt\u0131\u011f\u0131 i\u00e7in o\u011flumuza sonsuz te\u015fekk\u00fcr ediyor, g\u00f6zlerinden \u00f6p\u00fcyoruz. Rabbim meslek hayat\u0131nda muvaffakiyetler versin in\u015fallah. Mesle\u011fini adaletli bir \u015fekilde yapaca\u011f\u0131ndan hi\u00e7 \u015f\u00fcphemiz yok payla\u015f\u0131m\u0131 ile duyurdu.<\/strong><\/p>\n<p style=\"text-align: justify;\"><strong>Kahramanmara\u015f Barosuna ba\u011fl\u0131 Avukat olarak memleketimize ve insan\u0131m\u0131za hizmet edecek olan hem\u015fehrimiz Av.Mehmet Akp\u0131nar\u2019a hay\u0131rl\u0131 olsun diyor,g\u00f6revinde ba\u015far\u0131lar temenni ediyoruz.<\/strong><\/p>\n<p style=\"text-align: justify;\"><img loading=\"lazy\" decoding=\"async\" class=\"alignnone size-full wp-image-5355\" src=\"https:\/\/afsinyedisevin.com\/wp-content\/uploads\/2024\/10\/461925109_9251867664827745_2948556831600495866_nY.jpg\" alt=\"\" width=\"720\" height=\"422\" srcset=\"https:\/\/afsinyedisevin.com\/wp-content\/uploads\/2024\/10\/461925109_9251867664827745_2948556831600495866_nY.jpg 720w, https:\/\/afsinyedisevin.com\/wp-content\/uploads\/2024\/10\/461925109_9251867664827745_2948556831600495866_nY-300x176.jpg 300w, https:\/\/afsinyedisevin.com\/wp-content\/uploads\/2024\/10\/461925109_9251867664827745_2948556831600495866_nY-184x109.jpg 184w\" sizes=\"(max-width: 720px) 100vw, 720px\" \/><\/p>\n","protected":false},"excerpt":{"rendered":"<p>Aslen T\u00fcrksevin Mahallemizden olup Kahramanmara\u015fta ikamet eden Kahramanmara\u015f Valili\u011finde g\u00f6rev yapan Mulla Akp\u0131nar\u2019\u0131n o\u011flu Mehmet Akp\u0131nar staj\u0131n\u0131 tamamlayarak Avukat oldu. Sevindirici haberi Hem\u015fehrimiz Mulla<\/p>\n","protected":false},"author":1,"featured_media":5354,"comment_status":"open","ping_status":"open","sticky":false,"template":"","format":"standard","meta":{"_jetpack_memberships_contains_paid_content":false,"footnotes":""},"categories":[19,3,7,1],"tags":[],"class_list":["post-5353","post","type-post","status-publish","format-standard","has-post-thumbnail","hentry","category-avukatlarimiz","category-manset-haber","category-turk-sevin","category-yoremizden"],"jetpack_featured_media_url":"https:\/\/afsinyedisevin.com\/wp-content\/uploads\/2024\/10\/siyah-renkTU.jpg","jetpack_sharing_enabled":true,"_links":{"self":[{"href":"https:\/\/afsinyedisevin.com\/index.php\/wp-json\/wp\/v2\/posts\/5353","targetHints":{"allow":["GET"]}}],"collection":[{"href":"https:\/\/afsinyedisevin.com\/index.php\/wp-json\/wp\/v2\/posts"}],"about":[{"href":"https:\/\/afsinyedisevin.com\/index.php\/wp-json\/wp\/v2\/types\/post"}],"author":[{"embeddable":true,"href":"https:\/\/afsinyedisevin.com\/index.php\/wp-json\/wp\/v2\/users\/1"}],"replies":[{"embeddable":true,"href":"https:\/\/afsinyedisevin.com\/index.php\/wp-json\/wp\/v2\/comments?post=5353"}],"version-history":[{"count":1,"href":"https:\/\/afsinyedisevin.com\/index.php\/wp-json\/wp\/v2\/posts\/5353\/revisions"}],"predecessor-version":[{"id":5356,"href":"https:\/\/afsinyedisevin.com\/index.php\/wp-json\/wp\/v2\/posts\/5353\/revisions\/5356"}],"wp:featuredmedia":[{"embeddable":true,"href":"https:\/\/afsinyedisevin.com\/index.php\/wp-json\/wp\/v2\/media\/5354"}],"wp:attachment":[{"href":"https:\/\/afsinyedisevin.com\/index.php\/wp-json\/wp\/v2\/media?parent=5353"}],"wp:term":[{"taxonomy":"category","embeddable":true,"href":"https:\/\/afsinyedisevin.com\/index.php\/wp-json\/wp\/v2\/categories?post=5353"},{"taxonomy":"post_tag","embeddable":true,"href":"https:\/\/afsinyedisevin.com\/index.php\/wp-json\/wp\/v2\/tags?post=5353"}],"curies":[{"name":"wp","href":"https:\/\/api.w.org\/{rel}","templated":true}]}}