{"id":5302,"date":"2024-09-23T07:28:15","date_gmt":"2024-09-23T07:28:15","guid":{"rendered":"https:\/\/afsinyedisevin.com\/?p=5302"},"modified":"2024-09-23T07:28:15","modified_gmt":"2024-09-23T07:28:15","slug":"sevin-halkindan-yol-talebi","status":"publish","type":"post","link":"https:\/\/afsinyedisevin.com\/index.php\/2024\/09\/23\/sevin-halkindan-yol-talebi\/","title":{"rendered":"Sevin halk\u0131ndan Yol talebi!"},"content":{"rendered":"<p style=\"text-align: justify;\"><strong><img loading=\"lazy\" decoding=\"async\" class=\"alignnone size-full wp-image-4809\" src=\"https:\/\/afsinyedisevin.com\/wp-content\/uploads\/2024\/01\/halild5.jpg\" alt=\"\" width=\"302\" height=\"202\" srcset=\"https:\/\/afsinyedisevin.com\/wp-content\/uploads\/2024\/01\/halild5.jpg 302w, https:\/\/afsinyedisevin.com\/wp-content\/uploads\/2024\/01\/halild5-300x201.jpg 300w\" sizes=\"(max-width: 302px) 100vw, 302px\" \/><\/strong><\/p>\n<p style=\"text-align: justify;\"><strong>Sevinliler B\u00fcy\u00fcksevin Mahallesi ile K\u00fc\u00e7\u00fcksevin Mahallesi aras\u0131nda ki yolun yap\u0131lmas\u0131n\u0131 istiyor.<\/strong><\/p>\n<p style=\"text-align: justify;\"><strong>Af\u015fin&#8217;e ba\u011fl\u0131 B\u00fcy\u00fcksevin Mahallesi Almao\u011flu Mezras\u0131 ile K\u00fc\u00e7\u00fcksevin Mahallesi aras\u0131nda bulunan ve s\u00fcrekli olarak kullan\u0131lan yolun Asfaltlanmas\u0131n\u0131 isteyen Sevinliler, Bu yol her g\u00fcn mahalle sakinlerince kullan\u0131l\u0131yor. Bir de Bayramlarda ve Yaz aylar\u0131nda gurbet\u00e7ilerimiz geldi\u011finde Sevin&#8217;de ki akrabalar\u0131n\u0131 kesintisiz ziyaret etmek istiyorlar. O sebeple de bu yolun bir an \u00f6nce programa al\u0131nmas\u0131 gerekiyor dediler.<\/strong><\/p>\n<p style=\"text-align: justify;\"><strong>Yetkililerin dikkatine sunuyoruz.<\/strong><\/p>\n<p style=\"text-align: justify;\"><iframe loading=\"lazy\" src=\"\/\/www.youtube.com\/embed\/pjk6Ti-tR6E\" width=\"714\" height=\"400\" allowfullscreen=\"allowfullscreen\"><\/iframe><\/p>\n<p style=\"text-align: justify;\"><strong><img loading=\"lazy\" decoding=\"async\" class=\"alignnone size-full wp-image-5303\" src=\"https:\/\/afsinyedisevin.com\/wp-content\/uploads\/2024\/09\/IMG_1441.jpg\" alt=\"\" width=\"700\" height=\"467\" srcset=\"https:\/\/afsinyedisevin.com\/wp-content\/uploads\/2024\/09\/IMG_1441.jpg 700w, https:\/\/afsinyedisevin.com\/wp-content\/uploads\/2024\/09\/IMG_1441-300x200.jpg 300w\" sizes=\"(max-width: 700px) 100vw, 700px\" \/> <img loading=\"lazy\" decoding=\"async\" class=\"alignnone size-full wp-image-5304\" src=\"https:\/\/afsinyedisevin.com\/wp-content\/uploads\/2024\/09\/IMG_1442.jpg\" alt=\"\" width=\"700\" height=\"467\" srcset=\"https:\/\/afsinyedisevin.com\/wp-content\/uploads\/2024\/09\/IMG_1442.jpg 700w, https:\/\/afsinyedisevin.com\/wp-content\/uploads\/2024\/09\/IMG_1442-300x200.jpg 300w\" sizes=\"(max-width: 700px) 100vw, 700px\" \/><\/strong><\/p>\n","protected":false},"excerpt":{"rendered":"<p>Sevinliler B\u00fcy\u00fcksevin Mahallesi ile K\u00fc\u00e7\u00fcksevin Mahallesi aras\u0131nda ki yolun yap\u0131lmas\u0131n\u0131 istiyor. Af\u015fin&#8217;e ba\u011fl\u0131 B\u00fcy\u00fcksevin Mahallesi Almao\u011flu Mezras\u0131 ile K\u00fc\u00e7\u00fcksevin Mahallesi aras\u0131nda bulunan ve s\u00fcrekli<\/p>\n","protected":false},"author":1,"featured_media":5305,"comment_status":"open","ping_status":"open","sticky":false,"template":"","format":"standard","meta":{"_jetpack_memberships_contains_paid_content":false,"footnotes":""},"categories":[31,6,8,3,1],"tags":[],"class_list":["post-5302","post","type-post","status-publish","format-standard","has-post-thumbnail","hentry","category-almaoglu","category-buyuk-sevin","category-kucuk-sevin","category-manset-haber","category-yoremizden"],"jetpack_featured_media_url":"https:\/\/afsinyedisevin.com\/wp-content\/uploads\/2024\/09\/IMG_1442tyu.jpg","jetpack_sharing_enabled":true,"_links":{"self":[{"href":"https:\/\/afsinyedisevin.com\/index.php\/wp-json\/wp\/v2\/posts\/5302","targetHints":{"allow":["GET"]}}],"collection":[{"href":"https:\/\/afsinyedisevin.com\/index.php\/wp-json\/wp\/v2\/posts"}],"about":[{"href":"https:\/\/afsinyedisevin.com\/index.php\/wp-json\/wp\/v2\/types\/post"}],"author":[{"embeddable":true,"href":"https:\/\/afsinyedisevin.com\/index.php\/wp-json\/wp\/v2\/users\/1"}],"replies":[{"embeddable":true,"href":"https:\/\/afsinyedisevin.com\/index.php\/wp-json\/wp\/v2\/comments?post=5302"}],"version-history":[{"count":1,"href":"https:\/\/afsinyedisevin.com\/index.php\/wp-json\/wp\/v2\/posts\/5302\/revisions"}],"predecessor-version":[{"id":5306,"href":"https:\/\/afsinyedisevin.com\/index.php\/wp-json\/wp\/v2\/posts\/5302\/revisions\/5306"}],"wp:featuredmedia":[{"embeddable":true,"href":"https:\/\/afsinyedisevin.com\/index.php\/wp-json\/wp\/v2\/media\/5305"}],"wp:attachment":[{"href":"https:\/\/afsinyedisevin.com\/index.php\/wp-json\/wp\/v2\/media?parent=5302"}],"wp:term":[{"taxonomy":"category","embeddable":true,"href":"https:\/\/afsinyedisevin.com\/index.php\/wp-json\/wp\/v2\/categories?post=5302"},{"taxonomy":"post_tag","embeddable":true,"href":"https:\/\/afsinyedisevin.com\/index.php\/wp-json\/wp\/v2\/tags?post=5302"}],"curies":[{"name":"wp","href":"https:\/\/api.w.org\/{rel}","templated":true}]}}