{"id":5190,"date":"2024-08-10T09:00:31","date_gmt":"2024-08-10T09:00:31","guid":{"rendered":"https:\/\/afsinyedisevin.com\/?p=5190"},"modified":"2024-08-10T09:00:31","modified_gmt":"2024-08-10T09:00:31","slug":"prof-dr-vahit-kirisci-binboga-goletinin-2025-yatirim-planina-alindigini-soyledi-insaallah-yanlis-soylemedi","status":"publish","type":"post","link":"https:\/\/afsinyedisevin.com\/index.php\/2024\/08\/10\/prof-dr-vahit-kirisci-binboga-goletinin-2025-yatirim-planina-alindigini-soyledi-insaallah-yanlis-soylemedi\/","title":{"rendered":"Prof.Dr.Vahit Kiri\u015f\u00e7i, Binbo\u011fa G\u00f6letinin 2025 Yat\u0131r\u0131m plan\u0131na al\u0131nd\u0131\u011f\u0131n\u0131 s\u00f6yledi. \u0130n\u015faallah yanl\u0131\u015f s\u00f6ylemedi."},"content":{"rendered":"<p style=\"text-align: justify;\"><strong><img loading=\"lazy\" decoding=\"async\" class=\"alignnone size-full wp-image-4809\" src=\"https:\/\/afsinyedisevin.com\/wp-content\/uploads\/2024\/01\/halild5.jpg\" alt=\"\" width=\"302\" height=\"202\" srcset=\"https:\/\/afsinyedisevin.com\/wp-content\/uploads\/2024\/01\/halild5.jpg 302w, https:\/\/afsinyedisevin.com\/wp-content\/uploads\/2024\/01\/halild5-300x201.jpg 300w\" sizes=\"(max-width: 302px) 100vw, 302px\" \/><\/strong><\/p>\n<p><img loading=\"lazy\" decoding=\"async\" class=\"alignnone size-full wp-image-5191\" src=\"https:\/\/afsinyedisevin.com\/wp-content\/uploads\/2024\/08\/IMG_9860.jpg\" alt=\"\" width=\"700\" height=\"412\" srcset=\"https:\/\/afsinyedisevin.com\/wp-content\/uploads\/2024\/08\/IMG_9860.jpg 700w, https:\/\/afsinyedisevin.com\/wp-content\/uploads\/2024\/08\/IMG_9860-300x177.jpg 300w, https:\/\/afsinyedisevin.com\/wp-content\/uploads\/2024\/08\/IMG_9860-184x109.jpg 184w\" sizes=\"(max-width: 700px) 100vw, 700px\" \/><\/p>\n<p style=\"text-align: justify;\"><strong>Y\u0131llard\u0131r oyalanan ve bir t\u00fcrl\u00fc proje a\u015famas\u0131na getirilemeyen,Sevin y\u00f6re insan\u0131 g\u00f6z\u00fcnde y\u0131lan hikayesine d\u00f6nen Binbo\u011fa G\u00f6leti ve Sulamas\u0131 d\u00fcn Af\u015fin Devlet Hastanesi Temel Atma t\u00f6renine gelen Ak Parti Kahramanmara\u015f Milletvekili Prof.Dr.Vahit Kiri\u015f\u00e7i taraf\u0131ndan yeniden g\u00fcndeme getirildi.<\/strong><\/p>\n<p style=\"text-align: justify;\"><strong>Sevinlilerin dahi umudunu kesti\u011fi G\u00f6let ve Sulama projesine ili\u015fkin a\u00e7\u0131klamada bulunan Eski Tar\u0131m ve Orman Bakan\u0131 Prof.Dr.Vaht Kiri\u015f\u00e7i, projenin 2025 Y\u0131l\u0131 Yat\u0131r\u0131m Program\u0131na da al\u0131naca\u011f\u0131n\u0131 s\u00f6yledi.<\/strong><\/p>\n<p style=\"text-align: justify;\"><strong>Kiri\u015f\u00e7i, d\u00fcn ki konu\u015fmas\u0131nda s\u00f6z konusu projeye ili\u015fkin, Bir di\u011fer projemiz Af\u015fin\/Binbo\u011fa G\u00f6leti ve sulamas\u0131. Burada da 3.7 Milyon Metrek\u00fcpl\u00fck bir suyun tutulmas\u0131 ve depolanmas\u0131 s\u00f6z konusu. 12 Bin 190 D\u00f6n\u00fcml\u00fck bir alan\u0131n in\u015faallah Tar\u0131m alan\u0131 olarak suya kavu\u015fmu\u015f olacak. Proje yap\u0131m \u00e7al\u0131\u015fmalar\u0131 tamamlanm\u0131\u015f olup 2025 y\u0131l\u0131 Yat\u0131r\u0131m program\u0131nda da bu projelerin hayat bulmas\u0131n\u0131 arzu ediyoruz dedi.<\/strong><\/p>\n<p style=\"text-align: justify;\"><iframe loading=\"lazy\" src=\"\/\/www.youtube.com\/embed\/4g8KQRsR7dg?t=22s\" width=\"714\" height=\"400\" allowfullscreen=\"allowfullscreen\"><\/iframe><\/p>\n<p>&nbsp;<\/p>\n","protected":false},"excerpt":{"rendered":"<p>Y\u0131llard\u0131r oyalanan ve bir t\u00fcrl\u00fc proje a\u015famas\u0131na getirilemeyen,Sevin y\u00f6re insan\u0131 g\u00f6z\u00fcnde y\u0131lan hikayesine d\u00f6nen Binbo\u011fa G\u00f6leti ve Sulamas\u0131 d\u00fcn Af\u015fin Devlet Hastanesi Temel Atma<\/p>\n","protected":false},"author":1,"featured_media":5192,"comment_status":"open","ping_status":"open","sticky":false,"template":"","format":"standard","meta":{"_jetpack_memberships_contains_paid_content":false,"footnotes":""},"categories":[31,9,6,8,3,10,30,32,33,7,1],"tags":[],"class_list":["post-5190","post","type-post","status-publish","format-standard","has-post-thumbnail","hentry","category-almaoglu","category-binboga","category-buyuk-sevin","category-kucuk-sevin","category-manset-haber","category-orenderesi","category-sabenler","category-tatar","category-tomas","category-turk-sevin","category-yoremizden"],"jetpack_featured_media_url":"https:\/\/afsinyedisevin.com\/wp-content\/uploads\/2024\/08\/IMG_98600.jpg","jetpack_sharing_enabled":true,"_links":{"self":[{"href":"https:\/\/afsinyedisevin.com\/index.php\/wp-json\/wp\/v2\/posts\/5190","targetHints":{"allow":["GET"]}}],"collection":[{"href":"https:\/\/afsinyedisevin.com\/index.php\/wp-json\/wp\/v2\/posts"}],"about":[{"href":"https:\/\/afsinyedisevin.com\/index.php\/wp-json\/wp\/v2\/types\/post"}],"author":[{"embeddable":true,"href":"https:\/\/afsinyedisevin.com\/index.php\/wp-json\/wp\/v2\/users\/1"}],"replies":[{"embeddable":true,"href":"https:\/\/afsinyedisevin.com\/index.php\/wp-json\/wp\/v2\/comments?post=5190"}],"version-history":[{"count":1,"href":"https:\/\/afsinyedisevin.com\/index.php\/wp-json\/wp\/v2\/posts\/5190\/revisions"}],"predecessor-version":[{"id":5193,"href":"https:\/\/afsinyedisevin.com\/index.php\/wp-json\/wp\/v2\/posts\/5190\/revisions\/5193"}],"wp:featuredmedia":[{"embeddable":true,"href":"https:\/\/afsinyedisevin.com\/index.php\/wp-json\/wp\/v2\/media\/5192"}],"wp:attachment":[{"href":"https:\/\/afsinyedisevin.com\/index.php\/wp-json\/wp\/v2\/media?parent=5190"}],"wp:term":[{"taxonomy":"category","embeddable":true,"href":"https:\/\/afsinyedisevin.com\/index.php\/wp-json\/wp\/v2\/categories?post=5190"},{"taxonomy":"post_tag","embeddable":true,"href":"https:\/\/afsinyedisevin.com\/index.php\/wp-json\/wp\/v2\/tags?post=5190"}],"curies":[{"name":"wp","href":"https:\/\/api.w.org\/{rel}","templated":true}]}}