{"id":5176,"date":"2024-08-06T06:00:23","date_gmt":"2024-08-06T06:00:23","guid":{"rendered":"https:\/\/afsinyedisevin.com\/?p=5176"},"modified":"2024-08-06T06:00:23","modified_gmt":"2024-08-06T06:00:23","slug":"fadime-kizilay-vefat-etti-2","status":"publish","type":"post","link":"https:\/\/afsinyedisevin.com\/index.php\/2024\/08\/06\/fadime-kizilay-vefat-etti-2\/","title":{"rendered":"Fadime K\u0131z\u0131lay vefat etti."},"content":{"rendered":"<p style=\"text-align: justify;\"><img loading=\"lazy\" decoding=\"async\" class=\"alignnone size-full wp-image-4809\" src=\"https:\/\/afsinyedisevin.com\/wp-content\/uploads\/2024\/01\/halild5.jpg\" alt=\"\" width=\"302\" height=\"202\" srcset=\"https:\/\/afsinyedisevin.com\/wp-content\/uploads\/2024\/01\/halild5.jpg 302w, https:\/\/afsinyedisevin.com\/wp-content\/uploads\/2024\/01\/halild5-300x201.jpg 300w\" sizes=\"(max-width: 302px) 100vw, 302px\" \/><img loading=\"lazy\" decoding=\"async\" class=\"alignnone size-full wp-image-5178\" src=\"https:\/\/afsinyedisevin.com\/wp-content\/uploads\/2024\/08\/WhatsApp-Image-2024-08-06-at-08.31.28.jpeg\" alt=\"\" width=\"700\" height=\"417\" srcset=\"https:\/\/afsinyedisevin.com\/wp-content\/uploads\/2024\/08\/WhatsApp-Image-2024-08-06-at-08.31.28.jpeg 700w, https:\/\/afsinyedisevin.com\/wp-content\/uploads\/2024\/08\/WhatsApp-Image-2024-08-06-at-08.31.28-300x179.jpeg 300w, https:\/\/afsinyedisevin.com\/wp-content\/uploads\/2024\/08\/WhatsApp-Image-2024-08-06-at-08.31.28-184x109.jpeg 184w\" sizes=\"(max-width: 700px) 100vw, 700px\" \/><\/p>\n<p style=\"text-align: justify;\"><strong>B\u00fcy\u00fcksevin Mahallesinden olup Alparslan Mahallesinde ikamet eden, Merhum Ali ve Hamide \u00c7elik&#8217;in k\u0131z\u0131 Recep K\u0131z\u0131lay&#8217;\u0131n e\u015fi, Fatih,\u00dcmit,Mustafa ve Ali K\u0131z\u0131lay&#8217;\u0131n anneleri Fadime K\u0131z\u0131lay vefat etti.<\/strong><\/p>\n<p style=\"text-align: justify;\"><strong>Cenazesi bug\u00fcn \u00f6\u011fle namaz\u0131na m\u00fcteakiben Ashab-\u0131 Kehf Camii \u015ferifinde k\u0131l\u0131nacak namaz\u0131n ard\u0131ndan B\u00fcy\u00fcksevin Mahallesi K\u0131z\u0131lkaya Mezras\u0131nda topra\u011fa verilecek.<\/strong><\/p>\n<p style=\"text-align: justify;\"><strong>Kur&#8217;an-\u0131 Kerimi Alparslan mahllesi kendi hanesinde okunacak.<\/strong><\/p>\n<p style=\"text-align: justify;\"><strong>Taziye i\u00e7in;<\/strong><\/p>\n<p style=\"text-align: justify;\"><strong>O\u011flu Fatih K\u0131z\u0131lay- 0 507 378 34 40<\/strong><\/p>\n<p style=\"text-align: justify;\"><strong>Allah rahmet eylesin.<\/strong><\/p>\n<p style=\"text-align: justify;\">\n","protected":false},"excerpt":{"rendered":"<p>B\u00fcy\u00fcksevin Mahallesinden olup Alparslan Mahallesinde ikamet eden, Merhum Ali ve Hamide \u00c7elik&#8217;in k\u0131z\u0131 Recep K\u0131z\u0131lay&#8217;\u0131n e\u015fi, Fatih,\u00dcmit,Mustafa ve Ali K\u0131z\u0131lay&#8217;\u0131n anneleri Fadime K\u0131z\u0131lay vefat<\/p>\n","protected":false},"author":1,"featured_media":5177,"comment_status":"open","ping_status":"open","sticky":false,"template":"","format":"standard","meta":{"_jetpack_memberships_contains_paid_content":false,"footnotes":""},"categories":[6,29,3,4,1],"tags":[],"class_list":["post-5176","post","type-post","status-publish","format-standard","has-post-thumbnail","hentry","category-buyuk-sevin","category-kizilkaya","category-manset-haber","category-vefatlar","category-yoremizden"],"jetpack_featured_media_url":"https:\/\/afsinyedisevin.com\/wp-content\/uploads\/2024\/08\/siyah-renkuo.jpg","jetpack_sharing_enabled":true,"_links":{"self":[{"href":"https:\/\/afsinyedisevin.com\/index.php\/wp-json\/wp\/v2\/posts\/5176","targetHints":{"allow":["GET"]}}],"collection":[{"href":"https:\/\/afsinyedisevin.com\/index.php\/wp-json\/wp\/v2\/posts"}],"about":[{"href":"https:\/\/afsinyedisevin.com\/index.php\/wp-json\/wp\/v2\/types\/post"}],"author":[{"embeddable":true,"href":"https:\/\/afsinyedisevin.com\/index.php\/wp-json\/wp\/v2\/users\/1"}],"replies":[{"embeddable":true,"href":"https:\/\/afsinyedisevin.com\/index.php\/wp-json\/wp\/v2\/comments?post=5176"}],"version-history":[{"count":1,"href":"https:\/\/afsinyedisevin.com\/index.php\/wp-json\/wp\/v2\/posts\/5176\/revisions"}],"predecessor-version":[{"id":5179,"href":"https:\/\/afsinyedisevin.com\/index.php\/wp-json\/wp\/v2\/posts\/5176\/revisions\/5179"}],"wp:featuredmedia":[{"embeddable":true,"href":"https:\/\/afsinyedisevin.com\/index.php\/wp-json\/wp\/v2\/media\/5177"}],"wp:attachment":[{"href":"https:\/\/afsinyedisevin.com\/index.php\/wp-json\/wp\/v2\/media?parent=5176"}],"wp:term":[{"taxonomy":"category","embeddable":true,"href":"https:\/\/afsinyedisevin.com\/index.php\/wp-json\/wp\/v2\/categories?post=5176"},{"taxonomy":"post_tag","embeddable":true,"href":"https:\/\/afsinyedisevin.com\/index.php\/wp-json\/wp\/v2\/tags?post=5176"}],"curies":[{"name":"wp","href":"https:\/\/api.w.org\/{rel}","templated":true}]}}