{"id":5129,"date":"2024-07-08T06:45:36","date_gmt":"2024-07-08T06:45:36","guid":{"rendered":"https:\/\/afsinyedisevin.com\/?p=5129"},"modified":"2024-07-08T08:27:35","modified_gmt":"2024-07-08T08:27:35","slug":"veli-ertugrul-vefat-etti","status":"publish","type":"post","link":"https:\/\/afsinyedisevin.com\/index.php\/2024\/07\/08\/veli-ertugrul-vefat-etti\/","title":{"rendered":"Veli ERTU\u011eRUL vefat etti."},"content":{"rendered":"<p style=\"text-align: justify;\"><strong><img loading=\"lazy\" decoding=\"async\" class=\"alignnone size-full wp-image-4809\" src=\"https:\/\/afsinyedisevin.com\/wp-content\/uploads\/2024\/01\/halild5.jpg\" alt=\"\" width=\"302\" height=\"202\" srcset=\"https:\/\/afsinyedisevin.com\/wp-content\/uploads\/2024\/01\/halild5.jpg 302w, https:\/\/afsinyedisevin.com\/wp-content\/uploads\/2024\/01\/halild5-300x201.jpg 300w\" sizes=\"(max-width: 302px) 100vw, 302px\" \/><img loading=\"lazy\" decoding=\"async\" class=\"alignnone size-full wp-image-5130\" src=\"https:\/\/afsinyedisevin.com\/wp-content\/uploads\/2024\/07\/WhatsApp-Image-2024-07-07-at-21.47.55.jpeg\" alt=\"\" width=\"800\" height=\"700\" srcset=\"https:\/\/afsinyedisevin.com\/wp-content\/uploads\/2024\/07\/WhatsApp-Image-2024-07-07-at-21.47.55.jpeg 800w, https:\/\/afsinyedisevin.com\/wp-content\/uploads\/2024\/07\/WhatsApp-Image-2024-07-07-at-21.47.55-300x263.jpeg 300w, https:\/\/afsinyedisevin.com\/wp-content\/uploads\/2024\/07\/WhatsApp-Image-2024-07-07-at-21.47.55-768x672.jpeg 768w\" sizes=\"(max-width: 800px) 100vw, 800px\" \/><\/strong><\/p>\n<p style=\"text-align: justify;\"><strong>T\u00fcrksevin mahallesinden olup Af\u015finbey Mahallesinde ikamet eden,\u0130brahim,Ersan,Ersin,Erkut,Mehmet Ertu\u011frul ile Esin \u00c7avdar,Fatma Kurto\u011flu ve Nuriye \u0130\u00e7en&#8217;in babalar\u0131 Veli Ertu\u011frul vefat etti.<\/strong><\/p>\n<p style=\"text-align: justify;\"><strong>Cenazesi bug\u00fcn \u00f6\u011fle namaz\u0131na m\u00fcteakiben Ashab-\u0131 Kehf Camii \u015eerifinde k\u0131l\u0131nacak namaz\u0131n ard\u0131ndan Asri Mezarl\u0131kta topra\u011fa verilecek.<\/strong><\/p>\n<p style=\"text-align: justify;\"><strong>Taziye yeri: Af\u015finbey Mahallesi Ye\u015filevler dubleks evler yan\u0131<\/strong><\/p>\n<p style=\"text-align: justify;\"><strong>Taziye i\u00e7in;<\/strong><\/p>\n<p style=\"text-align: justify;\"><strong>0 505 296 5864 Ersan Ertu\u011frul, o\u011flu <\/strong><br \/>\n<strong>0 507 226 4466 Mehmet Ertu\u011frul, o\u011flu <\/strong><br \/>\n<strong>0 506 251 3953 \u0130brahim Ertu\u011frul, o\u011flu<\/strong><\/p>\n<p style=\"text-align: justify;\"><strong>Allah rahmet eylesin.<\/strong><\/p>\n","protected":false},"excerpt":{"rendered":"<p>T\u00fcrksevin mahallesinden olup Af\u015finbey Mahallesinde ikamet eden,\u0130brahim,Ersan,Ersin,Erkut,Mehmet Ertu\u011frul ile Esin \u00c7avdar,Fatma Kurto\u011flu ve Nuriye \u0130\u00e7en&#8217;in babalar\u0131 Veli Ertu\u011frul vefat etti. Cenazesi bug\u00fcn \u00f6\u011fle namaz\u0131na<\/p>\n","protected":false},"author":1,"featured_media":5131,"comment_status":"open","ping_status":"open","sticky":false,"template":"","format":"standard","meta":{"_jetpack_memberships_contains_paid_content":false,"footnotes":""},"categories":[3,7,4,1],"tags":[],"class_list":["post-5129","post","type-post","status-publish","format-standard","has-post-thumbnail","hentry","category-manset-haber","category-turk-sevin","category-vefatlar","category-yoremizden"],"jetpack_featured_media_url":"https:\/\/afsinyedisevin.com\/wp-content\/uploads\/2024\/07\/siyah-renky.jpg","jetpack_sharing_enabled":true,"_links":{"self":[{"href":"https:\/\/afsinyedisevin.com\/index.php\/wp-json\/wp\/v2\/posts\/5129","targetHints":{"allow":["GET"]}}],"collection":[{"href":"https:\/\/afsinyedisevin.com\/index.php\/wp-json\/wp\/v2\/posts"}],"about":[{"href":"https:\/\/afsinyedisevin.com\/index.php\/wp-json\/wp\/v2\/types\/post"}],"author":[{"embeddable":true,"href":"https:\/\/afsinyedisevin.com\/index.php\/wp-json\/wp\/v2\/users\/1"}],"replies":[{"embeddable":true,"href":"https:\/\/afsinyedisevin.com\/index.php\/wp-json\/wp\/v2\/comments?post=5129"}],"version-history":[{"count":2,"href":"https:\/\/afsinyedisevin.com\/index.php\/wp-json\/wp\/v2\/posts\/5129\/revisions"}],"predecessor-version":[{"id":5133,"href":"https:\/\/afsinyedisevin.com\/index.php\/wp-json\/wp\/v2\/posts\/5129\/revisions\/5133"}],"wp:featuredmedia":[{"embeddable":true,"href":"https:\/\/afsinyedisevin.com\/index.php\/wp-json\/wp\/v2\/media\/5131"}],"wp:attachment":[{"href":"https:\/\/afsinyedisevin.com\/index.php\/wp-json\/wp\/v2\/media?parent=5129"}],"wp:term":[{"taxonomy":"category","embeddable":true,"href":"https:\/\/afsinyedisevin.com\/index.php\/wp-json\/wp\/v2\/categories?post=5129"},{"taxonomy":"post_tag","embeddable":true,"href":"https:\/\/afsinyedisevin.com\/index.php\/wp-json\/wp\/v2\/tags?post=5129"}],"curies":[{"name":"wp","href":"https:\/\/api.w.org\/{rel}","templated":true}]}}