{"id":5111,"date":"2024-06-25T07:40:00","date_gmt":"2024-06-25T07:40:00","guid":{"rendered":"https:\/\/afsinyedisevin.com\/?p=5111"},"modified":"2024-06-25T07:43:16","modified_gmt":"2024-06-25T07:43:16","slug":"karacaoglan-binbogali-midir","status":"publish","type":"post","link":"https:\/\/afsinyedisevin.com\/index.php\/2024\/06\/25\/karacaoglan-binbogali-midir\/","title":{"rendered":"Karacao\u011flan Binbo\u011fa&#8217;l\u0131 m\u0131d\u0131r?"},"content":{"rendered":"<p style=\"text-align: justify;\"><strong><img loading=\"lazy\" decoding=\"async\" class=\"alignnone size-full wp-image-4809\" src=\"https:\/\/afsinyedisevin.com\/wp-content\/uploads\/2024\/01\/halild5.jpg\" alt=\"\" width=\"302\" height=\"202\" srcset=\"https:\/\/afsinyedisevin.com\/wp-content\/uploads\/2024\/01\/halild5.jpg 302w, https:\/\/afsinyedisevin.com\/wp-content\/uploads\/2024\/01\/halild5-300x201.jpg 300w\" sizes=\"(max-width: 302px) 100vw, 302px\" \/><\/strong><\/p>\n<p><img loading=\"lazy\" decoding=\"async\" class=\"alignnone size-full wp-image-5112\" src=\"https:\/\/afsinyedisevin.com\/wp-content\/uploads\/2024\/06\/hbg.jpg\" alt=\"\" width=\"700\" height=\"393\" srcset=\"https:\/\/afsinyedisevin.com\/wp-content\/uploads\/2024\/06\/hbg.jpg 700w, https:\/\/afsinyedisevin.com\/wp-content\/uploads\/2024\/06\/hbg-300x168.jpg 300w\" sizes=\"(max-width: 700px) 100vw, 700px\" \/><\/p>\n<p style=\"text-align: justify;\"><strong>Karacao\u011flan Edebiyat\u0131m\u0131zda ve k\u00fclt\u00fcr\u00fcm\u00fczde e\u015fsiz bir yere sahip Halk Ozan\u0131m\u0131zd\u0131r. Karacao\u011flan&#8217;\u0131n nereli oldu\u011funa dair \u00e7ok s\u00f6ylenti olmas\u0131na ve mezar\u0131n\u0131n da Anadolu&#8217;nun bir \u00e7ok yerinde oldu\u011fu s\u00f6ylenmesine ra\u011fmen hala net olarak bir bilgi bulunmamaktad\u0131r.<\/strong><\/p>\n<p style=\"text-align: justify;\"><strong>Af\u015finli hem\u015fehrimiz Gulyamin Karabulut, kaleme ald\u0131\u011f\u0131 yaz\u0131s\u0131nda Karacao\u011flan&#8217;\u0131n Binbo\u011fa&#8217;l\u0131 oldu\u011funa dair \u015fiirlerinde ve eserlerinde iz buldu\u011funu ifade etmektedir.<\/strong><\/p>\n<p style=\"text-align: justify;\"><strong>Bizler de bu yaz\u0131y\u0131 ve yaz\u0131n\u0131n sonunda Gulyamin Karabulut taraf\u0131ndan kaleme al\u0131nan \u015fiiri sizlerle payla\u015f\u0131yoruz.<\/strong><\/p>\n<p><img loading=\"lazy\" decoding=\"async\" class=\"alignnone size-full wp-image-5115\" src=\"https:\/\/afsinyedisevin.com\/wp-content\/uploads\/2024\/06\/WhatsApp-Image-2024-06-24-at-18.13.24y.jpeg\" alt=\"\" width=\"700\" height=\"453\" srcset=\"https:\/\/afsinyedisevin.com\/wp-content\/uploads\/2024\/06\/WhatsApp-Image-2024-06-24-at-18.13.24y.jpeg 700w, https:\/\/afsinyedisevin.com\/wp-content\/uploads\/2024\/06\/WhatsApp-Image-2024-06-24-at-18.13.24y-300x194.jpeg 300w, https:\/\/afsinyedisevin.com\/wp-content\/uploads\/2024\/06\/WhatsApp-Image-2024-06-24-at-18.13.24y-115x73.jpeg 115w\" sizes=\"(max-width: 700px) 100vw, 700px\" \/><\/p>\n<p style=\"text-align: justify;\"><strong>DAVET.<\/strong><\/p>\n<p style=\"text-align: justify;\"><strong>Karacao\u011flan&#8217;\u0131n nerde do\u011fdu\u011fu kesin olarak bilinmemektedir. Karacao\u011flan denildi\u011finde bir ki\u015fi olarak bilinse de birden fazla ki\u015fi oldu\u011fu s\u00f6ylenir. Yurdun pek \u00e7ok yerlerinde mezar\u0131n\u0131n bulunmas\u0131 onun halk taraf\u0131ndan sevildi\u011fini g\u00f6sterir. Gerek \u015fiirlerinde gerek y\u00f6re halk\u0131 taraf\u0131ndan&#8230;<\/strong><\/p>\n<p style=\"text-align: justify;\"><strong>Ayr\u0131ca ben 2010 y\u0131l\u0131nda \u0130slahiye&#8217;de 2015&#8217;li y\u0131llarda Ceyhan da g\u00f6rev yapt\u0131m. Orada ihtiyarlardan da duydum Af\u015fin&#8217;in Binbo\u011fa&#8217;da d\u00fcnya ya geldi\u011fi, kendi \u015fiirlerinden anla\u015f\u0131lmaktad\u0131r.<\/strong><\/p>\n<p style=\"text-align: justify;\"><strong>-Af\u015fin&#8217;in Binbo\u011fa eteklerinde Hunu,Lor\u015fun ,Maravuz k\u00f6ylerine ba\u011fl\u0131 Tikenli,Bostanbeli, G\u00f6k\u00e7ebel,G\u00fcvek \u00d6seren \u0130ncirli ,Evci yurdu, Ebelikli, Cinli oluk, Da\u015f oluk, Bozkoyunlar, Kurad, Peynirlik, Tahtal\u0131, G\u00f6vdeli, Barhana,gibi \u00e7ok g\u00fczel yaylalar\u0131 bulunmaktad\u0131r. Yaz aylar\u0131na \u00c7ukurovadan s\u00fcr\u00fcler yaylaya gelirlerdi. Ayr\u0131ca Sevin k\u00f6yleri i\u00e7inde Kilise, \u00d6renderesi, Oyumgoz,(Binbo\u011fa) k\u00f6yleri mevcuttur. \u00a0<\/strong><\/p>\n<p style=\"text-align: justify;\"><strong>Karacao\u011flan \u015f\u00f6yle seslenir. Binbo\u011fad\u0131r benim elim,<\/strong><\/p>\n<p style=\"text-align: justify;\"><strong>K\u0131r\u0131ld\u0131 kanad\u0131m kolum.<\/strong><\/p>\n<p style=\"text-align: justify;\"><strong>Gurbet ele d\u00fc\u015ft\u00fc yolum<\/strong><\/p>\n<p style=\"text-align: justify;\"><strong>\u00a0&#8212; &#8212; &#8212;&#8211;<\/strong><\/p>\n<p style=\"text-align: justify;\"><strong>*<\/strong><\/p>\n<p style=\"text-align: justify;\"><strong>De\u011firmenden geldim beygirim y\u00fckl\u00fc,<\/strong><\/p>\n<p style=\"text-align: justify;\"><strong>\u015eu k\u0131z\u0131 g\u00f6renin deli olur akl\u0131.<\/strong><\/p>\n<p style=\"text-align: justify;\"><strong>On be\u015f ya\u015f\u0131nda k\u0131r\u0131k be\u015f belikli,<\/strong><\/p>\n<p style=\"text-align: justify;\"><strong>Bir k\u0131z bana emmi dedi neyleyim.<\/strong><\/p>\n<p style=\"text-align: justify;\"><strong>*<\/strong><\/p>\n<p style=\"text-align: justify;\"><strong>Birem birem toplayay\u0131m odunu,<\/strong><\/p>\n<p style=\"text-align: justify;\"><strong>Bilem dedim bilemedim ad\u0131n\u0131,<\/strong><\/p>\n<p style=\"text-align: justify;\"><strong>Alb\u0131stan yanakl\u0131 T\u00fcrkmen kad\u0131n\u0131,<\/strong><\/p>\n<p style=\"text-align: justify;\"><strong>Bir k\u0131z bana emmi dedi neyleyim.<\/strong><\/p>\n<p style=\"text-align: justify;\"><strong>*<\/strong><\/p>\n<p style=\"text-align: justify;\"><strong>\u00a0&#8212;&#8212;-****&#8212;&#8211;******<\/strong><\/p>\n<p style=\"text-align: justify;\"><strong>Karaco\u011flan melil, mahzun oturur,<\/strong><\/p>\n<p style=\"text-align: justify;\"><strong>A\u011flamaktan kendi ya\u015f\u0131n bitirir.<\/strong><\/p>\n<p style=\"text-align: justify;\"><strong>Herkes ate\u015fini burdan g\u00f6t\u00fcr\u00fcr,<\/strong><\/p>\n<p style=\"text-align: justify;\"><strong>O d\u00fcnyada ate\u015f olmaz, n\u00e2r olmaz<\/strong><\/p>\n<p style=\"text-align: justify;\"><strong>-**&#8212;&#8212;&#8212;&#8212;&#8212;-**&#8212;-<\/strong><\/p>\n<p style=\"text-align: justify;\"><strong>*<\/strong><\/p>\n<p style=\"text-align: justify;\"><strong>\u0130ncecikten bir kar ya\u011far,<\/strong><\/p>\n<p style=\"text-align: justify;\"><strong>Tozar Elif Elif diye.<\/strong><\/p>\n<p style=\"text-align: justify;\"><strong>Deli g\u00f6n\u00fcl aptal olmu\u015f,<\/strong><\/p>\n<p style=\"text-align: justify;\"><strong>Gezer Elif Elif diye.<\/strong><\/p>\n<p style=\"text-align: justify;\"><strong>*<\/strong><\/p>\n<p style=\"text-align: justify;\"><strong>\u0130ncecik de Elbistan&#8217;\u0131n bir k\u00f6y\u00fc. Elif&#8217;in de bu k\u00f6yden oldu\u011fu s\u00f6ylenir. Karacao\u011flan Elif&#8217;ten ba\u015fka g\u00fczellere s\u00f6yledi\u011fi bilinir. Karacao\u011flan t\u00fcrk\u00fclerimde A\u015fka sevdaya dair ne varsa s\u00f6yledim der. Benden sonraki \u00e2\u015f\u0131klar &#8221;Anas\u0131n\u0131n tuman\u0131na s\u00f6yler.&#8221; der. Mahsuni de cevaben &#8221;Benden \u00f6nceki \u00e2\u015f\u0131klar orada burada heder oldu.&#8221; der. O h\u00e2lde Karacao\u011flan ilgili bir hik\u00e2ye anlatal\u0131m. Bana da rahmetli babam anlatm\u0131\u015ft\u0131:<\/strong><\/p>\n<p style=\"text-align: justify;\"><strong>Karacao\u011flan gen\u00e7li\u011finde d\u00fc\u011f\u00fcnlerde saz \u00e7alar t\u00fcrk\u00fc s\u00f6ylermi\u015f. Bir g\u00fcn yak\u0131n bir kom\u015fu k\u00f6ye d\u00fc\u011f\u00fcn \u00e7almaya gider, gitti\u011fi k\u00f6yde saz\u0131n\u0131n teli kopar. O gece hemen at\u0131na atlar evine gelir eve u\u011frad\u0131\u011f\u0131nda ne g\u00f6rs\u00fcn! Kar\u0131s\u0131na bek\u00e7i diye koydu\u011fu yi\u011fenini kar\u0131s\u0131n\u0131n koynunda g\u00f6r\u00fcr. Hi\u00e7 seslenmez s\u0131rt\u0131ndaki paltosunu bunlar\u0131n \u00fczerine \u00f6rter oradan ayr\u0131l\u0131r. Kar\u0131s\u0131 sabah uyand\u0131klar\u0131nda &#8221;Eyvah gece day\u0131n eve gelmi\u015f! D\u00fc\u011f\u00fcne bu paltoyla gitmi\u015fti.&#8221; der. D\u00fc\u011f\u00fcn biter, eve d\u00f6nd\u00fc\u011f\u00fcnde yi\u011feni ka\u00e7ar han\u0131m\u0131na da &#8221;Soyun!&#8221; der ana \u00fcryan soyar bir k\u0131l \u00e7ula sarar art\u0131k d\u00fcnya ahret bac\u0131ms\u0131n ister yi\u011fenime ister babay\u0131n evine git der, ve kendi de Af\u015fin&#8217;de art\u0131k bu ellerde kalamam der biner at\u0131na giderkene saz\u0131 eline al\u0131r. \u015e\u00f6yle seslenir.<\/strong><\/p>\n<p style=\"text-align: justify;\"><strong>Dinleyin a\u011falar zamane azg\u0131n,<\/strong><\/p>\n<p style=\"text-align: justify;\"><strong>Yi\u011fidin ba\u015f\u0131nda d\u00f6ner bir kuzgun,<\/strong><\/p>\n<p style=\"text-align: justify;\"><strong>Bideri iyide tarlas\u0131 bozgun,<\/strong><\/p>\n<p style=\"text-align: justify;\"><strong>Yi\u011fit ne desin day\u0131 olmay\u0131nca.<\/strong><\/p>\n<p style=\"text-align: justify;\"><strong>*<\/strong><\/p>\n<p style=\"text-align: justify;\"><strong>S\u00f6ylerim s\u00f6ylerim s\u00f6z\u00fcmden almaz,<\/strong><\/p>\n<p style=\"text-align: justify;\"><strong>Nideyim cahildir hal\u0131mdan bilmez,<\/strong><\/p>\n<p style=\"text-align: justify;\"><strong>Bu dostlu\u011fun senin boyuna s\u00fcrmez,<\/strong><\/p>\n<p style=\"text-align: justify;\"><strong>Anadan atadan soy olmay\u0131nca.<\/strong><\/p>\n<p style=\"text-align: justify;\"><strong>*<\/strong><\/p>\n<p style=\"text-align: justify;\"><strong>Amana da deli g\u00f6n\u00fcl amana,<\/strong><\/p>\n<p style=\"text-align: justify;\"><strong>Kalmad\u0131 iyi g\u00fcn devri zamana,<\/strong><\/p>\n<p style=\"text-align: justify;\"><strong>Cevheride denk ettiler samana,<\/strong><\/p>\n<p style=\"text-align: justify;\"><strong>Y\u00fck nasn\u0131t\u0131 bulmaz tay olmay\u0131nca.<\/strong><\/p>\n<p style=\"text-align: justify;\"><strong>*<\/strong><\/p>\n<p style=\"text-align: justify;\"><strong>Karcao\u011flan derki yi\u011fitler \u00f6ver,<\/strong><\/p>\n<p style=\"text-align: justify;\"><strong>A\u00e7\u0131lm\u0131\u015f meyveler dal\u0131n\u0131 e\u011fer,<\/strong><\/p>\n<p style=\"text-align: justify;\"><strong>G\u00fczelin k\u0131ymeti bin alt\u0131n de\u011fer,<\/strong><\/p>\n<p style=\"text-align: justify;\"><strong>Netmeli g\u00fczeli huy olmay\u0131nca.<\/strong><\/p>\n<p style=\"text-align: justify;\"><strong>*<\/strong><\/p>\n<p style=\"text-align: justify;\"><strong>\u00a0&#8212;-***&#8212;&#8212;&#8212;&#8212;***&#8212;&#8212;&#8211;<\/strong><\/p>\n<p style=\"text-align: justify;\"><strong>*<\/strong><\/p>\n<p style=\"text-align: justify;\"><strong>Yolu Bertize \u00e7\u0131kar. Orada epey bir zaman kal\u0131r ama i\u00e7i rahat de\u011fil. Oradan Nurda\u011f\u0131 K\u00f6m\u00fcrlere ge\u00e7er. Orada da tan\u0131d\u0131klarla kar\u015f\u0131la\u015f\u0131r. Oradan da ayr\u0131l\u0131r. Farsaklara var\u0131r. \u00c7ukurova\u2019y\u0131 dola\u015f\u0131r, t\u00fcm Anadolu\u2019yu gezer. Sonra zaman zaman s\u0131las\u0131na d\u00f6ner. Karacao\u011flan t\u00fcm d\u00fcnyaya mal olmu\u015f b\u00fcy\u00fck bir Ozand\u0131r. Mara\u015f\u2019\u0131n T\u00fcrko\u011flu Hodul Cezel yaylas\u0131nda 95 ya\u015f\u0131nda \u00f6l\u00fcr. \u015eu an mezar\u0131 Mara\u015f\u2019\u0131n Cezel yaylas\u0131nda bulunmaktad\u0131r.<\/strong><\/p>\n<p style=\"text-align: justify;\"><strong>Bu tur ezgileri \u00e7obanlardan dinleyeceksin. 1965\u2019li y\u0131llarda K\u00f6ylerde k\u00f6y odalar\u0131 olurdu, K\u00f6yl\u00fc toplan\u0131r herkes h\u00fcnerini g\u00f6sterirdi. Af\u015fin\u2019in Eskiden Dedebaba mahallesiydi. Af\u015finbey mahallesi, Bo\u015fnaklarda \u00e7obanl\u0131k yapan \u00c7a\u011f\u0131lhanl\u0131 Hac\u0131 Osman emmi bizim obada ak\u015famlar\u0131 hep hikayeler anlat\u0131rd\u0131. Bir keresinde ondan dinlemi\u015ftim. Hac\u0131 Osman emmiyi y\u00f6rede eskiler iyi bilir. Hik\u00e2ye bitince &#8221;G\u00f6kten \u00fc\u00e7 elma d\u00fc\u015fm\u00fc\u015f biri bana ,biri hik\u00e2yeyi anlatana bazan biri k\u00f6y\u00fcn \u00e7oban\u0131na di\u011feri de bizim hatunun olsun.&#8221; Der. Biz de &#8221;Bize yok mu?&#8221; der g\u00fcl\u00fc\u015f\u00fcrd\u00fck. Allah gani gani rahmet eylesin. Ben de Karacao\u011flan\u2019\u0131n bu da\u011f ba\u015f\u0131nda mezar\u0131n\u0131 g\u00f6r\u00fcnce duyguland\u0131m.<\/strong><\/p>\n<p style=\"text-align: justify;\"><strong>Af\u015fin&#8217;in da\u011flar\u0131, k\u00f6yleri, yaylalar\u0131 akl\u0131ma geldi. Al\u0131p Af\u015fin\u2019e g\u00f6t\u00fcresim geldi. Ger\u00e7i Necip Faz\u0131l, Mahsuni, Karako\u00e7\u2019un da mezarlar\u0131 da gurbet elde kald\u0131.<\/strong><\/p>\n<p style=\"text-align: justify;\"><strong>Geldim bakt\u0131m mezar\u0131y\u0131n ba\u015f\u0131na,<\/strong><\/p>\n<p style=\"text-align: justify;\"><strong>Bayku\u015flar konmu\u015f \u00f6ter ta\u015f\u0131na,<\/strong><\/p>\n<p style=\"text-align: justify;\"><strong>Hodul Cezel de a\u015f\u0131klar\u0131n i\u015fine,<\/strong><\/p>\n<p style=\"text-align: justify;\"><strong>Karacao\u011flan ne yat\u0131yon kalk gayr\u0131.<\/strong><\/p>\n<p style=\"text-align: justify;\"><strong>*<\/strong><\/p>\n<p style=\"text-align: justify;\"><strong>K\u00fcrek al\u0131r mezar\u0131n\u0131 kazar\u0131m,<\/strong><\/p>\n<p style=\"text-align: justify;\"><strong>Kalem al\u0131r deyi\u015flerin yazar\u0131m,<\/strong><\/p>\n<p style=\"text-align: justify;\"><strong>Gelirsen senin ile gezerim,<\/strong><\/p>\n<p style=\"text-align: justify;\"><strong>Karacao\u011flan ne yat\u0131yon kalk gayr\u0131.<\/strong><\/p>\n<p style=\"text-align: justify;\"><strong>*<\/strong><\/p>\n<p style=\"text-align: justify;\"><strong>\u015eimdi bahar geldi karlar eridi,<\/strong><\/p>\n<p style=\"text-align: justify;\"><strong>Karacao\u011flan ne yat\u0131yon kalk gayr\u0131,<\/strong><\/p>\n<p style=\"text-align: justify;\"><strong>\u00d6zlemedin mi Binbo\u011fa&#8217;y\u0131 Berid&#8217;i,<\/strong><\/p>\n<p style=\"text-align: justify;\"><strong>Karacao\u011flan ne yat\u0131yon gel gayr\u0131.<\/strong><\/p>\n<p style=\"text-align: justify;\"><strong>*<\/strong><\/p>\n<p style=\"text-align: justify;\"><strong>Han\u0131 nerde saz\u0131n nerede at\u0131n,<\/strong><\/p>\n<p style=\"text-align: justify;\"><strong>Her nereye gitsek s\u00f6ylenir methin,<\/strong><\/p>\n<p style=\"text-align: justify;\"><strong>Mezar\u0131n \u00fcst\u00fcnde b\u00fcy\u00fcm\u00fc\u015f otun,<\/strong><\/p>\n<p style=\"text-align: justify;\"><strong>Karacao\u011flan ne yat\u0131yon kalk gayr\u0131.<\/strong><\/p>\n<p style=\"text-align: justify;\"><strong>*<\/strong><\/p>\n<p style=\"text-align: justify;\"><strong>Elif&#8217;in her g\u00fcn yollara bak\u0131yor,<\/strong><\/p>\n<p style=\"text-align: justify;\"><strong>Da\u011flar tepeler hep Elif kokuyor,<\/strong><\/p>\n<p style=\"text-align: justify;\"><strong>Dereler \u0131rmaklar elif ak\u0131yor,<\/strong><\/p>\n<p style=\"text-align: justify;\"><strong>Karacao\u011flan ne yat\u0131yon kalk gayr\u0131.<\/strong><\/p>\n<p style=\"text-align: justify;\"><strong>*<\/strong><\/p>\n<p style=\"text-align: justify;\"><strong>Nereler dola\u015ft\u0131n nereyi gezdin,<\/strong><\/p>\n<p style=\"text-align: justify;\"><strong>Bunca t\u00fcrk\u00fcleri kimlere yazd\u0131n,<\/strong><\/p>\n<p style=\"text-align: justify;\"><strong>Af\u015fin\u2019e mi, Alb\u0131stan\u2019a m\u0131 k\u0131zd\u0131n,<\/strong><\/p>\n<p style=\"text-align: justify;\"><strong>Karacao\u011flan ne yat\u0131yon gel gayr\u0131.<\/strong><\/p>\n<p style=\"text-align: justify;\"><strong>*<\/strong><\/p>\n<p style=\"text-align: justify;\"><strong>Kartal gibi y\u00fccelerde d\u00f6nerdin,<\/strong><\/p>\n<p style=\"text-align: justify;\"><strong>K\u0131\u015f gelince \u00c7ukurova\u2019ya enerdin,<\/strong><\/p>\n<p style=\"text-align: justify;\"><strong>Saz\u0131n ile ustalar\u0131 yenerdin,<\/strong><\/p>\n<p style=\"text-align: justify;\"><strong>Karacao\u011flan ne yat\u0131yon gel gayr\u0131.<\/strong><\/p>\n<p style=\"text-align: justify;\"><strong>*<\/strong><\/p>\n<p style=\"text-align: justify;\"><strong>Sarayc\u0131\u011f\u0131n belinden ge\u00e7ersin,<\/strong><\/p>\n<p style=\"text-align: justify;\"><strong>Tekir\u2019in so\u011fuk suyundan i\u00e7ersin,<\/strong><\/p>\n<p style=\"text-align: justify;\"><strong>Elbistan da belikleri a\u00e7ars\u0131n,<\/strong><\/p>\n<p style=\"text-align: justify;\"><strong>Karacao\u011flan ne yat\u0131yon gel gayr\u0131.<\/strong><\/p>\n<p style=\"text-align: justify;\"><strong>*<\/strong><\/p>\n<p style=\"text-align: justify;\"><strong>\u015eimdi bizim elde dumanl\u0131 da\u011flar,<\/strong><\/p>\n<p style=\"text-align: justify;\"><strong>Ovalar sislendi kurudu ba\u011flar,<\/strong><\/p>\n<p style=\"text-align: justify;\"><strong>Hurman\u0131n suyu bulan\u0131k \u00e7a\u011flar,<\/strong><\/p>\n<p style=\"text-align: justify;\"><strong>Karacao\u011flan ne yat\u0131yon gel gayr\u0131.<\/strong><\/p>\n<p style=\"text-align: justify;\"><strong>*<\/strong><\/p>\n<p style=\"text-align: justify;\"><strong>Sular kurudu de\u011firmenler u\u00e7tu,<\/strong><\/p>\n<p style=\"text-align: justify;\"><strong>Sensiz bizim elin dad\u0131 da ka\u00e7t\u0131,<\/strong><\/p>\n<p style=\"text-align: justify;\"><strong>K\u00fcs\u00fcp k\u0131r\u0131lman\u0131n zaman\u0131 ge\u00e7ti,<\/strong><\/p>\n<p style=\"text-align: justify;\"><strong>Karacao\u011flan ne yat\u0131yon kalk gayr\u0131.<\/strong><\/p>\n<p style=\"text-align: justify;\"><strong>*<\/strong><\/p>\n<p style=\"text-align: justify;\"><strong>\u015eimdi tarlar\u0131 trakt\u00f6r eker,<\/strong><\/p>\n<p style=\"text-align: justify;\"><strong>Makine de\u011firmen un bulgur \u00e7eker,<\/strong><\/p>\n<p style=\"text-align: justify;\"><strong>Dedebaba \u00f6ks\u00fcz boynunu b\u00fcker,<\/strong><\/p>\n<p style=\"text-align: justify;\"><strong>Karacao\u011flan ne yat\u0131yon gel gayr\u0131.<\/strong><\/p>\n<p style=\"text-align: justify;\"><strong>*<\/strong><\/p>\n<p style=\"text-align: justify;\"><strong>Atlas tepesinin kar\u0131 eridi,<\/strong><\/p>\n<p style=\"text-align: justify;\"><strong>\u00c7erkez Memmedin de ark\u0131 kurudu,<\/strong><\/p>\n<p style=\"text-align: justify;\"><strong>Bin koyunlu s\u00fcr\u00fcleri var\u0131d\u0131,<\/strong><\/p>\n<p style=\"text-align: justify;\"><strong>Karacao\u011flan ne yat\u0131yon gel gayr\u0131.<\/strong><\/p>\n<p style=\"text-align: justify;\"><strong>*<\/strong><\/p>\n<p style=\"text-align: justify;\"><strong>\u00c7o\u011fulhan yaz\u0131s\u0131 duman t\u00fct\u00fcyor,<\/strong><\/p>\n<p style=\"text-align: justify;\"><strong>Kurat\u0131n belinde karga \u00f6t\u00fcyor,<\/strong><\/p>\n<p style=\"text-align: justify;\"><strong>\u00c7ok minnet eyledim gene yat\u0131yor,<\/strong><\/p>\n<p style=\"text-align: justify;\"><strong>Karacao\u011flan ne yat\u0131yon gel gayr\u0131.<\/strong><\/p>\n<p style=\"text-align: justify;\"><strong>*<\/strong><\/p>\n<p style=\"text-align: justify;\"><strong>Ay\u0131 mekan\u0131nda \u00e7i\u00e7ek a\u00e7m\u0131yor,<\/strong><\/p>\n<p style=\"text-align: justify;\"><strong>Osmano\u011fluna sinem g\u00f6\u00e7m\u00fcyor,<\/strong><\/p>\n<p style=\"text-align: justify;\"><strong>\u00c7oban p\u0131nar\u0131ndan kimse i\u00e7miyor,<\/strong><\/p>\n<p style=\"text-align: justify;\"><strong>Karacao\u011flan ne yat\u0131yon gel gayr\u0131.<\/strong><\/p>\n<p style=\"text-align: justify;\"><strong>*<\/strong><\/p>\n<p style=\"text-align: justify;\"><strong>Atlas suyu hep kurudu akm\u0131yor,<\/strong><\/p>\n<p style=\"text-align: justify;\"><strong>Suyung\u0131rana da ala bal\u0131k \u00e7\u0131km\u0131yor,<\/strong><\/p>\n<p style=\"text-align: justify;\"><strong>K\u0131z\u0131lc\u0131\u011f\u0131n \u00e7iri\u015fleri kokmuyor,<\/strong><\/p>\n<p style=\"text-align: justify;\"><strong>Karacao\u011flan ne yat\u0131yon gel gayr\u0131.<\/strong><\/p>\n<p style=\"text-align: justify;\"><strong>*<\/strong><\/p>\n<p style=\"text-align: justify;\"><strong>Okula gidiyor k\u00f6y\u00fcn balas\u0131,<\/strong><\/p>\n<p style=\"text-align: justify;\"><strong>U\u00e7ar oldu Maravuzun kalesi,<\/strong><\/p>\n<p style=\"text-align: justify;\"><strong>\u00d6t\u00fc\u015fm\u00fcyor kekliklerin alas\u0131,<\/strong><\/p>\n<p style=\"text-align: justify;\"><strong>Karacao\u011flan ne yat\u0131yon gel gayr\u0131.<\/strong><\/p>\n<p style=\"text-align: justify;\"><strong>*<\/strong><\/p>\n<p style=\"text-align: justify;\"><strong>Da\u011flara t\u00fcneller yollar a\u00e7\u0131ld\u0131,<\/strong><\/p>\n<p style=\"text-align: justify;\"><strong>Azg\u0131n \u00e7aylar k\u00f6pr\u00fclerle ge\u00e7ildi,<\/strong><\/p>\n<p style=\"text-align: justify;\"><strong>U\u00e7aklarla g\u00f6k y\u00fcz\u00fcnde u\u00e7uldu,<\/strong><\/p>\n<p style=\"text-align: justify;\"><strong>Karacao\u011flan ne yat\u0131yon gel gayr\u0131.<\/strong><\/p>\n<p style=\"text-align: justify;\"><strong>*<\/strong><\/p>\n<p style=\"text-align: justify;\"><strong>Halep g\u00f6sterene \u00e7\u0131kar bakar\u0131m,<\/strong><\/p>\n<p style=\"text-align: justify;\"><strong>Yolu bulamazsan ate\u015f yakar\u0131m,<\/strong><\/p>\n<p style=\"text-align: justify;\"><strong>Mavzeri doldurur koyaklara s\u0131kar\u0131m,<\/strong><\/p>\n<p style=\"text-align: justify;\"><strong>Karacao\u011flan ne yat\u0131yon gel gayr\u0131.<\/strong><\/p>\n<p style=\"text-align: justify;\"><strong>*<\/strong><\/p>\n<p style=\"text-align: justify;\"><strong>Binbo\u011fa\u2019da bir tepe var ad\u0131 halep g\u00f6steren,<\/strong><\/p>\n<p style=\"text-align: justify;\"><strong>Bilemiyom oradan bak\u0131nca Halep g\u00f6r\u00fcn\u00fcrm\u00fcym\u00fc\u015f?<\/strong><\/p>\n<p style=\"text-align: justify;\"><strong>*<\/strong><\/p>\n<p style=\"text-align: justify;\"><strong>O eski a\u015f\u0131klar sazlar kalmad\u0131.<\/strong><\/p>\n<p style=\"text-align: justify;\"><strong>Mevsimler de\u011fi\u015fti yazlar kalmad\u0131,<\/strong><\/p>\n<p style=\"text-align: justify;\"><strong>\u00c7e\u015fme ba\u015flar\u0131nda k\u0131zlar kalmad\u0131,<\/strong><\/p>\n<p style=\"text-align: justify;\"><strong>Karacao\u011flan ne yat\u0131yon gel gayr\u0131.<\/strong><\/p>\n<p style=\"text-align: justify;\"><strong>*<\/strong><\/p>\n<p style=\"text-align: justify;\"><strong>\u015eimdi t\u00fcrk\u00fclerin her yerde okunur,<\/strong><\/p>\n<p style=\"text-align: justify;\"><strong>Y\u00fcn kalkt\u0131 asbablar pamuklu dokunur,<\/strong><\/p>\n<p style=\"text-align: justify;\"><strong>Konu kom\u015fular her g\u00fcn yola bak\u0131n\u0131r,<\/strong><\/p>\n<p style=\"text-align: justify;\"><strong>Karacao\u011flan ne yat\u0131yon gel gayr\u0131.<\/strong><\/p>\n<p style=\"text-align: justify;\"><strong>*<\/strong><\/p>\n<p style=\"text-align: justify;\"><strong>Koca \u00f6k\u00fcz kalmad\u0131 ayr\u0131k yol a\u00e7acak,<\/strong><\/p>\n<p style=\"text-align: justify;\"><strong>\u015eahan kalmad\u0131 avlara salacak,<\/strong><\/p>\n<p style=\"text-align: justify;\"><strong>\u015eimdi bizim eller sensiz nola\u00e7ak,<\/strong><\/p>\n<p style=\"text-align: justify;\"><strong>Karacao\u011flan ne yat\u0131yon gel gayr\u0131.<\/strong><\/p>\n<p style=\"text-align: justify;\"><strong>*<\/strong><\/p>\n<p style=\"text-align: justify;\"><strong>Necip imiz \u0130stanbullu oldular,<\/strong><\/p>\n<p style=\"text-align: justify;\"><strong>Mahsunimiz Hac\u0131 Bekta\u015fa sald\u0131lar,<\/strong><\/p>\n<p style=\"text-align: justify;\"><strong>Karako\u00e7umuzu elimizden ald\u0131lar,<\/strong><\/p>\n<p style=\"text-align: justify;\"><strong>\u015eimdi bizim eler garip kald\u0131lar,<\/strong><\/p>\n<p style=\"text-align: justify;\"><strong>Karacao\u011flan ne yat\u0131yon gel gayr\u0131.<\/strong><\/p>\n<p style=\"text-align: justify;\"><strong>*<\/strong><\/p>\n<p style=\"text-align: justify;\"><strong>Alb\u0131stan\u0131n al\u0131\u00e7lar\u0131 yetmiyor,<\/strong><\/p>\n<p style=\"text-align: justify;\"><strong>\u015eimdiki ocaklar duman t\u00fctm\u00fcyor,<\/strong><\/p>\n<p style=\"text-align: justify;\"><strong>\u0130ncecik\u2019e f\u0131rt\u0131na kar atm\u0131yor,<\/strong><\/p>\n<p style=\"text-align: justify;\"><strong>Karacao\u011flan ne yat\u0131yon gel gayr\u0131.<\/strong><\/p>\n<p style=\"text-align: justify;\"><strong>*<\/strong><\/p>\n<p style=\"text-align: justify;\"><strong>Veliler saysak saymakla biter mi?<\/strong><\/p>\n<p style=\"text-align: justify;\"><strong>Her uyuyan \u00fc\u00e7 y\u00fcz sene yatar m\u0131?<\/strong><\/p>\n<p style=\"text-align: justify;\"><strong>\u00dc\u00e7ler Yedileri kimse tutar m\u0131?<\/strong><\/p>\n<p style=\"text-align: justify;\"><strong>A\u015f\u0131k olan da\u011f ba\u015f\u0131nda yatar m\u0131?<\/strong><\/p>\n<p style=\"text-align: justify;\"><strong>Karacao\u011flan ne yat\u0131yon gel gayr\u0131.<\/strong><\/p>\n<p style=\"text-align: justify;\"><strong>*<\/strong><\/p>\n<p style=\"text-align: justify;\"><strong>Bir gece Ni\u015fan\u0131t k\u00f6y\u00fcnde yatal\u0131m,<\/strong><\/p>\n<p style=\"text-align: justify;\"><strong>Hunu yaylas\u0131n da ko\u00e7u katal\u0131m,<\/strong><\/p>\n<p style=\"text-align: justify;\"><strong>Ge\u00e7ip Alembade d\u00fc\u011f\u00fcn tutal\u0131m,<\/strong><\/p>\n<p style=\"text-align: justify;\"><strong>Karacao\u011flan ne yat\u0131yon gel gayr\u0131.<\/strong><\/p>\n<p style=\"text-align: justify;\"><strong>*<\/strong><\/p>\n<p style=\"text-align: justify;\"><strong>\u00c7obanbey,Ar\u0131st\u0131l, Kangal\u2019a enelim,<\/strong><\/p>\n<p style=\"text-align: justify;\"><strong>Tatlar yaylas\u0131na \u00e7\u0131k\u0131p konal\u0131m,<\/strong><\/p>\n<p style=\"text-align: justify;\"><strong>O\u011flakkaya \u00d6renliden d\u00f6nelim,<\/strong><\/p>\n<p style=\"text-align: justify;\"><strong>Karacao\u011flan ne yat\u0131yon gel gayr\u0131.<\/strong><\/p>\n<p style=\"text-align: justify;\"><strong>Ma\u011fara g\u00f6z\u00fcnden sular i\u00e7elim,<\/strong><\/p>\n<p style=\"text-align: justify;\"><strong>Burtu Elembaden \u00f6te ge\u00e7elim,<\/strong><\/p>\n<p style=\"text-align: justify;\"><strong>\u00c7alahanda kuzular\u0131 se\u00e7elim,<\/strong><\/p>\n<p style=\"text-align: justify;\"><strong>Karacao\u011flan ne yat\u0131yon gel gayr\u0131.<\/strong><\/p>\n<p style=\"text-align: justify;\"><strong>*<\/strong><\/p>\n<p style=\"text-align: justify;\"><strong>Kap\u0131l\u0131, Karag\u00f6z, Suluk ,\u00c7a\u011f\u0131lhan,<\/strong><\/p>\n<p style=\"text-align: justify;\"><strong>Sinekli, Hurman, Kangal, \u00c7o\u011fulhan,<\/strong><\/p>\n<p style=\"text-align: justify;\"><strong>Hepsi saf hepsi temiz hepsi candan,<\/strong><\/p>\n<p style=\"text-align: justify;\"><strong>Karacao\u011flan ne yat\u0131yon gel gayr\u0131.<\/strong><\/p>\n<p style=\"text-align: justify;\"><strong>*<\/strong><\/p>\n<p style=\"text-align: justify;\"><strong>\u0130mirellez, Lor\u015fun, Tan\u0131ra ge\u00e7elim,<\/strong><\/p>\n<p style=\"text-align: justify;\"><strong>\u00d6k\u00fcz\u00fc sofu Meykirden ka\u00e7al\u0131m,<\/strong><\/p>\n<p style=\"text-align: justify;\"><strong>H\u00f6y\u00fckl\u00fc, Alta\u015f, \u0130\u011fdeye g\u00f6\u00e7elim,<\/strong><\/p>\n<p style=\"text-align: justify;\"><strong>Ku\u015fkayada atalara yonca bi\u00e7elim,<\/strong><\/p>\n<p style=\"text-align: justify;\"><strong>Karacao\u011flan ne yat\u0131yon gel gayr\u0131.<\/strong><\/p>\n<p style=\"text-align: justify;\"><strong>*<\/strong><\/p>\n<p style=\"text-align: justify;\"><strong>\u015eimdi Er\u00e7eneliler sergi atm\u0131yor,<\/strong><\/p>\n<p style=\"text-align: justify;\"><strong>K\u0131z\u0131lc\u0131kl\u0131 odun k\u00f6m\u00fcr satm\u0131yor,<\/strong><\/p>\n<p style=\"text-align: justify;\"><strong>Sevin k\u00f6ylerinde erik yetmiyor,<\/strong><\/p>\n<p style=\"text-align: justify;\"><strong>Karacao\u011flan ne yat\u0131yon gel gayr\u0131.<\/strong><\/p>\n<p style=\"text-align: justify;\"><strong>*<\/strong><\/p>\n<p style=\"text-align: justify;\"><strong>\u00c7oban olup da\u011fda yatan kalmad\u0131,<\/strong><\/p>\n<p style=\"text-align: justify;\"><strong>\u00c7er\u00e7i olup boncuk satan kalmad\u0131,<\/strong><\/p>\n<p style=\"text-align: justify;\"><strong>\u00c7iftci de hizmetkar tutan kalmad\u0131,<\/strong><\/p>\n<p style=\"text-align: justify;\"><strong>Karacao\u011flan ne yat\u0131yon gel gayr\u0131.<\/strong><\/p>\n<p style=\"text-align: justify;\"><strong>*<\/strong><\/p>\n<p style=\"text-align: justify;\"><strong>Ali\u015far da ar\u0131 \u00f6rs\u00fcn pete\u011fi,<\/strong><\/p>\n<p style=\"text-align: justify;\"><strong>K\u00f6m\u00fcr\u00fcn taht\u0131 yaylalar\u0131n ota\u011f\u0131,<\/strong><\/p>\n<p style=\"text-align: justify;\"><strong>\u0130lice romatizma \u015fifa yata\u011f\u0131,<\/strong><\/p>\n<p style=\"text-align: justify;\"><strong>Karacao\u011flan ne yat\u0131yon gel gayr\u0131.<\/strong><\/p>\n<p style=\"text-align: justify;\"><strong>*<\/strong><\/p>\n<p style=\"text-align: justify;\"><strong>Derde \u015fifa oldu Celan\u0131n i\u00e7mesi,<\/strong><\/p>\n<p style=\"text-align: justify;\"><strong>K\u0131vr\u0131m tatl\u0131 ile tand\u0131r a\u00e7mas\u0131,<\/strong><\/p>\n<p style=\"text-align: justify;\"><strong>Bir ba\u015fkad\u0131r turnalar\u0131n u\u00e7mas\u0131,<\/strong><\/p>\n<p style=\"text-align: justify;\"><strong>Karacao\u011flan ne yat\u0131yon gel gayr\u0131.<\/strong><\/p>\n<p style=\"text-align: justify;\"><strong>*<\/strong><\/p>\n<p style=\"text-align: justify;\"><strong>Ceyhan nehri barajlarla tutuldu,<\/strong><\/p>\n<p style=\"text-align: justify;\"><strong>Ba\u015fkonu\u015f Yav\u015fanl\u0131 a\u011falara sat\u0131ld\u0131,<\/strong><\/p>\n<p style=\"text-align: justify;\"><strong>\u015eimdi s\u00fctlere s\u00fct tozu kat\u0131ld\u0131,<\/strong><\/p>\n<p style=\"text-align: justify;\"><strong>Karacao\u011flan ne yat\u0131yon gel gayr\u0131.<\/strong><\/p>\n<p style=\"text-align: justify;\"><strong>*<\/strong><\/p>\n<p style=\"text-align: justify;\"><strong>\u00d6zlemedin mi Kitiz T\u0131lav\u015f\u0131n Nad\u0131r\u0131,<\/strong><\/p>\n<p style=\"text-align: justify;\"><strong>Bende geldim Mara\u015f&#8217;a kurdum \u00e7ad\u0131r\u0131,<\/strong><\/p>\n<p style=\"text-align: justify;\"><strong>G\u00f6t\u00fcremiyom O\u011flum Seyfi Kadiri,<\/strong><\/p>\n<p style=\"text-align: justify;\"><strong>Karacao\u011flan ne yat\u0131yon gel gayr\u0131.<\/strong><\/p>\n<p style=\"text-align: justify;\"><strong>*<\/strong><\/p>\n<p style=\"text-align: justify;\"><strong>Gulyamin Karabulut<\/strong><\/p>\n<p style=\"text-align: justify;\">\n","protected":false},"excerpt":{"rendered":"<p>Karacao\u011flan Edebiyat\u0131m\u0131zda ve k\u00fclt\u00fcr\u00fcm\u00fczde e\u015fsiz bir yere sahip Halk Ozan\u0131m\u0131zd\u0131r. Karacao\u011flan&#8217;\u0131n nereli oldu\u011funa dair \u00e7ok s\u00f6ylenti olmas\u0131na ve mezar\u0131n\u0131n da Anadolu&#8217;nun bir \u00e7ok yerinde<\/p>\n","protected":false},"author":1,"featured_media":5113,"comment_status":"open","ping_status":"open","sticky":false,"template":"","format":"standard","meta":{"_jetpack_memberships_contains_paid_content":false,"footnotes":""},"categories":[3,15,1],"tags":[],"class_list":["post-5111","post","type-post","status-publish","format-standard","has-post-thumbnail","hentry","category-manset-haber","category-sair-ve-yazarlarimiz","category-yoremizden"],"jetpack_featured_media_url":"https:\/\/afsinyedisevin.com\/wp-content\/uploads\/2024\/06\/hbgyu.jpg","jetpack_sharing_enabled":true,"_links":{"self":[{"href":"https:\/\/afsinyedisevin.com\/index.php\/wp-json\/wp\/v2\/posts\/5111","targetHints":{"allow":["GET"]}}],"collection":[{"href":"https:\/\/afsinyedisevin.com\/index.php\/wp-json\/wp\/v2\/posts"}],"about":[{"href":"https:\/\/afsinyedisevin.com\/index.php\/wp-json\/wp\/v2\/types\/post"}],"author":[{"embeddable":true,"href":"https:\/\/afsinyedisevin.com\/index.php\/wp-json\/wp\/v2\/users\/1"}],"replies":[{"embeddable":true,"href":"https:\/\/afsinyedisevin.com\/index.php\/wp-json\/wp\/v2\/comments?post=5111"}],"version-history":[{"count":2,"href":"https:\/\/afsinyedisevin.com\/index.php\/wp-json\/wp\/v2\/posts\/5111\/revisions"}],"predecessor-version":[{"id":5116,"href":"https:\/\/afsinyedisevin.com\/index.php\/wp-json\/wp\/v2\/posts\/5111\/revisions\/5116"}],"wp:featuredmedia":[{"embeddable":true,"href":"https:\/\/afsinyedisevin.com\/index.php\/wp-json\/wp\/v2\/media\/5113"}],"wp:attachment":[{"href":"https:\/\/afsinyedisevin.com\/index.php\/wp-json\/wp\/v2\/media?parent=5111"}],"wp:term":[{"taxonomy":"category","embeddable":true,"href":"https:\/\/afsinyedisevin.com\/index.php\/wp-json\/wp\/v2\/categories?post=5111"},{"taxonomy":"post_tag","embeddable":true,"href":"https:\/\/afsinyedisevin.com\/index.php\/wp-json\/wp\/v2\/tags?post=5111"}],"curies":[{"name":"wp","href":"https:\/\/api.w.org\/{rel}","templated":true}]}}