{"id":5084,"date":"2024-06-13T16:15:00","date_gmt":"2024-06-13T16:15:00","guid":{"rendered":"https:\/\/afsinyedisevin.com\/?p=5084"},"modified":"2024-06-13T16:15:00","modified_gmt":"2024-06-13T16:15:00","slug":"hemsehrimiz-akpinardan-sarikamista-ki-afsin-ve-kahramanmarasli-sehitlere-ziyaret","status":"publish","type":"post","link":"https:\/\/afsinyedisevin.com\/index.php\/2024\/06\/13\/hemsehrimiz-akpinardan-sarikamista-ki-afsin-ve-kahramanmarasli-sehitlere-ziyaret\/","title":{"rendered":"Hem\u015fehrimiz Akp\u0131nar&#8217;dan Sar\u0131kam\u0131\u015f&#8217;ta ki Af\u015fin ve Kahramanmara\u015fl\u0131 \u015eehitlere ziyaret."},"content":{"rendered":"<p style=\"text-align: justify;\"><strong><img loading=\"lazy\" decoding=\"async\" class=\"alignnone size-full wp-image-4809\" src=\"https:\/\/afsinyedisevin.com\/wp-content\/uploads\/2024\/01\/halild5.jpg\" alt=\"\" width=\"302\" height=\"202\" srcset=\"https:\/\/afsinyedisevin.com\/wp-content\/uploads\/2024\/01\/halild5.jpg 302w, https:\/\/afsinyedisevin.com\/wp-content\/uploads\/2024\/01\/halild5-300x201.jpg 300w\" sizes=\"(max-width: 302px) 100vw, 302px\" \/><\/strong><\/p>\n<p style=\"text-align: justify;\"><strong>Aslen Af\u015fin\/T\u00fcrksevin Mahallemizden olup \u0130stanbul&#8217;da Mali M\u00fc\u015favir olarak hizmet veren Hem\u015fehrimiz Kerem Akp\u0131nar&#8217;dan Sar\u0131kam\u0131\u015f&#8217;ta ki Af\u015fin ve Kahramanmara\u015fl\u0131 \u015eehitlere ziyaret.<\/strong><\/p>\n<p style=\"text-align: justify;\"><strong>Ayn\u0131 zamanda \u0130stanbul\/Gaziosmanpa\u015fa \u0130l\u00e7esi \u0130lim Yayma Cemiyeti \u015eube Ba\u015fkanl\u0131\u011f\u0131 g\u00f6revini y\u00fcr\u00fcten hem\u015fehrimiz Kerem Akp\u0131nar, Kars&#8217;\u0131n Sar\u0131kam\u0131\u015f \u0130l\u00e7esine ziyarette bulundu. Akp\u0131nar,Sar\u0131kam\u0131\u015f ziyaretinde Sar\u0131kam\u0131\u015f Ku\u015fatma Harekat\u0131na kat\u0131lan ancak Allahu Ekber da\u011flar\u0131ndan donarak \u015eehit olan 60.000 askerin medfun bulundu\u011fu \u015eehitli\u011fi de ziyaret etti.<\/strong><\/p>\n<p style=\"text-align: justify;\"><strong>Ziyaret s\u0131ras\u0131nda \u015eehitlerin isimlerini de inceleyen Kerem Akp\u0131nar, burada Af\u015fin,Elbistan,And\u0131r\u0131n,Pazarc\u0131k,Ekin\u00f6z\u00fc,G\u00f6ksun ve Kahramanmara\u015fl\u0131 \u015eehitlerimizi de rahmetle yad etti.<\/strong><\/p>\n<p style=\"text-align: justify;\"><strong>B\u00f6ylece Sar\u0131kam\u0131\u015f Harekat\u0131 \u015eehitlerimiz aras\u0131nda 21 Ya\u015f\u0131nda Emino\u011flu Veli ad\u0131nda bir \u015eehidimizin de oldu\u011funu \u00f6\u011frenmi\u015f olduk.<\/strong><\/p>\n<p style=\"text-align: justify;\"><strong>Rabbim \u015fehadetlerini kabul eylesin.<\/strong><\/p>\n<p style=\"text-align: justify;\"><img loading=\"lazy\" decoding=\"async\" class=\"alignnone size-full wp-image-5085\" src=\"https:\/\/afsinyedisevin.com\/wp-content\/uploads\/2024\/06\/WhatsApp-Image-2024-06-10-at-22.38.16-1.jpeg\" alt=\"\" width=\"1600\" height=\"1200\" srcset=\"https:\/\/afsinyedisevin.com\/wp-content\/uploads\/2024\/06\/WhatsApp-Image-2024-06-10-at-22.38.16-1.jpeg 1600w, https:\/\/afsinyedisevin.com\/wp-content\/uploads\/2024\/06\/WhatsApp-Image-2024-06-10-at-22.38.16-1-300x225.jpeg 300w, https:\/\/afsinyedisevin.com\/wp-content\/uploads\/2024\/06\/WhatsApp-Image-2024-06-10-at-22.38.16-1-1024x768.jpeg 1024w, https:\/\/afsinyedisevin.com\/wp-content\/uploads\/2024\/06\/WhatsApp-Image-2024-06-10-at-22.38.16-1-768x576.jpeg 768w, https:\/\/afsinyedisevin.com\/wp-content\/uploads\/2024\/06\/WhatsApp-Image-2024-06-10-at-22.38.16-1-1536x1152.jpeg 1536w\" sizes=\"(max-width: 1600px) 100vw, 1600px\" \/> <img loading=\"lazy\" decoding=\"async\" class=\"alignnone size-full wp-image-5086\" src=\"https:\/\/afsinyedisevin.com\/wp-content\/uploads\/2024\/06\/WhatsApp-Image-2024-06-10-at-22.38.16.jpeg\" alt=\"\" width=\"1200\" height=\"1600\" srcset=\"https:\/\/afsinyedisevin.com\/wp-content\/uploads\/2024\/06\/WhatsApp-Image-2024-06-10-at-22.38.16.jpeg 1200w, https:\/\/afsinyedisevin.com\/wp-content\/uploads\/2024\/06\/WhatsApp-Image-2024-06-10-at-22.38.16-225x300.jpeg 225w, https:\/\/afsinyedisevin.com\/wp-content\/uploads\/2024\/06\/WhatsApp-Image-2024-06-10-at-22.38.16-768x1024.jpeg 768w, https:\/\/afsinyedisevin.com\/wp-content\/uploads\/2024\/06\/WhatsApp-Image-2024-06-10-at-22.38.16-1152x1536.jpeg 1152w\" sizes=\"(max-width: 1200px) 100vw, 1200px\" \/> <img loading=\"lazy\" decoding=\"async\" class=\"alignnone size-full wp-image-5087\" src=\"https:\/\/afsinyedisevin.com\/wp-content\/uploads\/2024\/06\/WhatsApp-Image-2024-06-10-at-22.38.17.jpeg\" alt=\"\" width=\"1200\" height=\"1600\" srcset=\"https:\/\/afsinyedisevin.com\/wp-content\/uploads\/2024\/06\/WhatsApp-Image-2024-06-10-at-22.38.17.jpeg 1200w, https:\/\/afsinyedisevin.com\/wp-content\/uploads\/2024\/06\/WhatsApp-Image-2024-06-10-at-22.38.17-225x300.jpeg 225w, https:\/\/afsinyedisevin.com\/wp-content\/uploads\/2024\/06\/WhatsApp-Image-2024-06-10-at-22.38.17-768x1024.jpeg 768w, https:\/\/afsinyedisevin.com\/wp-content\/uploads\/2024\/06\/WhatsApp-Image-2024-06-10-at-22.38.17-1152x1536.jpeg 1152w\" sizes=\"(max-width: 1200px) 100vw, 1200px\" \/> <img loading=\"lazy\" decoding=\"async\" class=\"alignnone size-full wp-image-5088\" src=\"https:\/\/afsinyedisevin.com\/wp-content\/uploads\/2024\/06\/WhatsApp-Image-2024-06-10-at-22.38.18.jpeg\" alt=\"\" width=\"1200\" height=\"1600\" srcset=\"https:\/\/afsinyedisevin.com\/wp-content\/uploads\/2024\/06\/WhatsApp-Image-2024-06-10-at-22.38.18.jpeg 1200w, https:\/\/afsinyedisevin.com\/wp-content\/uploads\/2024\/06\/WhatsApp-Image-2024-06-10-at-22.38.18-225x300.jpeg 225w, https:\/\/afsinyedisevin.com\/wp-content\/uploads\/2024\/06\/WhatsApp-Image-2024-06-10-at-22.38.18-768x1024.jpeg 768w, https:\/\/afsinyedisevin.com\/wp-content\/uploads\/2024\/06\/WhatsApp-Image-2024-06-10-at-22.38.18-1152x1536.jpeg 1152w\" sizes=\"(max-width: 1200px) 100vw, 1200px\" \/><\/p>\n","protected":false},"excerpt":{"rendered":"<p>Aslen Af\u015fin\/T\u00fcrksevin Mahallemizden olup \u0130stanbul&#8217;da Mali M\u00fc\u015favir olarak hizmet veren Hem\u015fehrimiz Kerem Akp\u0131nar&#8217;dan Sar\u0131kam\u0131\u015f&#8217;ta ki Af\u015fin ve Kahramanmara\u015fl\u0131 \u015eehitlere ziyaret. Ayn\u0131 zamanda \u0130stanbul\/Gaziosmanpa\u015fa \u0130l\u00e7esi<\/p>\n","protected":false},"author":1,"featured_media":5089,"comment_status":"open","ping_status":"open","sticky":false,"template":"","format":"standard","meta":{"_jetpack_memberships_contains_paid_content":false,"footnotes":""},"categories":[27,3,21,7,1],"tags":[],"class_list":["post-5084","post","type-post","status-publish","format-standard","has-post-thumbnail","hentry","category-gurbetteki-sevinliler","category-manset-haber","category-tarihi-yerler","category-turk-sevin","category-yoremizden"],"jetpack_featured_media_url":"https:\/\/afsinyedisevin.com\/wp-content\/uploads\/2024\/06\/WhatsApp-Image-2024-06-10-at-22.38.1679.jpeg","jetpack_sharing_enabled":true,"_links":{"self":[{"href":"https:\/\/afsinyedisevin.com\/index.php\/wp-json\/wp\/v2\/posts\/5084","targetHints":{"allow":["GET"]}}],"collection":[{"href":"https:\/\/afsinyedisevin.com\/index.php\/wp-json\/wp\/v2\/posts"}],"about":[{"href":"https:\/\/afsinyedisevin.com\/index.php\/wp-json\/wp\/v2\/types\/post"}],"author":[{"embeddable":true,"href":"https:\/\/afsinyedisevin.com\/index.php\/wp-json\/wp\/v2\/users\/1"}],"replies":[{"embeddable":true,"href":"https:\/\/afsinyedisevin.com\/index.php\/wp-json\/wp\/v2\/comments?post=5084"}],"version-history":[{"count":1,"href":"https:\/\/afsinyedisevin.com\/index.php\/wp-json\/wp\/v2\/posts\/5084\/revisions"}],"predecessor-version":[{"id":5090,"href":"https:\/\/afsinyedisevin.com\/index.php\/wp-json\/wp\/v2\/posts\/5084\/revisions\/5090"}],"wp:featuredmedia":[{"embeddable":true,"href":"https:\/\/afsinyedisevin.com\/index.php\/wp-json\/wp\/v2\/media\/5089"}],"wp:attachment":[{"href":"https:\/\/afsinyedisevin.com\/index.php\/wp-json\/wp\/v2\/media?parent=5084"}],"wp:term":[{"taxonomy":"category","embeddable":true,"href":"https:\/\/afsinyedisevin.com\/index.php\/wp-json\/wp\/v2\/categories?post=5084"},{"taxonomy":"post_tag","embeddable":true,"href":"https:\/\/afsinyedisevin.com\/index.php\/wp-json\/wp\/v2\/tags?post=5084"}],"curies":[{"name":"wp","href":"https:\/\/api.w.org\/{rel}","templated":true}]}}