{"id":5004,"date":"2024-05-04T14:56:13","date_gmt":"2024-05-04T14:56:13","guid":{"rendered":"https:\/\/afsinyedisevin.com\/?p=5004"},"modified":"2024-05-04T14:56:13","modified_gmt":"2024-05-04T14:56:13","slug":"hatice-yildirim-vefat-etti","status":"publish","type":"post","link":"https:\/\/afsinyedisevin.com\/index.php\/2024\/05\/04\/hatice-yildirim-vefat-etti\/","title":{"rendered":"Hatice Y\u0131ld\u0131r\u0131m vefat etti."},"content":{"rendered":"<p style=\"text-align: justify;\"><strong><img loading=\"lazy\" decoding=\"async\" class=\"alignnone size-full wp-image-4809\" src=\"https:\/\/afsinyedisevin.com\/wp-content\/uploads\/2024\/01\/halild5.jpg\" alt=\"\" width=\"302\" height=\"202\" srcset=\"https:\/\/afsinyedisevin.com\/wp-content\/uploads\/2024\/01\/halild5.jpg 302w, https:\/\/afsinyedisevin.com\/wp-content\/uploads\/2024\/01\/halild5-300x201.jpg 300w\" sizes=\"(max-width: 302px) 100vw, 302px\" \/><\/strong><\/p>\n<p style=\"text-align: justify;\"><strong>Aslen T\u00fcrksevin mahallesinden olup Ye\u015filyurt mahallesinde ikamet eden merhum Ahmet ve \u00dcm\u00fcs Ertu\u011frul&#8217;un k\u0131z\u0131, Hac\u0131 Hasan Y\u0131ld\u0131r\u0131m&#8217;\u0131n e\u015fi, \u00e7ar\u015f\u0131 esnaflar\u0131ndan Musa ve Bilal Y\u0131ld\u0131r\u0131m&#8217;\u0131n anneleri, Hatice Y\u0131ld\u0131r\u0131m vefat etti.<\/strong><\/p>\n<p style=\"text-align: justify;\"><strong>Cenazesi 05 May\u0131s Pazar g\u00fcn\u00fc \u00f6\u011fle namaz\u0131na m\u00fcteakiben Ashab-\u0131 Kehf Camii \u015ferifinde k\u0131l\u0131nacak cenaze namaz\u0131n\u0131n ard\u0131ndan Asri Mezarl\u0131kta topra\u011fa verilecek.<\/strong><\/p>\n<p style=\"text-align: justify;\"><strong>Taziye yeri: Ye\u015filyurt mahallesi Huzur sok. Mezarl\u0131k camii yan\u0131 <\/strong><\/p>\n<p style=\"text-align: justify;\"><strong>Taziye i\u00e7in;<\/strong><\/p>\n<p style=\"text-align: justify;\"><strong>Musa Y\u0131ld\u0131r\u0131m 0 537 572 2410 <\/strong><\/p>\n<p style=\"text-align: justify;\"><strong>Bilal Y\u0131ld\u0131r\u0131m 0 506 511 6797<\/strong><\/p>\n<p style=\"text-align: justify;\"><strong>Allah rahmet eylesin.<\/strong><\/p>\n<p style=\"text-align: justify;\">\n<p style=\"text-align: justify;\">\n","protected":false},"excerpt":{"rendered":"<p>Aslen T\u00fcrksevin mahallesinden olup Ye\u015filyurt mahallesinde ikamet eden merhum Ahmet ve \u00dcm\u00fcs Ertu\u011frul&#8217;un k\u0131z\u0131, Hac\u0131 Hasan Y\u0131ld\u0131r\u0131m&#8217;\u0131n e\u015fi, \u00e7ar\u015f\u0131 esnaflar\u0131ndan Musa ve Bilal Y\u0131ld\u0131r\u0131m&#8217;\u0131n<\/p>\n","protected":false},"author":1,"featured_media":5005,"comment_status":"open","ping_status":"open","sticky":false,"template":"","format":"standard","meta":{"_jetpack_memberships_contains_paid_content":false,"footnotes":""},"categories":[3,7,4,1],"tags":[],"class_list":["post-5004","post","type-post","status-publish","format-standard","has-post-thumbnail","hentry","category-manset-haber","category-turk-sevin","category-vefatlar","category-yoremizden"],"jetpack_featured_media_url":"https:\/\/afsinyedisevin.com\/wp-content\/uploads\/2024\/05\/WhatsApp-Image-2024-05-04-at-17.28.46UOTU.jpeg","jetpack_sharing_enabled":true,"_links":{"self":[{"href":"https:\/\/afsinyedisevin.com\/index.php\/wp-json\/wp\/v2\/posts\/5004","targetHints":{"allow":["GET"]}}],"collection":[{"href":"https:\/\/afsinyedisevin.com\/index.php\/wp-json\/wp\/v2\/posts"}],"about":[{"href":"https:\/\/afsinyedisevin.com\/index.php\/wp-json\/wp\/v2\/types\/post"}],"author":[{"embeddable":true,"href":"https:\/\/afsinyedisevin.com\/index.php\/wp-json\/wp\/v2\/users\/1"}],"replies":[{"embeddable":true,"href":"https:\/\/afsinyedisevin.com\/index.php\/wp-json\/wp\/v2\/comments?post=5004"}],"version-history":[{"count":1,"href":"https:\/\/afsinyedisevin.com\/index.php\/wp-json\/wp\/v2\/posts\/5004\/revisions"}],"predecessor-version":[{"id":5006,"href":"https:\/\/afsinyedisevin.com\/index.php\/wp-json\/wp\/v2\/posts\/5004\/revisions\/5006"}],"wp:featuredmedia":[{"embeddable":true,"href":"https:\/\/afsinyedisevin.com\/index.php\/wp-json\/wp\/v2\/media\/5005"}],"wp:attachment":[{"href":"https:\/\/afsinyedisevin.com\/index.php\/wp-json\/wp\/v2\/media?parent=5004"}],"wp:term":[{"taxonomy":"category","embeddable":true,"href":"https:\/\/afsinyedisevin.com\/index.php\/wp-json\/wp\/v2\/categories?post=5004"},{"taxonomy":"post_tag","embeddable":true,"href":"https:\/\/afsinyedisevin.com\/index.php\/wp-json\/wp\/v2\/tags?post=5004"}],"curies":[{"name":"wp","href":"https:\/\/api.w.org\/{rel}","templated":true}]}}