{"id":4826,"date":"2024-01-15T08:23:54","date_gmt":"2024-01-15T08:23:54","guid":{"rendered":"https:\/\/afsinyedisevin.com\/?p=4826"},"modified":"2024-01-15T08:23:54","modified_gmt":"2024-01-15T08:23:54","slug":"hemsehrimiz-aydindan-afrikada-ki-kardeslerimize-yardim-eli","status":"publish","type":"post","link":"https:\/\/afsinyedisevin.com\/index.php\/2024\/01\/15\/hemsehrimiz-aydindan-afrikada-ki-kardeslerimize-yardim-eli\/","title":{"rendered":"Hem\u015fehrimiz Ayd\u0131n\u2019dan Afrika\u2019da ki karde\u015flerimize yard\u0131m eli!"},"content":{"rendered":"<p style=\"text-align: justify;\"><strong><img loading=\"lazy\" decoding=\"async\" class=\"alignnone size-full wp-image-4809\" src=\"https:\/\/afsinyedisevin.com\/wp-content\/uploads\/2024\/01\/halild5.jpg\" alt=\"\" width=\"302\" height=\"202\" srcset=\"https:\/\/afsinyedisevin.com\/wp-content\/uploads\/2024\/01\/halild5.jpg 302w, https:\/\/afsinyedisevin.com\/wp-content\/uploads\/2024\/01\/halild5-300x201.jpg 300w\" sizes=\"(max-width: 302px) 100vw, 302px\" \/><\/strong><\/p>\n<p><img loading=\"lazy\" decoding=\"async\" class=\"alignnone size-full wp-image-4830\" src=\"https:\/\/afsinyedisevin.com\/wp-content\/uploads\/2024\/01\/WhatsApp-Image-2024-01-12-at-22.23.32u.jpeg\" alt=\"\" width=\"900\" height=\"577\" srcset=\"https:\/\/afsinyedisevin.com\/wp-content\/uploads\/2024\/01\/WhatsApp-Image-2024-01-12-at-22.23.32u.jpeg 900w, https:\/\/afsinyedisevin.com\/wp-content\/uploads\/2024\/01\/WhatsApp-Image-2024-01-12-at-22.23.32u-300x192.jpeg 300w, https:\/\/afsinyedisevin.com\/wp-content\/uploads\/2024\/01\/WhatsApp-Image-2024-01-12-at-22.23.32u-768x492.jpeg 768w, https:\/\/afsinyedisevin.com\/wp-content\/uploads\/2024\/01\/WhatsApp-Image-2024-01-12-at-22.23.32u-115x73.jpeg 115w\" sizes=\"(max-width: 900px) 100vw, 900px\" \/><\/p>\n<p style=\"text-align: justify;\"><strong>\u015eehit Gazi Sen Kahramanmara\u015f \u0130l Ba\u015fkan\u0131 hem\u015fehrimiz Kemal Ayd\u0131n, Afrika\u2019da ki karde\u015flerimize yard\u0131m eli uzatarak Afrika\u2019da 150 ki\u015fiye yemek da\u011f\u0131tt\u0131. Yemek sonras\u0131 T\u00fcrkiye ve \u015eehitlerimiz i\u00e7in dua yap\u0131ld\u0131.<\/strong><\/p>\n<p style=\"text-align: justify;\"><strong>\u015eehit Gazi Sen Kahramanmara\u015f \u0130l Ba\u015fkan\u0131 hem\u015fehrimiz Kemal Ayd\u0131n, Afrika\u2019da ki faaliyeti ile g\u00f6n\u00fclleri fethetti Ayd\u0131n, Afrika\u2019da 150 ki\u015filik yemek da\u011f\u0131tt\u0131. Yemek sonras\u0131nda \u00dclkemiz T\u00fcrkiye, \u015eehitlerimiz ve Gazilerimiz i\u00e7in dua da bulunuldu.<\/strong><\/p>\n<p style=\"text-align: justify;\"><img loading=\"lazy\" decoding=\"async\" class=\"alignnone size-full wp-image-4827\" src=\"https:\/\/afsinyedisevin.com\/wp-content\/uploads\/2024\/01\/WhatsApp-Image-2024-01-12-at-22.21.11-1.jpeg\" alt=\"\" width=\"1600\" height=\"1200\" srcset=\"https:\/\/afsinyedisevin.com\/wp-content\/uploads\/2024\/01\/WhatsApp-Image-2024-01-12-at-22.21.11-1.jpeg 1600w, https:\/\/afsinyedisevin.com\/wp-content\/uploads\/2024\/01\/WhatsApp-Image-2024-01-12-at-22.21.11-1-300x225.jpeg 300w, https:\/\/afsinyedisevin.com\/wp-content\/uploads\/2024\/01\/WhatsApp-Image-2024-01-12-at-22.21.11-1-1024x768.jpeg 1024w, https:\/\/afsinyedisevin.com\/wp-content\/uploads\/2024\/01\/WhatsApp-Image-2024-01-12-at-22.21.11-1-768x576.jpeg 768w, https:\/\/afsinyedisevin.com\/wp-content\/uploads\/2024\/01\/WhatsApp-Image-2024-01-12-at-22.21.11-1-1536x1152.jpeg 1536w\" sizes=\"(max-width: 1600px) 100vw, 1600px\" \/> <img loading=\"lazy\" decoding=\"async\" class=\"alignnone size-full wp-image-4828\" src=\"https:\/\/afsinyedisevin.com\/wp-content\/uploads\/2024\/01\/WhatsApp-Image-2024-01-12-at-22.21.11.jpeg\" alt=\"\" width=\"1600\" height=\"1200\" srcset=\"https:\/\/afsinyedisevin.com\/wp-content\/uploads\/2024\/01\/WhatsApp-Image-2024-01-12-at-22.21.11.jpeg 1600w, https:\/\/afsinyedisevin.com\/wp-content\/uploads\/2024\/01\/WhatsApp-Image-2024-01-12-at-22.21.11-300x225.jpeg 300w, https:\/\/afsinyedisevin.com\/wp-content\/uploads\/2024\/01\/WhatsApp-Image-2024-01-12-at-22.21.11-1024x768.jpeg 1024w, https:\/\/afsinyedisevin.com\/wp-content\/uploads\/2024\/01\/WhatsApp-Image-2024-01-12-at-22.21.11-768x576.jpeg 768w, https:\/\/afsinyedisevin.com\/wp-content\/uploads\/2024\/01\/WhatsApp-Image-2024-01-12-at-22.21.11-1536x1152.jpeg 1536w\" sizes=\"(max-width: 1600px) 100vw, 1600px\" \/> <img loading=\"lazy\" decoding=\"async\" class=\"alignnone size-full wp-image-4829\" src=\"https:\/\/afsinyedisevin.com\/wp-content\/uploads\/2024\/01\/WhatsApp-Image-2024-01-12-at-22.21.12.jpeg\" alt=\"\" width=\"1600\" height=\"1200\" srcset=\"https:\/\/afsinyedisevin.com\/wp-content\/uploads\/2024\/01\/WhatsApp-Image-2024-01-12-at-22.21.12.jpeg 1600w, https:\/\/afsinyedisevin.com\/wp-content\/uploads\/2024\/01\/WhatsApp-Image-2024-01-12-at-22.21.12-300x225.jpeg 300w, https:\/\/afsinyedisevin.com\/wp-content\/uploads\/2024\/01\/WhatsApp-Image-2024-01-12-at-22.21.12-1024x768.jpeg 1024w, https:\/\/afsinyedisevin.com\/wp-content\/uploads\/2024\/01\/WhatsApp-Image-2024-01-12-at-22.21.12-768x576.jpeg 768w, https:\/\/afsinyedisevin.com\/wp-content\/uploads\/2024\/01\/WhatsApp-Image-2024-01-12-at-22.21.12-1536x1152.jpeg 1536w\" sizes=\"(max-width: 1600px) 100vw, 1600px\" \/><\/p>\n","protected":false},"excerpt":{"rendered":"<p>\u015eehit Gazi Sen Kahramanmara\u015f \u0130l Ba\u015fkan\u0131 hem\u015fehrimiz Kemal Ayd\u0131n, Afrika\u2019da ki karde\u015flerimize yard\u0131m eli uzatarak Afrika\u2019da 150 ki\u015fiye yemek da\u011f\u0131tt\u0131. Yemek sonras\u0131 T\u00fcrkiye ve<\/p>\n","protected":false},"author":1,"featured_media":4831,"comment_status":"open","ping_status":"open","sticky":false,"template":"","format":"standard","meta":{"_jetpack_memberships_contains_paid_content":false,"footnotes":""},"categories":[8,3,1],"tags":[],"class_list":["post-4826","post","type-post","status-publish","format-standard","has-post-thumbnail","hentry","category-kucuk-sevin","category-manset-haber","category-yoremizden"],"jetpack_featured_media_url":"https:\/\/afsinyedisevin.com\/wp-content\/uploads\/2024\/01\/WhatsApp-Image-2024-01-12-at-22.21.11-10gu.jpeg","jetpack_sharing_enabled":true,"_links":{"self":[{"href":"https:\/\/afsinyedisevin.com\/index.php\/wp-json\/wp\/v2\/posts\/4826","targetHints":{"allow":["GET"]}}],"collection":[{"href":"https:\/\/afsinyedisevin.com\/index.php\/wp-json\/wp\/v2\/posts"}],"about":[{"href":"https:\/\/afsinyedisevin.com\/index.php\/wp-json\/wp\/v2\/types\/post"}],"author":[{"embeddable":true,"href":"https:\/\/afsinyedisevin.com\/index.php\/wp-json\/wp\/v2\/users\/1"}],"replies":[{"embeddable":true,"href":"https:\/\/afsinyedisevin.com\/index.php\/wp-json\/wp\/v2\/comments?post=4826"}],"version-history":[{"count":1,"href":"https:\/\/afsinyedisevin.com\/index.php\/wp-json\/wp\/v2\/posts\/4826\/revisions"}],"predecessor-version":[{"id":4832,"href":"https:\/\/afsinyedisevin.com\/index.php\/wp-json\/wp\/v2\/posts\/4826\/revisions\/4832"}],"wp:featuredmedia":[{"embeddable":true,"href":"https:\/\/afsinyedisevin.com\/index.php\/wp-json\/wp\/v2\/media\/4831"}],"wp:attachment":[{"href":"https:\/\/afsinyedisevin.com\/index.php\/wp-json\/wp\/v2\/media?parent=4826"}],"wp:term":[{"taxonomy":"category","embeddable":true,"href":"https:\/\/afsinyedisevin.com\/index.php\/wp-json\/wp\/v2\/categories?post=4826"},{"taxonomy":"post_tag","embeddable":true,"href":"https:\/\/afsinyedisevin.com\/index.php\/wp-json\/wp\/v2\/tags?post=4826"}],"curies":[{"name":"wp","href":"https:\/\/api.w.org\/{rel}","templated":true}]}}