{"id":4817,"date":"2024-01-12T13:06:25","date_gmt":"2024-01-12T13:06:25","guid":{"rendered":"https:\/\/afsinyedisevin.com\/?p=4817"},"modified":"2024-01-12T13:06:25","modified_gmt":"2024-01-12T13:06:25","slug":"fatih-ozer-vefat-etti","status":"publish","type":"post","link":"https:\/\/afsinyedisevin.com\/index.php\/2024\/01\/12\/fatih-ozer-vefat-etti\/","title":{"rendered":"Fatih \u00d6zer vefat etti."},"content":{"rendered":"<p style=\"text-align: justify;\"><strong><img loading=\"lazy\" decoding=\"async\" class=\"alignnone size-full wp-image-4809\" src=\"https:\/\/afsinyedisevin.com\/wp-content\/uploads\/2024\/01\/halild5.jpg\" alt=\"\" width=\"302\" height=\"202\" srcset=\"https:\/\/afsinyedisevin.com\/wp-content\/uploads\/2024\/01\/halild5.jpg 302w, https:\/\/afsinyedisevin.com\/wp-content\/uploads\/2024\/01\/halild5-300x201.jpg 300w\" sizes=\"(max-width: 302px) 100vw, 302px\" \/><\/strong><\/p>\n<p><img loading=\"lazy\" decoding=\"async\" class=\"alignnone size-full wp-image-4818\" src=\"https:\/\/afsinyedisevin.com\/wp-content\/uploads\/2024\/01\/419217027_7322155564507260_919622567717450541_nYU.jpg\" alt=\"\" width=\"700\" height=\"442\" srcset=\"https:\/\/afsinyedisevin.com\/wp-content\/uploads\/2024\/01\/419217027_7322155564507260_919622567717450541_nYU.jpg 700w, https:\/\/afsinyedisevin.com\/wp-content\/uploads\/2024\/01\/419217027_7322155564507260_919622567717450541_nYU-300x189.jpg 300w, https:\/\/afsinyedisevin.com\/wp-content\/uploads\/2024\/01\/419217027_7322155564507260_919622567717450541_nYU-115x73.jpg 115w\" sizes=\"(max-width: 700px) 100vw, 700px\" \/><\/p>\n<p style=\"text-align: justify;\"><strong>Aslen Sevin\/\u00c7ukurp\u0131nar mahallesinden olup \u0130stanbul Arnavutk\u00f6y&#8217;de ikamet eden Hilal ve Nihal \u00d6zer&#8217;in babalar\u0131, \u00dclk\u00fc,Oktay ve G\u00f6khan \u00d6zer&#8217;in karde\u015fleri, \u0130\u015f Adam\u0131 Fatih \u00d6zer (43) kalp krizi sonucu vefat etti.<\/strong><\/p>\n<p style=\"text-align: justify;\"><strong>Cenazesi bug\u00fcn \u00f6\u011fle namaz\u0131na m\u00fcteakiben Astanbul\/Arnavutk\u00f6y&#8217;de k\u0131l\u0131nan cenaze namaz\u0131n\u0131n ard\u0131ndan topra\u011fa verildi.<\/strong><\/p>\n<p style=\"text-align: justify;\"><strong>Kur&#8217;an\u0131 Kerimi Arnavutk\u00f6y&#8217;de okunmaktad\u0131r.<\/strong><\/p>\n<p style=\"text-align: justify;\"><strong>Taziye i\u00e7in; 0 537 608 7668<\/strong><\/p>\n<p style=\"text-align: justify;\"><strong>Allah rahmet eylesin.<\/strong><\/p>\n","protected":false},"excerpt":{"rendered":"<p>Aslen Sevin\/\u00c7ukurp\u0131nar mahallesinden olup \u0130stanbul Arnavutk\u00f6y&#8217;de ikamet eden Hilal ve Nihal \u00d6zer&#8217;in babalar\u0131, \u00dclk\u00fc,Oktay ve G\u00f6khan \u00d6zer&#8217;in karde\u015fleri, \u0130\u015f Adam\u0131 Fatih \u00d6zer (43) kalp<\/p>\n","protected":false},"author":1,"featured_media":4819,"comment_status":"open","ping_status":"open","sticky":false,"template":"","format":"standard","meta":{"_jetpack_memberships_contains_paid_content":false,"footnotes":""},"categories":[8,3,1],"tags":[],"class_list":["post-4817","post","type-post","status-publish","format-standard","has-post-thumbnail","hentry","category-kucuk-sevin","category-manset-haber","category-yoremizden"],"jetpack_featured_media_url":"https:\/\/afsinyedisevin.com\/wp-content\/uploads\/2024\/01\/d681c8046d4a75f6f13c2e815b1e2d5dyi.jpeg","jetpack_sharing_enabled":true,"_links":{"self":[{"href":"https:\/\/afsinyedisevin.com\/index.php\/wp-json\/wp\/v2\/posts\/4817","targetHints":{"allow":["GET"]}}],"collection":[{"href":"https:\/\/afsinyedisevin.com\/index.php\/wp-json\/wp\/v2\/posts"}],"about":[{"href":"https:\/\/afsinyedisevin.com\/index.php\/wp-json\/wp\/v2\/types\/post"}],"author":[{"embeddable":true,"href":"https:\/\/afsinyedisevin.com\/index.php\/wp-json\/wp\/v2\/users\/1"}],"replies":[{"embeddable":true,"href":"https:\/\/afsinyedisevin.com\/index.php\/wp-json\/wp\/v2\/comments?post=4817"}],"version-history":[{"count":1,"href":"https:\/\/afsinyedisevin.com\/index.php\/wp-json\/wp\/v2\/posts\/4817\/revisions"}],"predecessor-version":[{"id":4820,"href":"https:\/\/afsinyedisevin.com\/index.php\/wp-json\/wp\/v2\/posts\/4817\/revisions\/4820"}],"wp:featuredmedia":[{"embeddable":true,"href":"https:\/\/afsinyedisevin.com\/index.php\/wp-json\/wp\/v2\/media\/4819"}],"wp:attachment":[{"href":"https:\/\/afsinyedisevin.com\/index.php\/wp-json\/wp\/v2\/media?parent=4817"}],"wp:term":[{"taxonomy":"category","embeddable":true,"href":"https:\/\/afsinyedisevin.com\/index.php\/wp-json\/wp\/v2\/categories?post=4817"},{"taxonomy":"post_tag","embeddable":true,"href":"https:\/\/afsinyedisevin.com\/index.php\/wp-json\/wp\/v2\/tags?post=4817"}],"curies":[{"name":"wp","href":"https:\/\/api.w.org\/{rel}","templated":true}]}}