{"id":4607,"date":"2023-09-01T07:58:36","date_gmt":"2023-09-01T07:58:36","guid":{"rendered":"https:\/\/afsinyedisevin.com\/?p=4607"},"modified":"2023-09-01T07:58:36","modified_gmt":"2023-09-01T07:58:36","slug":"ismail-sisik-vefat-etti","status":"publish","type":"post","link":"https:\/\/afsinyedisevin.com\/index.php\/2023\/09\/01\/ismail-sisik-vefat-etti\/","title":{"rendered":"\u0130smail \u015ei\u015fik vefat etti."},"content":{"rendered":"<p style=\"text-align: justify;\"><strong><img loading=\"lazy\" decoding=\"async\" class=\"alignnone size-full wp-image-113\" src=\"https:\/\/afsinyedisevin.com\/wp-content\/uploads\/2019\/12\/ahalil.jpg\" alt=\"\" width=\"300\" height=\"194\" srcset=\"https:\/\/afsinyedisevin.com\/wp-content\/uploads\/2019\/12\/ahalil.jpg 300w, https:\/\/afsinyedisevin.com\/wp-content\/uploads\/2019\/12\/ahalil-115x73.jpg 115w\" sizes=\"(max-width: 300px) 100vw, 300px\" \/><\/strong><\/p>\n<p><img loading=\"lazy\" decoding=\"async\" class=\"alignnone size-full wp-image-4609\" src=\"https:\/\/afsinyedisevin.com\/wp-content\/uploads\/2023\/09\/WhatsApp-Image-2023-09-01-at-10.48.27TU.jpeg\" alt=\"\" width=\"720\" height=\"467\" srcset=\"https:\/\/afsinyedisevin.com\/wp-content\/uploads\/2023\/09\/WhatsApp-Image-2023-09-01-at-10.48.27TU.jpeg 720w, https:\/\/afsinyedisevin.com\/wp-content\/uploads\/2023\/09\/WhatsApp-Image-2023-09-01-at-10.48.27TU-300x195.jpeg 300w\" sizes=\"(max-width: 720px) 100vw, 720px\" \/><\/p>\n<p style=\"text-align: justify;\"><strong>T\u00fcrksevin Mahallesinden \u0130smail \u015ei\u015fik (65) vefat etti.<\/strong><\/p>\n<p style=\"text-align: justify;\"><strong>Cenazesi bug\u00fcn Cuma namaz\u0131na m\u00fcteakiben Ashab-\u0131 Kehf Camii \u015eerifinde k\u0131l\u0131nacak cenaze namaz\u0131n\u0131n ard\u0131ndan T\u00fcrksevin Mahallesinde topra\u011fa verilecek.<\/strong><\/p>\n<p style=\"text-align: justify;\"><strong>Kur&#8217;an-\u0131 Kerimi T\u00fcrksevin mahallesinde okunacak.<\/strong><\/p>\n<p style=\"text-align: justify;\"><strong>Taziye i\u00e7in;<\/strong><\/p>\n<p style=\"text-align: justify;\"><strong>O\u011flu Mehmet \u015ei\u015fik-0 530 112 62 66<\/strong><\/p>\n<p style=\"text-align: justify;\"><strong>Allah rahmet eylesin.\u00a0<\/strong><\/p>\n","protected":false},"excerpt":{"rendered":"<p>T\u00fcrksevin Mahallesinden \u0130smail \u015ei\u015fik (65) vefat etti. Cenazesi bug\u00fcn Cuma namaz\u0131na m\u00fcteakiben Ashab-\u0131 Kehf Camii \u015eerifinde k\u0131l\u0131nacak cenaze namaz\u0131n\u0131n ard\u0131ndan T\u00fcrksevin Mahallesinde topra\u011fa verilecek.<\/p>\n","protected":false},"author":1,"featured_media":4608,"comment_status":"open","ping_status":"open","sticky":false,"template":"","format":"standard","meta":{"_jetpack_memberships_contains_paid_content":false,"footnotes":""},"categories":[3,7,4,1],"tags":[],"class_list":["post-4607","post","type-post","status-publish","format-standard","has-post-thumbnail","hentry","category-manset-haber","category-turk-sevin","category-vefatlar","category-yoremizden"],"jetpack_featured_media_url":"https:\/\/afsinyedisevin.com\/wp-content\/uploads\/2023\/09\/aaaaaaaaayi.jpg","jetpack_sharing_enabled":true,"_links":{"self":[{"href":"https:\/\/afsinyedisevin.com\/index.php\/wp-json\/wp\/v2\/posts\/4607","targetHints":{"allow":["GET"]}}],"collection":[{"href":"https:\/\/afsinyedisevin.com\/index.php\/wp-json\/wp\/v2\/posts"}],"about":[{"href":"https:\/\/afsinyedisevin.com\/index.php\/wp-json\/wp\/v2\/types\/post"}],"author":[{"embeddable":true,"href":"https:\/\/afsinyedisevin.com\/index.php\/wp-json\/wp\/v2\/users\/1"}],"replies":[{"embeddable":true,"href":"https:\/\/afsinyedisevin.com\/index.php\/wp-json\/wp\/v2\/comments?post=4607"}],"version-history":[{"count":1,"href":"https:\/\/afsinyedisevin.com\/index.php\/wp-json\/wp\/v2\/posts\/4607\/revisions"}],"predecessor-version":[{"id":4610,"href":"https:\/\/afsinyedisevin.com\/index.php\/wp-json\/wp\/v2\/posts\/4607\/revisions\/4610"}],"wp:featuredmedia":[{"embeddable":true,"href":"https:\/\/afsinyedisevin.com\/index.php\/wp-json\/wp\/v2\/media\/4608"}],"wp:attachment":[{"href":"https:\/\/afsinyedisevin.com\/index.php\/wp-json\/wp\/v2\/media?parent=4607"}],"wp:term":[{"taxonomy":"category","embeddable":true,"href":"https:\/\/afsinyedisevin.com\/index.php\/wp-json\/wp\/v2\/categories?post=4607"},{"taxonomy":"post_tag","embeddable":true,"href":"https:\/\/afsinyedisevin.com\/index.php\/wp-json\/wp\/v2\/tags?post=4607"}],"curies":[{"name":"wp","href":"https:\/\/api.w.org\/{rel}","templated":true}]}}