{"id":46,"date":"2019-12-28T08:56:46","date_gmt":"2019-12-28T08:56:46","guid":{"rendered":"http:\/\/www.afsinyedisevin.com\/?p=46"},"modified":"2019-12-28T14:27:19","modified_gmt":"2019-12-28T14:27:19","slug":"yedisevin-yayin-hayatina-basliyor-3","status":"publish","type":"post","link":"https:\/\/afsinyedisevin.com\/index.php\/2019\/12\/28\/yedisevin-yayin-hayatina-basliyor-3\/","title":{"rendered":"Sevinli \u0130mam T\u00fcrkiye \u00dc\u00e7\u00fcnc\u00fcs\u00fc oldu!"},"content":{"rendered":"<p><img loading=\"lazy\" decoding=\"async\" class=\"alignnone size-full wp-image-113\" src=\"https:\/\/afsinyedisevin.com\/wp-content\/uploads\/2019\/12\/ahalil.jpg\" alt=\"\" width=\"300\" height=\"194\" srcset=\"https:\/\/afsinyedisevin.com\/wp-content\/uploads\/2019\/12\/ahalil.jpg 300w, https:\/\/afsinyedisevin.com\/wp-content\/uploads\/2019\/12\/ahalil-115x73.jpg 115w\" sizes=\"(max-width: 300px) 100vw, 300px\" \/><\/p>\n<p><strong>Sevinli \u0130mam Hatip Mersin\u2019de d\u00fczenlenen yar\u0131\u015fmada T\u00fcrkiye \u00fc\u00e7\u00fcnc\u00fcs\u00fc oldu.<\/strong><\/p>\n<p><strong>Mersin\u2019de \u0130mam Hatipler aras\u0131 Etkili Hutbe Okuma Yar\u0131\u015fmas\u0131 d\u00fczenlendi.Daha \u00f6nce Karaman\u2019da d\u00fczenlenen Yar\u0131\u015fmada B\u00f6lge birincisi olan Af\u015fin Kale \u0130maml\u0131k Camii \u0130mam Hatibi Mehmet K\u0131z\u0131lay d\u00fczenlenen yar\u0131\u015fmada T\u00fcrkiye \u00fc\u00e7\u00fcnc\u00fcs\u00fc oldu.<\/strong><\/p>\n<p><strong>D\u00fcn sonu\u00e7lanan yar\u0131\u015fmada T\u00fcrkiye \u00fc\u00e7\u00fcnc\u00fcl\u00fc\u011f\u00fc elde eden Kale \u0130maml\u0131k Camii \u0130mam Hatibi Mehmet K\u0131z\u0131lay, Haf\u0131zl\u0131\u011f\u0131n\u0131n yan\u0131 s\u0131ra&nbsp; Af\u015fin\u2019de Af\u015fin M\u00fcft\u00fcl\u00fc\u011f\u00fc Gen\u00e7lik Koordinat\u00f6rl\u00fc\u011f\u00fc g\u00f6revini y\u00fcr\u00fct\u00fcyor.<\/strong><\/p>\n<p><strong>Bug\u00fcn\u2019de K\u0131sa d\u00f6nem Askerlik vazifesine ba\u015flayacak olan Hocam\u0131z\u0131 tebrik ediyoruz.<\/strong><\/p>\n<p><iframe loading=\"lazy\" title=\"ETK\u0130L\u0130 HUTBE YARI\u015eMASI T\u00dcRK\u0130YE \u00dc\u00c7\u00dcNC\u00dcS\u00dc AF\u015e\u0130N&#039;DEN-HAL\u0130L DEM\u0130R\" width=\"715\" height=\"536\" src=\"https:\/\/www.youtube.com\/embed\/yJRk5iqCebA?feature=oembed\" frameborder=\"0\" allow=\"accelerometer; autoplay; encrypted-media; gyroscope; picture-in-picture\" allowfullscreen><\/iframe><\/p>\n","protected":false},"excerpt":{"rendered":"<p>Sevinli \u0130mam Hatip Mersin\u2019de d\u00fczenlenen yar\u0131\u015fmada T\u00fcrkiye \u00fc\u00e7\u00fcnc\u00fcs\u00fc oldu. Mersin\u2019de \u0130mam Hatipler aras\u0131 Etkili Hutbe Okuma Yar\u0131\u015fmas\u0131 d\u00fczenlendi.Daha \u00f6nce Karaman\u2019da d\u00fczenlenen Yar\u0131\u015fmada B\u00f6lge birincisi<\/p>\n","protected":false},"author":1,"featured_media":155,"comment_status":"open","ping_status":"open","sticky":false,"template":"","format":"standard","meta":{"_jetpack_memberships_contains_paid_content":false,"footnotes":""},"categories":[6,3],"tags":[],"class_list":["post-46","post","type-post","status-publish","format-standard","has-post-thumbnail","hentry","category-buyuk-sevin","category-manset-haber"],"jetpack_featured_media_url":"https:\/\/afsinyedisevin.com\/wp-content\/uploads\/2019\/12\/dty.jpg","jetpack_sharing_enabled":true,"_links":{"self":[{"href":"https:\/\/afsinyedisevin.com\/index.php\/wp-json\/wp\/v2\/posts\/46","targetHints":{"allow":["GET"]}}],"collection":[{"href":"https:\/\/afsinyedisevin.com\/index.php\/wp-json\/wp\/v2\/posts"}],"about":[{"href":"https:\/\/afsinyedisevin.com\/index.php\/wp-json\/wp\/v2\/types\/post"}],"author":[{"embeddable":true,"href":"https:\/\/afsinyedisevin.com\/index.php\/wp-json\/wp\/v2\/users\/1"}],"replies":[{"embeddable":true,"href":"https:\/\/afsinyedisevin.com\/index.php\/wp-json\/wp\/v2\/comments?post=46"}],"version-history":[{"count":3,"href":"https:\/\/afsinyedisevin.com\/index.php\/wp-json\/wp\/v2\/posts\/46\/revisions"}],"predecessor-version":[{"id":156,"href":"https:\/\/afsinyedisevin.com\/index.php\/wp-json\/wp\/v2\/posts\/46\/revisions\/156"}],"wp:featuredmedia":[{"embeddable":true,"href":"https:\/\/afsinyedisevin.com\/index.php\/wp-json\/wp\/v2\/media\/155"}],"wp:attachment":[{"href":"https:\/\/afsinyedisevin.com\/index.php\/wp-json\/wp\/v2\/media?parent=46"}],"wp:term":[{"taxonomy":"category","embeddable":true,"href":"https:\/\/afsinyedisevin.com\/index.php\/wp-json\/wp\/v2\/categories?post=46"},{"taxonomy":"post_tag","embeddable":true,"href":"https:\/\/afsinyedisevin.com\/index.php\/wp-json\/wp\/v2\/tags?post=46"}],"curies":[{"name":"wp","href":"https:\/\/api.w.org\/{rel}","templated":true}]}}