{"id":4569,"date":"2023-08-03T14:43:26","date_gmt":"2023-08-03T14:43:26","guid":{"rendered":"https:\/\/afsinyedisevin.com\/?p=4569"},"modified":"2023-08-03T14:43:26","modified_gmt":"2023-08-03T14:43:26","slug":"hemsehrimiz-mehmet-kizilay-muhtar-adayi-oldu","status":"publish","type":"post","link":"https:\/\/afsinyedisevin.com\/index.php\/2023\/08\/03\/hemsehrimiz-mehmet-kizilay-muhtar-adayi-oldu\/","title":{"rendered":"Hem\u015fehrimiz Mehmet K\u0131z\u0131lay Muhtar Aday\u0131 oldu."},"content":{"rendered":"<p style=\"text-align: justify;\"><strong><img loading=\"lazy\" decoding=\"async\" class=\"alignnone size-full wp-image-113\" src=\"https:\/\/afsinyedisevin.com\/wp-content\/uploads\/2019\/12\/ahalil.jpg\" alt=\"\" width=\"300\" height=\"194\" srcset=\"https:\/\/afsinyedisevin.com\/wp-content\/uploads\/2019\/12\/ahalil.jpg 300w, https:\/\/afsinyedisevin.com\/wp-content\/uploads\/2019\/12\/ahalil-115x73.jpg 115w\" sizes=\"(max-width: 300px) 100vw, 300px\" \/><\/strong><\/p>\n<p><img loading=\"lazy\" decoding=\"async\" class=\"alignnone size-full wp-image-4570\" src=\"https:\/\/afsinyedisevin.com\/wp-content\/uploads\/2023\/08\/IMG_0943.jpg\" alt=\"\" width=\"700\" height=\"467\" srcset=\"https:\/\/afsinyedisevin.com\/wp-content\/uploads\/2023\/08\/IMG_0943.jpg 700w, https:\/\/afsinyedisevin.com\/wp-content\/uploads\/2023\/08\/IMG_0943-300x200.jpg 300w\" sizes=\"(max-width: 700px) 100vw, 700px\" \/><\/p>\n<p style=\"text-align: justify;\"><strong>Aslen B\u00fcy\u00fcksevin Mahallesinden olup Af\u015finbey Mahallesinde ikamet ve esnafl\u0131kla i\u015ftigal eden hem\u015fehrimiz Mehmet K\u0131z\u0131lay, hizmet yar\u0131\u015f\u0131nda bende var\u0131m diyerek Af\u015finbey Mahallesine Muhtar Aday\u0131 oldu.<\/strong><\/p>\n<p style=\"text-align: justify;\"><strong>1982 y\u0131l\u0131 Beyce\u011fiz Mahallesi do\u011fumlu olan Mehmet K\u0131z\u0131lay, 15 y\u0131ld\u0131r Af\u015fin\u2019de Burak Ambalaj i\u015f yerinde esnaf olarak hizmet veriyor. 10 y\u0131ld\u0131r Af\u015finbey Mahallesinde ikamet eden K\u0131z\u0131lay, 2024 se\u00e7imlerinde Af\u015finbey Mahallesinde \u00e7ok \u015fey de\u011fi\u015fecek. 6 \u015eubat Depremlerinin en fazla y\u0131k\u0131ma yol a\u00e7t\u0131\u011f\u0131 Af\u015finbey Mahallesinin yeniden aya\u011fa kkald\u0131r\u0131lmas\u0131 noktas\u0131nda gayret g\u00f6stererek yeniden eski g\u00fczel g\u00fcnlere d\u00f6n\u00fclmesi i\u00e7in \u00e7al\u0131\u015facaklar\u0131n\u0131 belirtti.<\/strong><\/p>\n<p style=\"text-align: justify;\"><strong>Mahalle sakinleri aras\u0131nda \u00f6ncelikle yard\u0131mla\u015fma,kayna\u015fma ve dayan\u0131\u015fmay\u0131 sa\u011flayacak program ve etkinlikler d\u00fczenleyeceklerini belirten Af\u015finbey Mahallesi Muhtar Aday\u0131 Mehmet K\u0131z\u0131lay,Halkla ili\u015fkisi g\u00fc\u00e7l\u00fc bir Muhtar aday\u0131 olarak mahalle sakinlerimizden destek bekliyorum.G\u00f6n\u00fclden g\u00f6rev yapaca\u011f\u0131z, se\u00e7imden \u00f6nce g\u00f6n\u00fcl kazanaca\u011f\u0131z dedi.<\/strong><\/p>\n<p style=\"text-align: justify;\"><strong>Hay\u0131rl\u0131 olsun.<\/strong><\/p>\n<p><img loading=\"lazy\" decoding=\"async\" class=\"size-full wp-image-4572\" src=\"https:\/\/afsinyedisevin.com\/wp-content\/uploads\/2023\/08\/mehmetkizilay1.jpg\" alt=\"\" width=\"1002\" height=\"502\" srcset=\"https:\/\/afsinyedisevin.com\/wp-content\/uploads\/2023\/08\/mehmetkizilay1.jpg 1002w, https:\/\/afsinyedisevin.com\/wp-content\/uploads\/2023\/08\/mehmetkizilay1-300x150.jpg 300w, https:\/\/afsinyedisevin.com\/wp-content\/uploads\/2023\/08\/mehmetkizilay1-768x385.jpg 768w\" sizes=\"(max-width: 1002px) 100vw, 1002px\" \/><\/p>\n","protected":false},"excerpt":{"rendered":"<p>Aslen B\u00fcy\u00fcksevin Mahallesinden olup Af\u015finbey Mahallesinde ikamet ve esnafl\u0131kla i\u015ftigal eden hem\u015fehrimiz Mehmet K\u0131z\u0131lay, hizmet yar\u0131\u015f\u0131nda bende var\u0131m diyerek Af\u015finbey Mahallesine Muhtar Aday\u0131 oldu.<\/p>\n","protected":false},"author":1,"featured_media":4571,"comment_status":"open","ping_status":"open","sticky":false,"template":"","format":"standard","meta":{"_jetpack_memberships_contains_paid_content":false,"footnotes":""},"categories":[6,28,29,3,1],"tags":[],"class_list":["post-4569","post","type-post","status-publish","format-standard","has-post-thumbnail","hentry","category-buyuk-sevin","category-is-dunyasi","category-kizilkaya","category-manset-haber","category-yoremizden"],"jetpack_featured_media_url":"https:\/\/afsinyedisevin.com\/wp-content\/uploads\/2023\/08\/IMG_0943u.jpg","jetpack_sharing_enabled":true,"_links":{"self":[{"href":"https:\/\/afsinyedisevin.com\/index.php\/wp-json\/wp\/v2\/posts\/4569","targetHints":{"allow":["GET"]}}],"collection":[{"href":"https:\/\/afsinyedisevin.com\/index.php\/wp-json\/wp\/v2\/posts"}],"about":[{"href":"https:\/\/afsinyedisevin.com\/index.php\/wp-json\/wp\/v2\/types\/post"}],"author":[{"embeddable":true,"href":"https:\/\/afsinyedisevin.com\/index.php\/wp-json\/wp\/v2\/users\/1"}],"replies":[{"embeddable":true,"href":"https:\/\/afsinyedisevin.com\/index.php\/wp-json\/wp\/v2\/comments?post=4569"}],"version-history":[{"count":1,"href":"https:\/\/afsinyedisevin.com\/index.php\/wp-json\/wp\/v2\/posts\/4569\/revisions"}],"predecessor-version":[{"id":4573,"href":"https:\/\/afsinyedisevin.com\/index.php\/wp-json\/wp\/v2\/posts\/4569\/revisions\/4573"}],"wp:featuredmedia":[{"embeddable":true,"href":"https:\/\/afsinyedisevin.com\/index.php\/wp-json\/wp\/v2\/media\/4571"}],"wp:attachment":[{"href":"https:\/\/afsinyedisevin.com\/index.php\/wp-json\/wp\/v2\/media?parent=4569"}],"wp:term":[{"taxonomy":"category","embeddable":true,"href":"https:\/\/afsinyedisevin.com\/index.php\/wp-json\/wp\/v2\/categories?post=4569"},{"taxonomy":"post_tag","embeddable":true,"href":"https:\/\/afsinyedisevin.com\/index.php\/wp-json\/wp\/v2\/tags?post=4569"}],"curies":[{"name":"wp","href":"https:\/\/api.w.org\/{rel}","templated":true}]}}