{"id":45,"date":"2019-12-28T08:56:34","date_gmt":"2019-12-28T08:56:34","guid":{"rendered":"http:\/\/www.afsinyedisevin.com\/?p=45"},"modified":"2019-12-28T14:31:56","modified_gmt":"2019-12-28T14:31:56","slug":"yedisevin-yayin-hayatina-basliyor-4","status":"publish","type":"post","link":"https:\/\/afsinyedisevin.com\/index.php\/2019\/12\/28\/yedisevin-yayin-hayatina-basliyor-4\/","title":{"rendered":"Af\u015fin\u2019in Kur\u2019an B\u00fclb\u00fcl\u00fc 2\u2019nci oldu!"},"content":{"rendered":"<p><img loading=\"lazy\" decoding=\"async\" class=\"alignnone size-full wp-image-113\" src=\"https:\/\/afsinyedisevin.com\/wp-content\/uploads\/2019\/12\/ahalil.jpg\" alt=\"\" width=\"300\" height=\"194\" srcset=\"https:\/\/afsinyedisevin.com\/wp-content\/uploads\/2019\/12\/ahalil.jpg 300w, https:\/\/afsinyedisevin.com\/wp-content\/uploads\/2019\/12\/ahalil-115x73.jpg 115w\" sizes=\"(max-width: 300px) 100vw, 300px\" \/><\/p>\n<p><img loading=\"lazy\" decoding=\"async\" class=\"alignnone size-full wp-image-160\" src=\"https:\/\/afsinyedisevin.com\/wp-content\/uploads\/2019\/12\/capture-20171201-152711.png\" alt=\"\" width=\"718\" height=\"370\" srcset=\"https:\/\/afsinyedisevin.com\/wp-content\/uploads\/2019\/12\/capture-20171201-152711.png 718w, https:\/\/afsinyedisevin.com\/wp-content\/uploads\/2019\/12\/capture-20171201-152711-300x155.png 300w\" sizes=\"(max-width: 718px) 100vw, 718px\" \/><\/p>\n<p><strong>Af\u015fin Anadolu \u0130mam Hatip Lisesi \u00d6\u011frencisi Hamdi K\u00f6ker (15) TRT 1 Televizyonunda yay\u0131nlanan Kur\u2019an-\u0131 Kerimi G\u00fczel Okuma Yar\u0131\u015fmas\u0131nda ikinci oldu.<\/strong><\/p>\n<p><strong>2 Kas\u0131m 2017 tarihinde kat\u0131ld\u0131\u011f\u0131 Kur\u2019an-\u0131 Kerimi G\u00fczel Okuma Yar\u0131\u015fmas\u0131nda Ay Finaline kalan Hamdi K\u00f6ker d\u00fcn ak\u015fam ger\u00e7ekle\u015fen programda ikinci oldu.<\/strong><\/p>\n<p><strong>Ankebut Suresi 56 ile 63\u2019nc\u00fc ayetlerini okuyan K\u00f6ker,\u0130lk \u00e7\u0131kt\u0131\u011f\u0131m programda daha heyecanl\u0131yd\u0131m.\u015eimdi ise biraz daha sakinim dedi.<\/strong><\/p>\n<p><strong>J\u00fcri \u00fcyelerinden 100+100-95+95+97&nbsp; toplamda ise 487 puan alarak ikinci oldu.<\/strong><\/p>\n<p><strong>Af\u015fin\u2019i sevince bo\u011fan Af\u015fin Anadolu \u0130mam Hatip Lisesi ikinci s\u0131n\u0131f \u00f6\u011frencisi Hamdi K\u00f6ker\u2019in kat\u0131ld\u0131\u011f\u0131 o programa g\u00f6t\u00fcr\u00fcyoruz sizleri.D\u00fcn gece saat 00:10 da ekranlara \u00e7\u0131kan Hamdi K\u00f6ker\u2019in okudu\u011fu Muhte\u015fem ayetleri bir kez daha beraberce dinleyelim.<\/strong><\/p>\n<p><iframe loading=\"lazy\" title=\"Kur&#039;an-\u0131 Kerim&#039;i G\u00fczel Okuma Yar\u0131\u015fmas\u0131 - Hamdi K\u00f6ker (Ay Finali)\" width=\"715\" height=\"402\" src=\"https:\/\/www.youtube.com\/embed\/D0I_GUPE_G8?feature=oembed\" frameborder=\"0\" allow=\"accelerometer; autoplay; encrypted-media; gyroscope; picture-in-picture\" allowfullscreen><\/iframe><\/p>\n<p><strong>HAMD\u0130 K\u00d6KER\u2019E BULUNMAZ TEKL\u0130F!<\/strong><\/p>\n<p><strong>TRT 1 Televizyonunda yay\u0131nlanan Kur\u2019an-\u0131 Kerimi G\u00fczel Okuma Yar\u0131\u015fmas\u0131na kat\u0131lan ve ilk kat\u0131ld\u0131\u011f\u0131 programda Ay Finaline kalan ve d\u00fcn gece ger\u00e7ekle\u015fen programda da ikinci olan Hamdi K\u00f6ker\u2019e en g\u00fczel hediye J\u00fcri \u00fcyelerinden \u0130lhan Tok Hoca\u2019dan geldi.\u0130lhan Tok Hoca Hamdi K\u00f6ker e\u011fer kabul eder gelirse \u00d6\u011frencimiz olur dedi.<\/strong><\/p>\n<p><img loading=\"lazy\" decoding=\"async\" class=\"alignnone size-full wp-image-159\" src=\"https:\/\/afsinyedisevin.com\/wp-content\/uploads\/2019\/12\/capture-20171201-152438.png\" alt=\"\" width=\"726\" height=\"364\" srcset=\"https:\/\/afsinyedisevin.com\/wp-content\/uploads\/2019\/12\/capture-20171201-152438.png 726w, https:\/\/afsinyedisevin.com\/wp-content\/uploads\/2019\/12\/capture-20171201-152438-300x150.png 300w\" sizes=\"(max-width: 726px) 100vw, 726px\" \/><\/p>\n","protected":false},"excerpt":{"rendered":"<p>Af\u015fin Anadolu \u0130mam Hatip Lisesi \u00d6\u011frencisi Hamdi K\u00f6ker (15) TRT 1 Televizyonunda yay\u0131nlanan Kur\u2019an-\u0131 Kerimi G\u00fczel Okuma Yar\u0131\u015fmas\u0131nda ikinci oldu. 2 Kas\u0131m 2017 tarihinde<\/p>\n","protected":false},"author":1,"featured_media":161,"comment_status":"open","ping_status":"open","sticky":false,"template":"","format":"standard","meta":{"_jetpack_memberships_contains_paid_content":false,"footnotes":""},"categories":[6,3],"tags":[],"class_list":["post-45","post","type-post","status-publish","format-standard","has-post-thumbnail","hentry","category-buyuk-sevin","category-manset-haber"],"jetpack_featured_media_url":"https:\/\/afsinyedisevin.com\/wp-content\/uploads\/2019\/12\/dtyg.jpg","jetpack_sharing_enabled":true,"_links":{"self":[{"href":"https:\/\/afsinyedisevin.com\/index.php\/wp-json\/wp\/v2\/posts\/45","targetHints":{"allow":["GET"]}}],"collection":[{"href":"https:\/\/afsinyedisevin.com\/index.php\/wp-json\/wp\/v2\/posts"}],"about":[{"href":"https:\/\/afsinyedisevin.com\/index.php\/wp-json\/wp\/v2\/types\/post"}],"author":[{"embeddable":true,"href":"https:\/\/afsinyedisevin.com\/index.php\/wp-json\/wp\/v2\/users\/1"}],"replies":[{"embeddable":true,"href":"https:\/\/afsinyedisevin.com\/index.php\/wp-json\/wp\/v2\/comments?post=45"}],"version-history":[{"count":3,"href":"https:\/\/afsinyedisevin.com\/index.php\/wp-json\/wp\/v2\/posts\/45\/revisions"}],"predecessor-version":[{"id":162,"href":"https:\/\/afsinyedisevin.com\/index.php\/wp-json\/wp\/v2\/posts\/45\/revisions\/162"}],"wp:featuredmedia":[{"embeddable":true,"href":"https:\/\/afsinyedisevin.com\/index.php\/wp-json\/wp\/v2\/media\/161"}],"wp:attachment":[{"href":"https:\/\/afsinyedisevin.com\/index.php\/wp-json\/wp\/v2\/media?parent=45"}],"wp:term":[{"taxonomy":"category","embeddable":true,"href":"https:\/\/afsinyedisevin.com\/index.php\/wp-json\/wp\/v2\/categories?post=45"},{"taxonomy":"post_tag","embeddable":true,"href":"https:\/\/afsinyedisevin.com\/index.php\/wp-json\/wp\/v2\/tags?post=45"}],"curies":[{"name":"wp","href":"https:\/\/api.w.org\/{rel}","templated":true}]}}