{"id":4483,"date":"2023-04-29T06:35:18","date_gmt":"2023-04-29T06:35:18","guid":{"rendered":"https:\/\/afsinyedisevin.com\/?p=4483"},"modified":"2023-04-29T06:35:18","modified_gmt":"2023-04-29T06:35:18","slug":"haci-ahmet-ozdemir-vefat-etti","status":"publish","type":"post","link":"https:\/\/afsinyedisevin.com\/index.php\/2023\/04\/29\/haci-ahmet-ozdemir-vefat-etti\/","title":{"rendered":"Hac\u0131 Ahmet \u00d6zdemir vefat etti."},"content":{"rendered":"<p style=\"text-align: justify;\"><strong><img loading=\"lazy\" decoding=\"async\" class=\"alignnone size-full wp-image-113\" src=\"https:\/\/afsinyedisevin.com\/wp-content\/uploads\/2019\/12\/ahalil.jpg\" alt=\"\" width=\"300\" height=\"194\" srcset=\"https:\/\/afsinyedisevin.com\/wp-content\/uploads\/2019\/12\/ahalil.jpg 300w, https:\/\/afsinyedisevin.com\/wp-content\/uploads\/2019\/12\/ahalil-115x73.jpg 115w\" sizes=\"(max-width: 300px) 100vw, 300px\" \/><\/strong><\/p>\n<p><img loading=\"lazy\" decoding=\"async\" class=\"alignnone size-full wp-image-4485\" src=\"https:\/\/afsinyedisevin.com\/wp-content\/uploads\/2023\/04\/WhatsApp-Image-2023-04-29-at-01.34.47.jpeg\" alt=\"\" width=\"600\" height=\"384\" srcset=\"https:\/\/afsinyedisevin.com\/wp-content\/uploads\/2023\/04\/WhatsApp-Image-2023-04-29-at-01.34.47.jpeg 600w, https:\/\/afsinyedisevin.com\/wp-content\/uploads\/2023\/04\/WhatsApp-Image-2023-04-29-at-01.34.47-300x192.jpeg 300w, https:\/\/afsinyedisevin.com\/wp-content\/uploads\/2023\/04\/WhatsApp-Image-2023-04-29-at-01.34.47-115x73.jpeg 115w\" sizes=\"(max-width: 600px) 100vw, 600px\" \/><\/p>\n<p style=\"text-align: justify;\"><strong>Aslen B\u00fcy\u00fcksevin mahallesinden olup Gaziosmanpa\u015fa Mahallesi\u2019nde ikamet eden Emekli Ba\u015fkomiser Ali,Hatice ve Terzi Mustafa\u2019n\u0131n karde\u015fleri, Rahmetli Zekeriya ,Emekli polis Muzaffer,Zafer ,Fadime ve Melek\u2018in babalar\u0131, Emekli Emniyet g\u00f6revlisi AbdulGani, Askeri personel \u0130rfan Erden\u2019in kay\u0131n babas\u0131 Hac\u0131 Ahmet \u00d6zdemir (80) vefat etti.<\/strong><\/p>\n<p style=\"text-align: justify;\"><strong>Cenazesi 30 Nisan Pazar g\u00fcn\u00fc \u00f6\u011fle namaz\u0131na m\u00fcteakiben Ashab-\u0131 Kehf Camii \u015eerifinde k\u0131l\u0131nacak cenaze namaz\u0131n\u0131n ard\u0131ndan Asri Mezarl\u0131kta topra\u011fa verilecek.<\/strong><\/p>\n<p style=\"text-align: justify;\"><strong>Taziye i\u00e7in;<\/strong><\/p>\n<p style=\"text-align: justify;\"><strong>Muzaffer \u00d6zdemir 0 505 292 1775<\/strong><br \/>\n<strong>Zafer \u00d6zdemir 0 530 403 7705<\/strong><\/p>\n<p style=\"text-align: justify;\"><strong>Allah rahmet eylesin.<\/strong><\/p>\n<p style=\"text-align: justify;\">\n","protected":false},"excerpt":{"rendered":"<p>Aslen B\u00fcy\u00fcksevin mahallesinden olup Gaziosmanpa\u015fa Mahallesi\u2019nde ikamet eden Emekli Ba\u015fkomiser Ali,Hatice ve Terzi Mustafa\u2019n\u0131n karde\u015fleri, Rahmetli Zekeriya ,Emekli polis Muzaffer,Zafer ,Fadime ve Melek\u2018in babalar\u0131,<\/p>\n","protected":false},"author":1,"featured_media":4484,"comment_status":"open","ping_status":"open","sticky":false,"template":"","format":"standard","meta":{"_jetpack_memberships_contains_paid_content":false,"footnotes":""},"categories":[6,3,4,1],"tags":[],"class_list":["post-4483","post","type-post","status-publish","format-standard","has-post-thumbnail","hentry","category-buyuk-sevin","category-manset-haber","category-vefatlar","category-yoremizden"],"jetpack_featured_media_url":"https:\/\/afsinyedisevin.com\/wp-content\/uploads\/2023\/04\/aaaaaaaaayi-1.jpg","jetpack_sharing_enabled":true,"_links":{"self":[{"href":"https:\/\/afsinyedisevin.com\/index.php\/wp-json\/wp\/v2\/posts\/4483","targetHints":{"allow":["GET"]}}],"collection":[{"href":"https:\/\/afsinyedisevin.com\/index.php\/wp-json\/wp\/v2\/posts"}],"about":[{"href":"https:\/\/afsinyedisevin.com\/index.php\/wp-json\/wp\/v2\/types\/post"}],"author":[{"embeddable":true,"href":"https:\/\/afsinyedisevin.com\/index.php\/wp-json\/wp\/v2\/users\/1"}],"replies":[{"embeddable":true,"href":"https:\/\/afsinyedisevin.com\/index.php\/wp-json\/wp\/v2\/comments?post=4483"}],"version-history":[{"count":1,"href":"https:\/\/afsinyedisevin.com\/index.php\/wp-json\/wp\/v2\/posts\/4483\/revisions"}],"predecessor-version":[{"id":4487,"href":"https:\/\/afsinyedisevin.com\/index.php\/wp-json\/wp\/v2\/posts\/4483\/revisions\/4487"}],"wp:featuredmedia":[{"embeddable":true,"href":"https:\/\/afsinyedisevin.com\/index.php\/wp-json\/wp\/v2\/media\/4484"}],"wp:attachment":[{"href":"https:\/\/afsinyedisevin.com\/index.php\/wp-json\/wp\/v2\/media?parent=4483"}],"wp:term":[{"taxonomy":"category","embeddable":true,"href":"https:\/\/afsinyedisevin.com\/index.php\/wp-json\/wp\/v2\/categories?post=4483"},{"taxonomy":"post_tag","embeddable":true,"href":"https:\/\/afsinyedisevin.com\/index.php\/wp-json\/wp\/v2\/tags?post=4483"}],"curies":[{"name":"wp","href":"https:\/\/api.w.org\/{rel}","templated":true}]}}