{"id":4406,"date":"2023-01-02T10:01:53","date_gmt":"2023-01-02T10:01:53","guid":{"rendered":"https:\/\/afsinyedisevin.com\/?p=4406"},"modified":"2023-01-02T10:01:53","modified_gmt":"2023-01-02T10:01:53","slug":"asiye-genc-vefat-etti","status":"publish","type":"post","link":"https:\/\/afsinyedisevin.com\/index.php\/2023\/01\/02\/asiye-genc-vefat-etti\/","title":{"rendered":"Asiye Gen\u00e7 vefat etti."},"content":{"rendered":"<p style=\"text-align: justify;\"><strong><img loading=\"lazy\" decoding=\"async\" class=\"alignnone size-full wp-image-113\" src=\"https:\/\/afsinyedisevin.com\/wp-content\/uploads\/2019\/12\/ahalil.jpg\" alt=\"\" width=\"300\" height=\"194\" srcset=\"https:\/\/afsinyedisevin.com\/wp-content\/uploads\/2019\/12\/ahalil.jpg 300w, https:\/\/afsinyedisevin.com\/wp-content\/uploads\/2019\/12\/ahalil-115x73.jpg 115w\" sizes=\"(max-width: 300px) 100vw, 300px\" \/><\/strong><\/p>\n<p><img loading=\"lazy\" decoding=\"async\" class=\"alignnone size-full wp-image-4408\" src=\"https:\/\/afsinyedisevin.com\/wp-content\/uploads\/2023\/01\/WhatsApp-Image-2023-01-02-at-12.51.05nhy.jpeg\" alt=\"\" width=\"600\" height=\"362\" srcset=\"https:\/\/afsinyedisevin.com\/wp-content\/uploads\/2023\/01\/WhatsApp-Image-2023-01-02-at-12.51.05nhy.jpeg 600w, https:\/\/afsinyedisevin.com\/wp-content\/uploads\/2023\/01\/WhatsApp-Image-2023-01-02-at-12.51.05nhy-300x181.jpeg 300w\" sizes=\"(max-width: 600px) 100vw, 600px\" \/><\/p>\n<p style=\"text-align: justify;\"><strong>T\u00fcrksevin Mahallesinden olup Dedebaba Mahallesinde ikamet eden Ramazan Gen\u00e7&#8217;in k\u0131z karde\u015fi, Pazarc\u0131 Ali Gen\u00e7&#8217;in e\u015fi, Asiye Gen\u00e7 (36) vefat etti.<\/strong><\/p>\n<p style=\"text-align: justify;\"><strong>Cenazesi 03 Ocak 2023 (yar\u0131n) g\u00fcn\u00fc \u00f6\u011fle namaz\u0131na m\u00fcteakiben T\u00fcrksevin Mahallesinde k\u0131l\u0131nacak cenaze namaz\u0131n\u0131n ard\u0131ndan topra\u011fa verilecek.<\/strong><\/p>\n<p style=\"text-align: justify;\"><strong>Kur&#8217;an-\u0131 Kerimi Dedebaba Mahallesinde Hac\u0131 Bayram Cami alt taraf\u0131ndan kendi hanesinde okunacak.<\/strong><\/p>\n<p style=\"text-align: justify;\"><strong>Taziye i\u00e7in;<\/strong><\/p>\n<p style=\"text-align: justify;\"><strong>Karde\u015fi Ramazan Gen\u00e7- 0 505 909 83 02<\/strong><\/p>\n<p style=\"text-align: justify;\"><strong>E\u015fi Ali Gen\u00e7- 0 506 229 47 26<\/strong><\/p>\n<p style=\"text-align: justify;\"><strong>Allah rahmet eylesin.<\/strong><\/p>\n<p style=\"text-align: justify;\">\n","protected":false},"excerpt":{"rendered":"<p>T\u00fcrksevin Mahallesinden olup Dedebaba Mahallesinde ikamet eden Ramazan Gen\u00e7&#8217;in k\u0131z karde\u015fi, Pazarc\u0131 Ali Gen\u00e7&#8217;in e\u015fi, Asiye Gen\u00e7 (36) vefat etti. Cenazesi 03 Ocak 2023<\/p>\n","protected":false},"author":1,"featured_media":4407,"comment_status":"open","ping_status":"open","sticky":false,"template":"","format":"standard","meta":{"_jetpack_memberships_contains_paid_content":false,"footnotes":""},"categories":[3,7,4,1],"tags":[],"class_list":["post-4406","post","type-post","status-publish","format-standard","has-post-thumbnail","hentry","category-manset-haber","category-turk-sevin","category-vefatlar","category-yoremizden"],"jetpack_featured_media_url":"https:\/\/afsinyedisevin.com\/wp-content\/uploads\/2023\/01\/aaaaaaaaanhy.jpg","jetpack_sharing_enabled":true,"_links":{"self":[{"href":"https:\/\/afsinyedisevin.com\/index.php\/wp-json\/wp\/v2\/posts\/4406","targetHints":{"allow":["GET"]}}],"collection":[{"href":"https:\/\/afsinyedisevin.com\/index.php\/wp-json\/wp\/v2\/posts"}],"about":[{"href":"https:\/\/afsinyedisevin.com\/index.php\/wp-json\/wp\/v2\/types\/post"}],"author":[{"embeddable":true,"href":"https:\/\/afsinyedisevin.com\/index.php\/wp-json\/wp\/v2\/users\/1"}],"replies":[{"embeddable":true,"href":"https:\/\/afsinyedisevin.com\/index.php\/wp-json\/wp\/v2\/comments?post=4406"}],"version-history":[{"count":1,"href":"https:\/\/afsinyedisevin.com\/index.php\/wp-json\/wp\/v2\/posts\/4406\/revisions"}],"predecessor-version":[{"id":4409,"href":"https:\/\/afsinyedisevin.com\/index.php\/wp-json\/wp\/v2\/posts\/4406\/revisions\/4409"}],"wp:featuredmedia":[{"embeddable":true,"href":"https:\/\/afsinyedisevin.com\/index.php\/wp-json\/wp\/v2\/media\/4407"}],"wp:attachment":[{"href":"https:\/\/afsinyedisevin.com\/index.php\/wp-json\/wp\/v2\/media?parent=4406"}],"wp:term":[{"taxonomy":"category","embeddable":true,"href":"https:\/\/afsinyedisevin.com\/index.php\/wp-json\/wp\/v2\/categories?post=4406"},{"taxonomy":"post_tag","embeddable":true,"href":"https:\/\/afsinyedisevin.com\/index.php\/wp-json\/wp\/v2\/tags?post=4406"}],"curies":[{"name":"wp","href":"https:\/\/api.w.org\/{rel}","templated":true}]}}