{"id":4244,"date":"2022-09-26T11:52:40","date_gmt":"2022-09-26T11:52:40","guid":{"rendered":"https:\/\/afsinyedisevin.com\/?p=4244"},"modified":"2022-09-26T11:52:40","modified_gmt":"2022-09-26T11:52:40","slug":"hemsehrimiz-osman-ozere-gecmis-olsun-ziyareti","status":"publish","type":"post","link":"https:\/\/afsinyedisevin.com\/index.php\/2022\/09\/26\/hemsehrimiz-osman-ozere-gecmis-olsun-ziyareti\/","title":{"rendered":"Hem\u015fehrimiz Osman \u00d6zer&#8217;e Ge\u00e7mi\u015f Olsun ziyareti."},"content":{"rendered":"<p style=\"text-align: justify;\"><strong><img loading=\"lazy\" decoding=\"async\" class=\"alignnone size-full wp-image-2532\" src=\"https:\/\/afsinyedisevin.com\/wp-content\/uploads\/2020\/11\/ahab.jpg\" alt=\"\" width=\"300\" height=\"194\" srcset=\"https:\/\/afsinyedisevin.com\/wp-content\/uploads\/2020\/11\/ahab.jpg 300w, https:\/\/afsinyedisevin.com\/wp-content\/uploads\/2020\/11\/ahab-115x73.jpg 115w\" sizes=\"(max-width: 300px) 100vw, 300px\" \/><\/strong><\/p>\n<p style=\"text-align: justify;\"><strong><img loading=\"lazy\" decoding=\"async\" class=\"alignnone size-full wp-image-4246\" src=\"https:\/\/afsinyedisevin.com\/wp-content\/uploads\/2022\/09\/osman-abi-1.jpg\" alt=\"\" width=\"600\" height=\"338\" srcset=\"https:\/\/afsinyedisevin.com\/wp-content\/uploads\/2022\/09\/osman-abi-1.jpg 600w, https:\/\/afsinyedisevin.com\/wp-content\/uploads\/2022\/09\/osman-abi-1-300x169.jpg 300w\" sizes=\"(max-width: 600px) 100vw, 600px\" \/><\/strong><\/p>\n<p style=\"text-align: justify;\"><strong>Af\u015fin Merkez Yay\u0131n Grubunun 10 g\u00fcnl\u00fck \u0130stanbul program\u0131 kapsam\u0131nda K\u00fc\u00e7\u00fcksevin&#8217;li \u0130\u015f Adam\u0131m\u0131z Osman \u00d6zer beye ge\u00e7mi\u015f olsun ziyaretinde bulunduk.<\/strong><\/p>\n<p style=\"text-align: justify;\"><strong>AF\u015e\u0130NDER Ba\u015fkan Yard\u0131mc\u0131s\u0131 Cafer \u00c7irci a\u011fabey ile yapt\u0131\u011f\u0131m\u0131z ziyarette kendisi de AF\u015e\u0130NDER Y\u00f6netim Kurulu \u00fcyesi olan k\u0131ymetli hem\u015fehrimiz Osman \u00d6zer&#8217;e ge\u00e7mi\u015f olsun diyerek acil \u015fifalar diledik.<\/strong><\/p>\n<p style=\"text-align: justify;\"><strong>Aslen K\u00fc\u00e7\u00fcksevin (\u00c7ukurp\u0131nar) mahallemizden olup \u0130stanbul&#8217;da Akg\u00fcl Temizlik ad\u0131yla hizmet veren hem\u015fehrimiz \u0130stanbul&#8217;da ki derneklerimizin t\u00fcm faaliyetlerinde g\u00f6n\u00fcll\u00fc olarak en \u00f6nde y\u00fcr\u00fcyen isimlerden.<\/strong><\/p>\n<p style=\"text-align: justify;\"><strong>Hem\u015fehrimize tekrar ge\u00e7mi\u015f olsun diyoruz.\u0130stanbul programlar\u0131m\u0131z kapsam\u0131nda g\u00f6sterdi\u011fi ilgisinden dolay\u0131 te\u015fekk\u00fcr ediyoruz.<\/strong><\/p>\n","protected":false},"excerpt":{"rendered":"<p>Af\u015fin Merkez Yay\u0131n Grubunun 10 g\u00fcnl\u00fck \u0130stanbul program\u0131 kapsam\u0131nda K\u00fc\u00e7\u00fcksevin&#8217;li \u0130\u015f Adam\u0131m\u0131z Osman \u00d6zer beye ge\u00e7mi\u015f olsun ziyaretinde bulunduk. AF\u015e\u0130NDER Ba\u015fkan Yard\u0131mc\u0131s\u0131 Cafer \u00c7irci<\/p>\n","protected":false},"author":1,"featured_media":4247,"comment_status":"open","ping_status":"open","sticky":false,"template":"","format":"standard","meta":{"_jetpack_memberships_contains_paid_content":false,"footnotes":""},"categories":[26,27,28,8,3,1],"tags":[],"class_list":["post-4244","post","type-post","status-publish","format-standard","has-post-thumbnail","hentry","category-gurbetteki-is-dunyasi","category-gurbetteki-sevinliler","category-is-dunyasi","category-kucuk-sevin","category-manset-haber","category-yoremizden"],"jetpack_featured_media_url":"https:\/\/afsinyedisevin.com\/wp-content\/uploads\/2022\/09\/osman-abi-2yui.jpg","jetpack_sharing_enabled":true,"_links":{"self":[{"href":"https:\/\/afsinyedisevin.com\/index.php\/wp-json\/wp\/v2\/posts\/4244","targetHints":{"allow":["GET"]}}],"collection":[{"href":"https:\/\/afsinyedisevin.com\/index.php\/wp-json\/wp\/v2\/posts"}],"about":[{"href":"https:\/\/afsinyedisevin.com\/index.php\/wp-json\/wp\/v2\/types\/post"}],"author":[{"embeddable":true,"href":"https:\/\/afsinyedisevin.com\/index.php\/wp-json\/wp\/v2\/users\/1"}],"replies":[{"embeddable":true,"href":"https:\/\/afsinyedisevin.com\/index.php\/wp-json\/wp\/v2\/comments?post=4244"}],"version-history":[{"count":4,"href":"https:\/\/afsinyedisevin.com\/index.php\/wp-json\/wp\/v2\/posts\/4244\/revisions"}],"predecessor-version":[{"id":4250,"href":"https:\/\/afsinyedisevin.com\/index.php\/wp-json\/wp\/v2\/posts\/4244\/revisions\/4250"}],"wp:featuredmedia":[{"embeddable":true,"href":"https:\/\/afsinyedisevin.com\/index.php\/wp-json\/wp\/v2\/media\/4247"}],"wp:attachment":[{"href":"https:\/\/afsinyedisevin.com\/index.php\/wp-json\/wp\/v2\/media?parent=4244"}],"wp:term":[{"taxonomy":"category","embeddable":true,"href":"https:\/\/afsinyedisevin.com\/index.php\/wp-json\/wp\/v2\/categories?post=4244"},{"taxonomy":"post_tag","embeddable":true,"href":"https:\/\/afsinyedisevin.com\/index.php\/wp-json\/wp\/v2\/tags?post=4244"}],"curies":[{"name":"wp","href":"https:\/\/api.w.org\/{rel}","templated":true}]}}