{"id":4213,"date":"2022-09-18T14:07:53","date_gmt":"2022-09-18T14:07:53","guid":{"rendered":"https:\/\/afsinyedisevin.com\/?p=4213"},"modified":"2022-09-18T14:09:13","modified_gmt":"2022-09-18T14:09:13","slug":"hemsehrimiz-kerem-akpinara-makaminda-ziyaret","status":"publish","type":"post","link":"https:\/\/afsinyedisevin.com\/index.php\/2022\/09\/18\/hemsehrimiz-kerem-akpinara-makaminda-ziyaret\/","title":{"rendered":"Hem\u015fehrimiz Kerem Akp\u0131nar&#8217;a makam\u0131nda ziyaret."},"content":{"rendered":"<p style=\"text-align: justify;\"><strong><img loading=\"lazy\" decoding=\"async\" class=\"alignnone size-full wp-image-2532\" src=\"https:\/\/afsinyedisevin.com\/wp-content\/uploads\/2020\/11\/ahab.jpg\" alt=\"\" width=\"300\" height=\"194\" srcset=\"https:\/\/afsinyedisevin.com\/wp-content\/uploads\/2020\/11\/ahab.jpg 300w, https:\/\/afsinyedisevin.com\/wp-content\/uploads\/2020\/11\/ahab-115x73.jpg 115w\" sizes=\"(max-width: 300px) 100vw, 300px\" \/><\/strong><\/p>\n<p style=\"text-align: justify;\"><strong>Af\u015fin Merkez Yay\u0131n Grubunu 10 g\u00fcnl\u00fck \u0130stanbul Program\u0131 kapsam\u0131nda ziyaret etti\u011fimiz isimler aras\u0131nda hem\u015fehrimiz Mali M\u00fc\u015favir Kerem Akp\u0131nar&#8217;da vard\u0131.<\/strong><\/p>\n<p style=\"text-align: justify;\"><strong>\u0130stanbul\/Gaziosmanpa\u015fa \u0130l\u00e7esinde Mali M\u00fc\u015favir olarak hizmet veren ve y\u0131llard\u0131r gurbette s\u0131la \u00f6zlemi \u00e7eken hem\u015fehrimiz Kerem Akp\u0131nar&#8217;\u0131 ziyaretimizde \u0130stanbul Ar\u0131ta\u015f Mahallesi \u00f6nce ki d\u00f6nem Ba\u015fkan\u0131 Adem \u00c7elik&#8217;de e\u015flik etti.<\/strong><\/p>\n<p style=\"text-align: justify;\"><strong>Ayn\u0131 zamanda Gaziosmanpa\u015fa \u0130lim Yayma Cemiyeti \u0130l\u00e7e Ba\u015fkanl\u0131\u011f\u0131 g\u00f6revini de y\u00fcr\u00fcten hem\u015fehrimiz Kerem Akp\u0131nar, Haber Merkezimize \u00f6zel bir \u0130lim Yayma Cemiyeti ti\u015f\u00f6rt\u00fc de\u00a0 hediye etti.<\/strong><\/p>\n<p style=\"text-align: justify;\"><strong>Kerem Akp\u0131nar a\u011fabeyimize ilgilerinden ve ikramlar\u0131ndan dolay\u0131 te\u015fekk\u00fcr ederiz.<\/strong><\/p>\n<p style=\"text-align: justify;\"><img loading=\"lazy\" decoding=\"async\" class=\"alignnone size-full wp-image-4214\" src=\"https:\/\/afsinyedisevin.com\/wp-content\/uploads\/2022\/09\/IMG_4800.jpg\" alt=\"\" width=\"600\" height=\"400\" srcset=\"https:\/\/afsinyedisevin.com\/wp-content\/uploads\/2022\/09\/IMG_4800.jpg 600w, https:\/\/afsinyedisevin.com\/wp-content\/uploads\/2022\/09\/IMG_4800-300x200.jpg 300w\" sizes=\"(max-width: 600px) 100vw, 600px\" \/> <img loading=\"lazy\" decoding=\"async\" class=\"alignnone size-full wp-image-4215\" src=\"https:\/\/afsinyedisevin.com\/wp-content\/uploads\/2022\/09\/IMG_4803.jpg\" alt=\"\" width=\"600\" height=\"311\" srcset=\"https:\/\/afsinyedisevin.com\/wp-content\/uploads\/2022\/09\/IMG_4803.jpg 600w, https:\/\/afsinyedisevin.com\/wp-content\/uploads\/2022\/09\/IMG_4803-300x156.jpg 300w\" sizes=\"(max-width: 600px) 100vw, 600px\" \/> <img loading=\"lazy\" decoding=\"async\" class=\"alignnone size-full wp-image-4216\" src=\"https:\/\/afsinyedisevin.com\/wp-content\/uploads\/2022\/09\/IMG_4822.jpg\" alt=\"\" width=\"600\" height=\"400\" srcset=\"https:\/\/afsinyedisevin.com\/wp-content\/uploads\/2022\/09\/IMG_4822.jpg 600w, https:\/\/afsinyedisevin.com\/wp-content\/uploads\/2022\/09\/IMG_4822-300x200.jpg 300w\" sizes=\"(max-width: 600px) 100vw, 600px\" \/> <img loading=\"lazy\" decoding=\"async\" class=\"alignnone size-full wp-image-4217\" src=\"https:\/\/afsinyedisevin.com\/wp-content\/uploads\/2022\/09\/IMG_4829.jpg\" alt=\"\" width=\"600\" height=\"400\" srcset=\"https:\/\/afsinyedisevin.com\/wp-content\/uploads\/2022\/09\/IMG_4829.jpg 600w, https:\/\/afsinyedisevin.com\/wp-content\/uploads\/2022\/09\/IMG_4829-300x200.jpg 300w\" sizes=\"(max-width: 600px) 100vw, 600px\" \/> <img loading=\"lazy\" decoding=\"async\" class=\"alignnone size-full wp-image-4218\" src=\"https:\/\/afsinyedisevin.com\/wp-content\/uploads\/2022\/09\/IMG_4833.jpg\" alt=\"\" width=\"600\" height=\"400\" srcset=\"https:\/\/afsinyedisevin.com\/wp-content\/uploads\/2022\/09\/IMG_4833.jpg 600w, https:\/\/afsinyedisevin.com\/wp-content\/uploads\/2022\/09\/IMG_4833-300x200.jpg 300w\" sizes=\"(max-width: 600px) 100vw, 600px\" \/> <img loading=\"lazy\" decoding=\"async\" class=\"alignnone size-full wp-image-4219\" src=\"https:\/\/afsinyedisevin.com\/wp-content\/uploads\/2022\/09\/IMG_4835.jpg\" alt=\"\" width=\"600\" height=\"334\" srcset=\"https:\/\/afsinyedisevin.com\/wp-content\/uploads\/2022\/09\/IMG_4835.jpg 600w, https:\/\/afsinyedisevin.com\/wp-content\/uploads\/2022\/09\/IMG_4835-300x167.jpg 300w\" sizes=\"(max-width: 600px) 100vw, 600px\" \/><\/p>\n","protected":false},"excerpt":{"rendered":"<p>Af\u015fin Merkez Yay\u0131n Grubunu 10 g\u00fcnl\u00fck \u0130stanbul Program\u0131 kapsam\u0131nda ziyaret etti\u011fimiz isimler aras\u0131nda hem\u015fehrimiz Mali M\u00fc\u015favir Kerem Akp\u0131nar&#8217;da vard\u0131. \u0130stanbul\/Gaziosmanpa\u015fa \u0130l\u00e7esinde Mali M\u00fc\u015favir olarak<\/p>\n","protected":false},"author":1,"featured_media":4222,"comment_status":"open","ping_status":"open","sticky":false,"template":"","format":"standard","meta":{"_jetpack_memberships_contains_paid_content":false,"footnotes":""},"categories":[26,27,3,7,1],"tags":[],"class_list":["post-4213","post","type-post","status-publish","format-standard","has-post-thumbnail","hentry","category-gurbetteki-is-dunyasi","category-gurbetteki-sevinliler","category-manset-haber","category-turk-sevin","category-yoremizden"],"jetpack_featured_media_url":"https:\/\/afsinyedisevin.com\/wp-content\/uploads\/2022\/09\/IMG_482866.jpg","jetpack_sharing_enabled":true,"_links":{"self":[{"href":"https:\/\/afsinyedisevin.com\/index.php\/wp-json\/wp\/v2\/posts\/4213","targetHints":{"allow":["GET"]}}],"collection":[{"href":"https:\/\/afsinyedisevin.com\/index.php\/wp-json\/wp\/v2\/posts"}],"about":[{"href":"https:\/\/afsinyedisevin.com\/index.php\/wp-json\/wp\/v2\/types\/post"}],"author":[{"embeddable":true,"href":"https:\/\/afsinyedisevin.com\/index.php\/wp-json\/wp\/v2\/users\/1"}],"replies":[{"embeddable":true,"href":"https:\/\/afsinyedisevin.com\/index.php\/wp-json\/wp\/v2\/comments?post=4213"}],"version-history":[{"count":1,"href":"https:\/\/afsinyedisevin.com\/index.php\/wp-json\/wp\/v2\/posts\/4213\/revisions"}],"predecessor-version":[{"id":4221,"href":"https:\/\/afsinyedisevin.com\/index.php\/wp-json\/wp\/v2\/posts\/4213\/revisions\/4221"}],"wp:featuredmedia":[{"embeddable":true,"href":"https:\/\/afsinyedisevin.com\/index.php\/wp-json\/wp\/v2\/media\/4222"}],"wp:attachment":[{"href":"https:\/\/afsinyedisevin.com\/index.php\/wp-json\/wp\/v2\/media?parent=4213"}],"wp:term":[{"taxonomy":"category","embeddable":true,"href":"https:\/\/afsinyedisevin.com\/index.php\/wp-json\/wp\/v2\/categories?post=4213"},{"taxonomy":"post_tag","embeddable":true,"href":"https:\/\/afsinyedisevin.com\/index.php\/wp-json\/wp\/v2\/tags?post=4213"}],"curies":[{"name":"wp","href":"https:\/\/api.w.org\/{rel}","templated":true}]}}