{"id":4129,"date":"2022-08-05T05:17:13","date_gmt":"2022-08-05T05:17:13","guid":{"rendered":"https:\/\/afsinyedisevin.com\/?p=4129"},"modified":"2022-08-05T05:17:13","modified_gmt":"2022-08-05T05:17:13","slug":"ali-turkmen-vefat-etti","status":"publish","type":"post","link":"https:\/\/afsinyedisevin.com\/index.php\/2022\/08\/05\/ali-turkmen-vefat-etti\/","title":{"rendered":"Ali T\u00fcrkmen vefat etti."},"content":{"rendered":"<p style=\"text-align: justify;\"><strong><img loading=\"lazy\" decoding=\"async\" class=\"alignnone size-full wp-image-113\" src=\"https:\/\/afsinyedisevin.com\/wp-content\/uploads\/2019\/12\/ahalil.jpg\" alt=\"\" width=\"300\" height=\"194\" srcset=\"https:\/\/afsinyedisevin.com\/wp-content\/uploads\/2019\/12\/ahalil.jpg 300w, https:\/\/afsinyedisevin.com\/wp-content\/uploads\/2019\/12\/ahalil-115x73.jpg 115w\" sizes=\"(max-width: 300px) 100vw, 300px\" \/><img loading=\"lazy\" decoding=\"async\" class=\"alignnone size-full wp-image-4130\" src=\"https:\/\/afsinyedisevin.com\/wp-content\/uploads\/2022\/08\/296090135_10209505964961903_3500259434186719201_n.jpg\" alt=\"\" width=\"600\" height=\"362\" srcset=\"https:\/\/afsinyedisevin.com\/wp-content\/uploads\/2022\/08\/296090135_10209505964961903_3500259434186719201_n.jpg 600w, https:\/\/afsinyedisevin.com\/wp-content\/uploads\/2022\/08\/296090135_10209505964961903_3500259434186719201_n-300x181.jpg 300w\" sizes=\"(max-width: 600px) 100vw, 600px\" \/><\/strong><\/p>\n<p style=\"text-align: justify;\"><strong>Aslen Sevin\/Binbo\u011fa mahallesinden olup Kahramanmara\u015f&#8217;ta ikamet eden Do\u011fuhan,Batuhan ve Kuzeyhan T\u00fcrkmen&#8217;in babalar\u0131 Ali T\u00fcrkmen vefat etti. <\/strong><\/p>\n<p style=\"text-align: justify;\"><strong>Cenazesi bug\u00fcn Cuma namaz\u0131na m\u00fcteakiben Af\u015fin Ashab-\u0131 Kehf Camii \u015eerifinde k\u0131l\u0131nacak cenaze namaz\u0131n\u0131n ard\u0131ndan Binbo\u011fa Mahallesi&#8217;nde topra\u011fa verilecek.<\/strong><\/p>\n<p style=\"text-align: justify;\"><strong>Taziye evi: Beycegiz mahallesi Ulubatl\u0131 Sokak Demir Market yan\u0131.<\/strong><\/p>\n<p style=\"text-align: justify;\"><strong>Taziye i\u00e7in; Karde\u015fi Nuri T\u00fcrkmen 0 532 284 0199<\/strong><\/p>\n<p style=\"text-align: justify;\"><strong>Allah rahmet eylesin.<\/strong><\/p>\n<p style=\"text-align: justify;\">\n","protected":false},"excerpt":{"rendered":"<p>Aslen Sevin\/Binbo\u011fa mahallesinden olup Kahramanmara\u015f&#8217;ta ikamet eden Do\u011fuhan,Batuhan ve Kuzeyhan T\u00fcrkmen&#8217;in babalar\u0131 Ali T\u00fcrkmen vefat etti. Cenazesi bug\u00fcn Cuma namaz\u0131na m\u00fcteakiben Af\u015fin Ashab-\u0131 Kehf<\/p>\n","protected":false},"author":1,"featured_media":4131,"comment_status":"open","ping_status":"open","sticky":false,"template":"","format":"standard","meta":{"_jetpack_memberships_contains_paid_content":false,"footnotes":""},"categories":[9,3,4,1],"tags":[],"class_list":["post-4129","post","type-post","status-publish","format-standard","has-post-thumbnail","hentry","category-binboga","category-manset-haber","category-vefatlar","category-yoremizden"],"jetpack_featured_media_url":"https:\/\/afsinyedisevin.com\/wp-content\/uploads\/2022\/08\/aaaaaaaaat.jpg","jetpack_sharing_enabled":true,"_links":{"self":[{"href":"https:\/\/afsinyedisevin.com\/index.php\/wp-json\/wp\/v2\/posts\/4129","targetHints":{"allow":["GET"]}}],"collection":[{"href":"https:\/\/afsinyedisevin.com\/index.php\/wp-json\/wp\/v2\/posts"}],"about":[{"href":"https:\/\/afsinyedisevin.com\/index.php\/wp-json\/wp\/v2\/types\/post"}],"author":[{"embeddable":true,"href":"https:\/\/afsinyedisevin.com\/index.php\/wp-json\/wp\/v2\/users\/1"}],"replies":[{"embeddable":true,"href":"https:\/\/afsinyedisevin.com\/index.php\/wp-json\/wp\/v2\/comments?post=4129"}],"version-history":[{"count":1,"href":"https:\/\/afsinyedisevin.com\/index.php\/wp-json\/wp\/v2\/posts\/4129\/revisions"}],"predecessor-version":[{"id":4132,"href":"https:\/\/afsinyedisevin.com\/index.php\/wp-json\/wp\/v2\/posts\/4129\/revisions\/4132"}],"wp:featuredmedia":[{"embeddable":true,"href":"https:\/\/afsinyedisevin.com\/index.php\/wp-json\/wp\/v2\/media\/4131"}],"wp:attachment":[{"href":"https:\/\/afsinyedisevin.com\/index.php\/wp-json\/wp\/v2\/media?parent=4129"}],"wp:term":[{"taxonomy":"category","embeddable":true,"href":"https:\/\/afsinyedisevin.com\/index.php\/wp-json\/wp\/v2\/categories?post=4129"},{"taxonomy":"post_tag","embeddable":true,"href":"https:\/\/afsinyedisevin.com\/index.php\/wp-json\/wp\/v2\/tags?post=4129"}],"curies":[{"name":"wp","href":"https:\/\/api.w.org\/{rel}","templated":true}]}}