{"id":4084,"date":"2022-07-30T08:36:57","date_gmt":"2022-07-30T08:36:57","guid":{"rendered":"https:\/\/afsinyedisevin.com\/?p=4084"},"modified":"2022-07-30T10:49:19","modified_gmt":"2022-07-30T10:49:19","slug":"karaoglan-koleji-fen-lisesi-muduru-hemsehrimize-ziyaret","status":"publish","type":"post","link":"https:\/\/afsinyedisevin.com\/index.php\/2022\/07\/30\/karaoglan-koleji-fen-lisesi-muduru-hemsehrimize-ziyaret\/","title":{"rendered":"Karao\u011flan Koleji Fen Lisesi M\u00fcd\u00fcr\u00fc hem\u015fehrimize ziyaret."},"content":{"rendered":"<p style=\"text-align: justify;\"><strong><img loading=\"lazy\" decoding=\"async\" class=\"alignnone size-full wp-image-113\" src=\"https:\/\/afsinyedisevin.com\/wp-content\/uploads\/2019\/12\/ahalil.jpg\" alt=\"\" width=\"300\" height=\"194\" srcset=\"https:\/\/afsinyedisevin.com\/wp-content\/uploads\/2019\/12\/ahalil.jpg 300w, https:\/\/afsinyedisevin.com\/wp-content\/uploads\/2019\/12\/ahalil-115x73.jpg 115w\" sizes=\"(max-width: 300px) 100vw, 300px\" \/><img loading=\"lazy\" decoding=\"async\" class=\"alignnone size-full wp-image-4086\" src=\"https:\/\/afsinyedisevin.com\/wp-content\/uploads\/2022\/07\/IMG_9860.jpg\" alt=\"\" width=\"600\" height=\"400\" srcset=\"https:\/\/afsinyedisevin.com\/wp-content\/uploads\/2022\/07\/IMG_9860.jpg 600w, https:\/\/afsinyedisevin.com\/wp-content\/uploads\/2022\/07\/IMG_9860-300x200.jpg 300w\" sizes=\"(max-width: 600px) 100vw, 600px\" \/><\/strong><\/p>\n<p style=\"text-align: justify;\"><strong>Af\u015fin ve B\u00f6lgede hizmet veren Karao\u011flan Kolejinde Fen Lisesi M\u00fcd\u00fcr\u00fc olarak g\u00f6rev yapan k\u0131ymetli hem\u015fehrimiz Halis \u00d6zt\u00fcrk&#8217;\u00fc makam\u0131nda ziyaret ettik.<\/strong><\/p>\n<p style=\"text-align: justify;\"><strong>\u00d6nce ki d\u00f6nem Karao\u011flan Koleji Fen Lisesi M\u00fcd\u00fcrl\u00fc\u011f\u00fc g\u00f6revine ba\u015flayan hem\u015fehrimiz Halis \u00d6zt\u00fcrk&#8217;e g\u00f6revinde ba\u015far\u0131lar diledik.<\/strong><\/p>\n<p style=\"text-align: justify;\"><strong>Halis \u00d6zt\u00fcrk Kimdir?<\/strong><\/p>\n<p style=\"text-align: justify;\"><strong>15 Aral\u0131k 1973 tarihinde Af\u015fin&#8217;de do\u011fdu.Aslen T\u00fcrksevin Mahallesindendir. 1992 y\u0131l\u0131nda Af\u015fin lisesinden mezun oldu. \u00d6mer Halisdemir \u00dcniversitesi&#8217;nde Beden E\u011fitimi \u00d6\u011fretmenli\u011fi&#8217;nden 2000 y\u0131l\u0131nda mezun oldu. 2022 y\u0131l\u0131nda baz\u0131 \u00d6zel \u00d6\u011fretim Kurumlar\u0131nda idareci ve \u00f6\u011fretmenlik yapt\u0131. Evli ve 3 k\u0131z babas\u0131d\u0131r.<\/strong><\/p>\n<p style=\"text-align: justify;\">\n","protected":false},"excerpt":{"rendered":"<p>Af\u015fin ve B\u00f6lgede hizmet veren Karao\u011flan Kolejinde Fen Lisesi M\u00fcd\u00fcr\u00fc olarak g\u00f6rev yapan k\u0131ymetli hem\u015fehrimiz Halis \u00d6zt\u00fcrk&#8217;\u00fc makam\u0131nda ziyaret ettik. \u00d6nce ki d\u00f6nem Karao\u011flan<\/p>\n","protected":false},"author":1,"featured_media":4085,"comment_status":"open","ping_status":"open","sticky":false,"template":"","format":"standard","meta":{"_jetpack_memberships_contains_paid_content":false,"footnotes":""},"categories":[28,3,13,7,1],"tags":[],"class_list":["post-4084","post","type-post","status-publish","format-standard","has-post-thumbnail","hentry","category-is-dunyasi","category-manset-haber","category-okul-mudurleri","category-turk-sevin","category-yoremizden"],"jetpack_featured_media_url":"https:\/\/afsinyedisevin.com\/wp-content\/uploads\/2022\/07\/IMG_9854y.jpg","jetpack_sharing_enabled":true,"_links":{"self":[{"href":"https:\/\/afsinyedisevin.com\/index.php\/wp-json\/wp\/v2\/posts\/4084","targetHints":{"allow":["GET"]}}],"collection":[{"href":"https:\/\/afsinyedisevin.com\/index.php\/wp-json\/wp\/v2\/posts"}],"about":[{"href":"https:\/\/afsinyedisevin.com\/index.php\/wp-json\/wp\/v2\/types\/post"}],"author":[{"embeddable":true,"href":"https:\/\/afsinyedisevin.com\/index.php\/wp-json\/wp\/v2\/users\/1"}],"replies":[{"embeddable":true,"href":"https:\/\/afsinyedisevin.com\/index.php\/wp-json\/wp\/v2\/comments?post=4084"}],"version-history":[{"count":2,"href":"https:\/\/afsinyedisevin.com\/index.php\/wp-json\/wp\/v2\/posts\/4084\/revisions"}],"predecessor-version":[{"id":4088,"href":"https:\/\/afsinyedisevin.com\/index.php\/wp-json\/wp\/v2\/posts\/4084\/revisions\/4088"}],"wp:featuredmedia":[{"embeddable":true,"href":"https:\/\/afsinyedisevin.com\/index.php\/wp-json\/wp\/v2\/media\/4085"}],"wp:attachment":[{"href":"https:\/\/afsinyedisevin.com\/index.php\/wp-json\/wp\/v2\/media?parent=4084"}],"wp:term":[{"taxonomy":"category","embeddable":true,"href":"https:\/\/afsinyedisevin.com\/index.php\/wp-json\/wp\/v2\/categories?post=4084"},{"taxonomy":"post_tag","embeddable":true,"href":"https:\/\/afsinyedisevin.com\/index.php\/wp-json\/wp\/v2\/tags?post=4084"}],"curies":[{"name":"wp","href":"https:\/\/api.w.org\/{rel}","templated":true}]}}