{"id":4032,"date":"2022-07-02T08:50:10","date_gmt":"2022-07-02T08:50:10","guid":{"rendered":"https:\/\/afsinyedisevin.com\/?p=4032"},"modified":"2022-07-02T08:50:10","modified_gmt":"2022-07-02T08:50:10","slug":"merhum-yusuf-ve-merhumeler-ayse-ve-semsi-ozer-icin-mevlid-okutuldu","status":"publish","type":"post","link":"https:\/\/afsinyedisevin.com\/index.php\/2022\/07\/02\/merhum-yusuf-ve-merhumeler-ayse-ve-semsi-ozer-icin-mevlid-okutuldu\/","title":{"rendered":"Merhum Yusuf ve Merhumeler Ay\u015fe ve \u015eemsi \u00d6zer i\u00e7in Mevlid okutuldu."},"content":{"rendered":"<p style=\"text-align: justify;\"><strong><img loading=\"lazy\" decoding=\"async\" class=\"alignnone size-full wp-image-113\" src=\"https:\/\/afsinyedisevin.com\/wp-content\/uploads\/2019\/12\/ahalil.jpg\" alt=\"\" width=\"300\" height=\"194\" srcset=\"https:\/\/afsinyedisevin.com\/wp-content\/uploads\/2019\/12\/ahalil.jpg 300w, https:\/\/afsinyedisevin.com\/wp-content\/uploads\/2019\/12\/ahalil-115x73.jpg 115w\" sizes=\"(max-width: 300px) 100vw, 300px\" \/><img loading=\"lazy\" decoding=\"async\" class=\"alignnone size-full wp-image-4039\" src=\"https:\/\/afsinyedisevin.com\/wp-content\/uploads\/2022\/07\/capture-20220702-114801.png\" alt=\"\" width=\"493\" height=\"471\" srcset=\"https:\/\/afsinyedisevin.com\/wp-content\/uploads\/2022\/07\/capture-20220702-114801.png 493w, https:\/\/afsinyedisevin.com\/wp-content\/uploads\/2022\/07\/capture-20220702-114801-300x287.png 300w\" sizes=\"(max-width: 493px) 100vw, 493px\" \/><\/strong><\/p>\n<p style=\"text-align: justify;\"><strong>Af\u015fin Ashab-\u0131 Kehf Camii \u015ferifinde Merhum Yusuf ve Merhumeler Ay\u015fe ve \u015eemsi \u00d6zer i\u00e7in Mevlid okutuldu.<\/strong><\/p>\n<p style=\"text-align: justify;\"><strong>K\u00fc\u00e7\u00fcksevin (\u00c7ukurp\u0131nar) Mahallesinden Merhum Yusuf \u00d6zer, Merhume Ay\u015fe \u00d6zer ve Merhume \u015eemsi \u00d6zer ad\u0131na Torunlar\u0131 Halil \u0130brahim \u00d6zer taraf\u0131ndan d\u00fcn\u00a0 Af\u015fin Ashab-\u0131 Kehf Camii \u015eerifinde Mevlid-i \u015eerif okutuldu.<\/strong><\/p>\n<p style=\"text-align: justify;\"><strong>Cuma namaz\u0131 \u00f6ncesinde okunan Mevlid-i \u015eerif&#8217;e kat\u0131l\u0131m yo\u011fun olurken YED\u0130SEV\u0130N HABER&#8217;e konu\u015fan KON \u0130klim Mekanik sahibi Halil \u0130brahim \u00d6zer, Mevlid-i \u015eerifimize kat\u0131lan herkesten Allah (cc) raz\u0131 olsun. Rabbim ge\u00e7mi\u015flerimize rahmetiyle muamele eylesin in\u015faallah dedi. <\/strong><\/p>\n<p style=\"text-align: justify;\"><strong>Namaz sonras\u0131 cemaate Lokum ikram edildi.<\/strong><\/p>\n<p><iframe loading=\"lazy\" src=\"\/\/www.youtube.com\/embed\/0ARPtN4HfpI\" width=\"714\" height=\"400\" allowfullscreen=\"allowfullscreen\"><\/iframe><\/p>\n<p><img loading=\"lazy\" decoding=\"async\" class=\"alignnone size-full wp-image-4033\" src=\"https:\/\/afsinyedisevin.com\/wp-content\/uploads\/2022\/07\/20220701_123113.jpg\" alt=\"\" width=\"600\" height=\"292\" srcset=\"https:\/\/afsinyedisevin.com\/wp-content\/uploads\/2022\/07\/20220701_123113.jpg 600w, https:\/\/afsinyedisevin.com\/wp-content\/uploads\/2022\/07\/20220701_123113-300x146.jpg 300w\" sizes=\"(max-width: 600px) 100vw, 600px\" \/> <img loading=\"lazy\" decoding=\"async\" class=\"alignnone size-full wp-image-4034\" src=\"https:\/\/afsinyedisevin.com\/wp-content\/uploads\/2022\/07\/20220701_123120.jpg\" alt=\"\" width=\"600\" height=\"292\" srcset=\"https:\/\/afsinyedisevin.com\/wp-content\/uploads\/2022\/07\/20220701_123120.jpg 600w, https:\/\/afsinyedisevin.com\/wp-content\/uploads\/2022\/07\/20220701_123120-300x146.jpg 300w\" sizes=\"(max-width: 600px) 100vw, 600px\" \/> <img loading=\"lazy\" decoding=\"async\" class=\"alignnone size-full wp-image-4035\" src=\"https:\/\/afsinyedisevin.com\/wp-content\/uploads\/2022\/07\/20220701_123127.jpg\" alt=\"\" width=\"600\" height=\"292\" srcset=\"https:\/\/afsinyedisevin.com\/wp-content\/uploads\/2022\/07\/20220701_123127.jpg 600w, https:\/\/afsinyedisevin.com\/wp-content\/uploads\/2022\/07\/20220701_123127-300x146.jpg 300w\" sizes=\"(max-width: 600px) 100vw, 600px\" \/> <img loading=\"lazy\" decoding=\"async\" class=\"alignnone size-full wp-image-4036\" src=\"https:\/\/afsinyedisevin.com\/wp-content\/uploads\/2022\/07\/20220701_131256.jpg\" alt=\"\" width=\"600\" height=\"310\" srcset=\"https:\/\/afsinyedisevin.com\/wp-content\/uploads\/2022\/07\/20220701_131256.jpg 600w, https:\/\/afsinyedisevin.com\/wp-content\/uploads\/2022\/07\/20220701_131256-300x155.jpg 300w\" sizes=\"(max-width: 600px) 100vw, 600px\" \/> <img loading=\"lazy\" decoding=\"async\" class=\"alignnone size-full wp-image-4037\" src=\"https:\/\/afsinyedisevin.com\/wp-content\/uploads\/2022\/07\/20220701_131319.jpg\" alt=\"\" width=\"600\" height=\"374\" srcset=\"https:\/\/afsinyedisevin.com\/wp-content\/uploads\/2022\/07\/20220701_131319.jpg 600w, https:\/\/afsinyedisevin.com\/wp-content\/uploads\/2022\/07\/20220701_131319-300x187.jpg 300w, https:\/\/afsinyedisevin.com\/wp-content\/uploads\/2022\/07\/20220701_131319-115x73.jpg 115w\" sizes=\"(max-width: 600px) 100vw, 600px\" \/> <img loading=\"lazy\" decoding=\"async\" class=\"alignnone size-full wp-image-4038\" src=\"https:\/\/afsinyedisevin.com\/wp-content\/uploads\/2022\/07\/20220701_131334.jpg\" alt=\"\" width=\"600\" height=\"292\" srcset=\"https:\/\/afsinyedisevin.com\/wp-content\/uploads\/2022\/07\/20220701_131334.jpg 600w, https:\/\/afsinyedisevin.com\/wp-content\/uploads\/2022\/07\/20220701_131334-300x146.jpg 300w\" sizes=\"(max-width: 600px) 100vw, 600px\" \/><\/p>\n<p style=\"text-align: justify;\">\n","protected":false},"excerpt":{"rendered":"<p>Af\u015fin Ashab-\u0131 Kehf Camii \u015ferifinde Merhum Yusuf ve Merhumeler Ay\u015fe ve \u015eemsi \u00d6zer i\u00e7in Mevlid okutuldu. K\u00fc\u00e7\u00fcksevin (\u00c7ukurp\u0131nar) Mahallesinden Merhum Yusuf \u00d6zer, Merhume Ay\u015fe<\/p>\n","protected":false},"author":1,"featured_media":4040,"comment_status":"open","ping_status":"open","sticky":false,"template":"","format":"standard","meta":{"_jetpack_memberships_contains_paid_content":false,"footnotes":""},"categories":[8,3,4,1],"tags":[],"class_list":["post-4032","post","type-post","status-publish","format-standard","has-post-thumbnail","hentry","category-kucuk-sevin","category-manset-haber","category-vefatlar","category-yoremizden"],"jetpack_featured_media_url":"https:\/\/afsinyedisevin.com\/wp-content\/uploads\/2022\/07\/20220701_123108u.jpg","jetpack_sharing_enabled":true,"_links":{"self":[{"href":"https:\/\/afsinyedisevin.com\/index.php\/wp-json\/wp\/v2\/posts\/4032","targetHints":{"allow":["GET"]}}],"collection":[{"href":"https:\/\/afsinyedisevin.com\/index.php\/wp-json\/wp\/v2\/posts"}],"about":[{"href":"https:\/\/afsinyedisevin.com\/index.php\/wp-json\/wp\/v2\/types\/post"}],"author":[{"embeddable":true,"href":"https:\/\/afsinyedisevin.com\/index.php\/wp-json\/wp\/v2\/users\/1"}],"replies":[{"embeddable":true,"href":"https:\/\/afsinyedisevin.com\/index.php\/wp-json\/wp\/v2\/comments?post=4032"}],"version-history":[{"count":1,"href":"https:\/\/afsinyedisevin.com\/index.php\/wp-json\/wp\/v2\/posts\/4032\/revisions"}],"predecessor-version":[{"id":4041,"href":"https:\/\/afsinyedisevin.com\/index.php\/wp-json\/wp\/v2\/posts\/4032\/revisions\/4041"}],"wp:featuredmedia":[{"embeddable":true,"href":"https:\/\/afsinyedisevin.com\/index.php\/wp-json\/wp\/v2\/media\/4040"}],"wp:attachment":[{"href":"https:\/\/afsinyedisevin.com\/index.php\/wp-json\/wp\/v2\/media?parent=4032"}],"wp:term":[{"taxonomy":"category","embeddable":true,"href":"https:\/\/afsinyedisevin.com\/index.php\/wp-json\/wp\/v2\/categories?post=4032"},{"taxonomy":"post_tag","embeddable":true,"href":"https:\/\/afsinyedisevin.com\/index.php\/wp-json\/wp\/v2\/tags?post=4032"}],"curies":[{"name":"wp","href":"https:\/\/api.w.org\/{rel}","templated":true}]}}