{"id":4003,"date":"2022-05-31T07:10:03","date_gmt":"2022-05-31T07:10:03","guid":{"rendered":"https:\/\/afsinyedisevin.com\/?p=4003"},"modified":"2022-05-31T07:10:03","modified_gmt":"2022-05-31T07:10:03","slug":"sultan-koker-vefat-etti","status":"publish","type":"post","link":"https:\/\/afsinyedisevin.com\/index.php\/2022\/05\/31\/sultan-koker-vefat-etti\/","title":{"rendered":"SULTAN K\u00d6KER VEFAT ETT\u0130."},"content":{"rendered":"<p style=\"text-align: justify;\"><strong><img loading=\"lazy\" decoding=\"async\" class=\"alignnone size-full wp-image-113\" src=\"https:\/\/afsinyedisevin.com\/wp-content\/uploads\/2019\/12\/ahalil.jpg\" alt=\"\" width=\"300\" height=\"194\" srcset=\"https:\/\/afsinyedisevin.com\/wp-content\/uploads\/2019\/12\/ahalil.jpg 300w, https:\/\/afsinyedisevin.com\/wp-content\/uploads\/2019\/12\/ahalil-115x73.jpg 115w\" sizes=\"(max-width: 300px) 100vw, 300px\" \/><\/strong><\/p>\n<p style=\"text-align: justify;\"><strong><img loading=\"lazy\" decoding=\"async\" class=\"alignnone size-full wp-image-4005\" src=\"https:\/\/afsinyedisevin.com\/wp-content\/uploads\/2022\/05\/WhatsApp-Image-2022-05-31-at-09.53.17.jpeg\" alt=\"\" width=\"600\" height=\"468\" srcset=\"https:\/\/afsinyedisevin.com\/wp-content\/uploads\/2022\/05\/WhatsApp-Image-2022-05-31-at-09.53.17.jpeg 600w, https:\/\/afsinyedisevin.com\/wp-content\/uploads\/2022\/05\/WhatsApp-Image-2022-05-31-at-09.53.17-300x234.jpeg 300w\" sizes=\"(max-width: 600px) 100vw, 600px\" \/><\/strong><\/p>\n<p style=\"text-align: justify;\"><strong>B\u00fcy\u00fcksevin Mahallesinden M\u00fc\u015f\u00fcrlerin Ahmet K\u00f6ker&#8217;in han\u0131m\u0131, Abidin,Durdu ve Fatih K\u00f6ker&#8217;in anneleri Sultan K\u00f6ker vefat etti.<\/strong><\/p>\n<p style=\"text-align: justify;\"><strong>Cenazesi bug\u00fcn \u00f6\u011fle namaz\u0131na m\u00fcteakiben Ashab-\u0131 Kehf Camii \u015eerifinde k\u0131l\u0131nacak cenaze namaz\u0131n\u0131n ard\u0131ndan B\u00fcy\u00fcksevin Mahallesinde topra\u011fa verilecek.<\/strong><\/p>\n<p style=\"text-align: justify;\"><strong>Kur&#8217;an-\u0131 Kerimi B\u00fcy\u00fcksevin Mahallesinde okunacak.<\/strong><\/p>\n<p style=\"text-align: justify;\"><strong>Taziye i\u00e7in,<\/strong><\/p>\n<p style=\"text-align: justify;\"><strong>O\u011flu Durdu K\u00f6ker- 0 542 438 0262<\/strong><\/p>\n<p style=\"text-align: justify;\"><strong>Allah rahmet eylesin.<\/strong><\/p>\n","protected":false},"excerpt":{"rendered":"<p>B\u00fcy\u00fcksevin Mahallesinden M\u00fc\u015f\u00fcrlerin Ahmet K\u00f6ker&#8217;in han\u0131m\u0131, Abidin,Durdu ve Fatih K\u00f6ker&#8217;in anneleri Sultan K\u00f6ker vefat etti. Cenazesi bug\u00fcn \u00f6\u011fle namaz\u0131na m\u00fcteakiben Ashab-\u0131 Kehf Camii \u015eerifinde<\/p>\n","protected":false},"author":1,"featured_media":4004,"comment_status":"open","ping_status":"open","sticky":false,"template":"","format":"standard","meta":{"_jetpack_memberships_contains_paid_content":false,"footnotes":""},"categories":[6,3,4,1],"tags":[],"class_list":["post-4003","post","type-post","status-publish","format-standard","has-post-thumbnail","hentry","category-buyuk-sevin","category-manset-haber","category-vefatlar","category-yoremizden"],"jetpack_featured_media_url":"https:\/\/afsinyedisevin.com\/wp-content\/uploads\/2022\/05\/aaaaaaaaa6.jpg","jetpack_sharing_enabled":true,"_links":{"self":[{"href":"https:\/\/afsinyedisevin.com\/index.php\/wp-json\/wp\/v2\/posts\/4003","targetHints":{"allow":["GET"]}}],"collection":[{"href":"https:\/\/afsinyedisevin.com\/index.php\/wp-json\/wp\/v2\/posts"}],"about":[{"href":"https:\/\/afsinyedisevin.com\/index.php\/wp-json\/wp\/v2\/types\/post"}],"author":[{"embeddable":true,"href":"https:\/\/afsinyedisevin.com\/index.php\/wp-json\/wp\/v2\/users\/1"}],"replies":[{"embeddable":true,"href":"https:\/\/afsinyedisevin.com\/index.php\/wp-json\/wp\/v2\/comments?post=4003"}],"version-history":[{"count":1,"href":"https:\/\/afsinyedisevin.com\/index.php\/wp-json\/wp\/v2\/posts\/4003\/revisions"}],"predecessor-version":[{"id":4006,"href":"https:\/\/afsinyedisevin.com\/index.php\/wp-json\/wp\/v2\/posts\/4003\/revisions\/4006"}],"wp:featuredmedia":[{"embeddable":true,"href":"https:\/\/afsinyedisevin.com\/index.php\/wp-json\/wp\/v2\/media\/4004"}],"wp:attachment":[{"href":"https:\/\/afsinyedisevin.com\/index.php\/wp-json\/wp\/v2\/media?parent=4003"}],"wp:term":[{"taxonomy":"category","embeddable":true,"href":"https:\/\/afsinyedisevin.com\/index.php\/wp-json\/wp\/v2\/categories?post=4003"},{"taxonomy":"post_tag","embeddable":true,"href":"https:\/\/afsinyedisevin.com\/index.php\/wp-json\/wp\/v2\/tags?post=4003"}],"curies":[{"name":"wp","href":"https:\/\/api.w.org\/{rel}","templated":true}]}}