{"id":3980,"date":"2022-05-19T13:46:28","date_gmt":"2022-05-19T13:46:28","guid":{"rendered":"https:\/\/afsinyedisevin.com\/?p=3980"},"modified":"2022-05-19T15:29:19","modified_gmt":"2022-05-19T15:29:19","slug":"afsinli-is-adaminin-aci-gunu","status":"publish","type":"post","link":"https:\/\/afsinyedisevin.com\/index.php\/2022\/05\/19\/afsinli-is-adaminin-aci-gunu\/","title":{"rendered":"Af\u015finli \u0130\u015f Adam\u0131n\u0131n Ac\u0131 g\u00fcn\u00fc!"},"content":{"rendered":"<p style=\"text-align: justify;\"><strong><img loading=\"lazy\" decoding=\"async\" class=\"alignnone size-full wp-image-113\" src=\"https:\/\/afsinyedisevin.com\/wp-content\/uploads\/2019\/12\/ahalil.jpg\" alt=\"\" width=\"300\" height=\"194\" srcset=\"https:\/\/afsinyedisevin.com\/wp-content\/uploads\/2019\/12\/ahalil.jpg 300w, https:\/\/afsinyedisevin.com\/wp-content\/uploads\/2019\/12\/ahalil-115x73.jpg 115w\" sizes=\"(max-width: 300px) 100vw, 300px\" \/><img loading=\"lazy\" decoding=\"async\" class=\"alignnone size-full wp-image-3981\" src=\"https:\/\/afsinyedisevin.com\/wp-content\/uploads\/2022\/05\/ozkok_ailesinin_aci_gunu_h35823_5cb7e.gif\" alt=\"\" width=\"980\" height=\"512\" \/><\/strong><\/p>\n<p style=\"text-align: justify;\"><strong>Af\u015finli i\u015f insan\u0131 Musa \u00d6zk\u00f6k, ye\u011fenini elim bir kaza sonucu kaybetmenin \u00fcz\u00fcnt\u00fcs\u00fcn\u00fc ya\u015f\u0131yor.<\/strong><\/p>\n<p><strong>\u00d6zk\u00f6k \u0130n\u015faat Y\u00f6netim Kurulu Ba\u015fkan\u0131 Musa \u00d6zk\u00f6k\u2019\u00fcn ye\u011feni ve ayn\u0131 zamanda \u00e7al\u0131\u015fan\u0131 olan B\u00fcy\u00fcksevinli hem\u015fehrimiz Ramazan \u00d6zk\u00f6k&#8217;\u00fcn o\u011flu Hasan \u00d6zk\u00f6k Kilis\u2019te ya\u015fanan elim bir kaza sonucu vefat etti. <\/strong><\/p>\n<p style=\"text-align: justify;\"><strong>Aslen Kahramanmara\u015f\u2019\u0131n Af\u015fin il\u00e7esi B\u00fcy\u00fcksevin mahallesinden olan 49 ya\u015f\u0131ndaki Hasan \u00d6zk\u00f6k vefat\u0131yla sevenlerini yasa bo\u011farken merhumun cenazesinin yar\u0131n Af\u015fin&#8217;de Ashab-\u0131 Kehf Camii \u015eerifinde \u00f6\u011fle namaz\u0131na m\u00fcteakiben k\u0131l\u0131nacak cenaze namaz\u0131n\u0131n ard\u0131ndan Koyunta\u015f mezarl\u0131\u011f\u0131nda topra\u011fa verilecek.<\/strong><\/p>\n<p style=\"text-align: justify;\"><strong>Taziyeler\u00a0ise ilk g\u00fcn merhumun Af\u015fin&#8217;de bulunan amcas\u0131 \u0130smail \u00d6zk\u00f6k&#8217;\u00fcn\u00a0evinde kurulacak taziye \u00e7ad\u0131r\u0131nda\u00a0kabul edilecek. <\/strong><\/p>\n<p style=\"text-align: justify;\"><strong>Sonraki 2 g\u00fcn ise Kahramanmara\u015f&#8217;ta bulunan Do\u011fukent Arafat Camii Aziz Okumu\u015f Taziye Evinde kabul edilece\u011fi \u00f6\u011frenildi.<\/strong><\/p>\n<p style=\"text-align: justify;\"><strong>Bizde Af\u015fin Merkez Yay\u0131n Gurubu ailesi olarak merhuma Allahtan rahmet, \u00d6zk\u00f6k ailesi ve Musa \u00d6zk\u00f6k\u2019e ba\u015fsa\u011fl\u0131\u011f\u0131 diliyoruz.<\/strong><\/p>\n<p style=\"text-align: justify;\">\n","protected":false},"excerpt":{"rendered":"<p>Af\u015finli i\u015f insan\u0131 Musa \u00d6zk\u00f6k, ye\u011fenini elim bir kaza sonucu kaybetmenin \u00fcz\u00fcnt\u00fcs\u00fcn\u00fc ya\u015f\u0131yor. \u00d6zk\u00f6k \u0130n\u015faat Y\u00f6netim Kurulu Ba\u015fkan\u0131 Musa \u00d6zk\u00f6k\u2019\u00fcn ye\u011feni ve ayn\u0131 zamanda<\/p>\n","protected":false},"author":1,"featured_media":3982,"comment_status":"open","ping_status":"open","sticky":false,"template":"","format":"standard","meta":{"_jetpack_memberships_contains_paid_content":false,"footnotes":""},"categories":[6,26,27,3,4,1],"tags":[],"class_list":["post-3980","post","type-post","status-publish","format-standard","has-post-thumbnail","hentry","category-buyuk-sevin","category-gurbetteki-is-dunyasi","category-gurbetteki-sevinliler","category-manset-haber","category-vefatlar","category-yoremizden"],"jetpack_featured_media_url":"https:\/\/afsinyedisevin.com\/wp-content\/uploads\/2022\/05\/ozkok_ailesinin_aci_gunu_h35823_5cb7et.gif","jetpack_sharing_enabled":true,"_links":{"self":[{"href":"https:\/\/afsinyedisevin.com\/index.php\/wp-json\/wp\/v2\/posts\/3980","targetHints":{"allow":["GET"]}}],"collection":[{"href":"https:\/\/afsinyedisevin.com\/index.php\/wp-json\/wp\/v2\/posts"}],"about":[{"href":"https:\/\/afsinyedisevin.com\/index.php\/wp-json\/wp\/v2\/types\/post"}],"author":[{"embeddable":true,"href":"https:\/\/afsinyedisevin.com\/index.php\/wp-json\/wp\/v2\/users\/1"}],"replies":[{"embeddable":true,"href":"https:\/\/afsinyedisevin.com\/index.php\/wp-json\/wp\/v2\/comments?post=3980"}],"version-history":[{"count":5,"href":"https:\/\/afsinyedisevin.com\/index.php\/wp-json\/wp\/v2\/posts\/3980\/revisions"}],"predecessor-version":[{"id":3987,"href":"https:\/\/afsinyedisevin.com\/index.php\/wp-json\/wp\/v2\/posts\/3980\/revisions\/3987"}],"wp:featuredmedia":[{"embeddable":true,"href":"https:\/\/afsinyedisevin.com\/index.php\/wp-json\/wp\/v2\/media\/3982"}],"wp:attachment":[{"href":"https:\/\/afsinyedisevin.com\/index.php\/wp-json\/wp\/v2\/media?parent=3980"}],"wp:term":[{"taxonomy":"category","embeddable":true,"href":"https:\/\/afsinyedisevin.com\/index.php\/wp-json\/wp\/v2\/categories?post=3980"},{"taxonomy":"post_tag","embeddable":true,"href":"https:\/\/afsinyedisevin.com\/index.php\/wp-json\/wp\/v2\/tags?post=3980"}],"curies":[{"name":"wp","href":"https:\/\/api.w.org\/{rel}","templated":true}]}}