{"id":3974,"date":"2022-05-14T07:02:39","date_gmt":"2022-05-14T07:02:39","guid":{"rendered":"https:\/\/afsinyedisevin.com\/?p=3974"},"modified":"2022-05-14T07:02:39","modified_gmt":"2022-05-14T07:02:39","slug":"afsinli-kuzey-irak-gazimizden-ziyaret","status":"publish","type":"post","link":"https:\/\/afsinyedisevin.com\/index.php\/2022\/05\/14\/afsinli-kuzey-irak-gazimizden-ziyaret\/","title":{"rendered":"Af\u015finli Kuzey Irak Gazimizden ziyaret."},"content":{"rendered":"<p><img loading=\"lazy\" decoding=\"async\" class=\"alignnone size-full wp-image-2532\" src=\"https:\/\/afsinyedisevin.com\/wp-content\/uploads\/2020\/11\/ahab.jpg\" alt=\"\" width=\"300\" height=\"194\" srcset=\"https:\/\/afsinyedisevin.com\/wp-content\/uploads\/2020\/11\/ahab.jpg 300w, https:\/\/afsinyedisevin.com\/wp-content\/uploads\/2020\/11\/ahab-115x73.jpg 115w\" sizes=\"(max-width: 300px) 100vw, 300px\" \/><\/p>\n<p style=\"text-align: justify;\"><strong>T\u00fcrk Silahl\u0131 Kuvvetlerince Kuzey Irak\u2019ta icra edilen Y\u0131ld\u0131r\u0131m-\u015eim\u015fek Operasyonunda yaralanan Gazimiz Erhan Karaku\u015f Af\u015fin Merkez Yay\u0131n Grubunu ziyaret ederek Genel Yay\u0131n Y\u00f6netmeni Halil Demir ile bir s\u00fcre g\u00f6r\u00fc\u015ft\u00fc.<\/strong><\/p>\n<p style=\"text-align: justify;\"><strong>Aslen Af\u015fin \u0130l\u00e7emize ba\u011fl\u0131 Sevin\/Binbo\u011fa Mahallesi Tomas mezras\u0131ndan olup Af\u015fin&#8217;de ikamet eden Kuzey Irak Gazimiz Erhan Karaku\u015f, Af\u015fin Merkez Yay\u0131n Grubunun yay\u0131n ve faaliyet alanlar\u0131n\u0131 gezerek yay\u0131n ve faaliyetlerimiz hakk\u0131nda bilgiler de ald\u0131.\u00a0<\/strong><\/p>\n<p style=\"text-align: justify;\"><strong>Gazimiz tedavisi s\u0131ras\u0131nda memleketi Af\u015fin&#8217;e gelmi\u015f ve AF\u015e\u0130NDER taraf\u0131ndan projelendirilen Af\u015fin Haber Merkezi taraf\u0131ndan uygulanan Ya\u015fayan De\u011ferlerimiz Gazilerimiz ve Gen\u00e7lerimiz program\u0131 vesilesiyle evinde ziyaret edilerek Gazi Madalyas\u0131 ile onurland\u0131r\u0131lm\u0131\u015ft\u0131.<\/strong><\/p>\n<p style=\"text-align: justify;\"><strong>\u0130\u00e7erisinde Yedisevin.com haber sitemizin de bulundu\u011fu Af\u015fin Merkez Yay\u0131n Grubunun yay\u0131n ve faaliyetleri takdire \u015fayand\u0131r diyen Gazimiz Erhan Karaku\u015f yay\u0131nlar\u0131m\u0131zda ba\u015far\u0131lar diledi.<\/strong><\/p>\n<p style=\"text-align: justify;\"><strong>Gazimize ziyaretlerinden dolay\u0131 te\u015fekk\u00fcr eder,g\u00f6revinde ba\u015far\u0131lar dileriz.<\/strong><\/p>\n<p style=\"text-align: justify;\"><img loading=\"lazy\" decoding=\"async\" class=\"alignnone size-full wp-image-3975\" src=\"https:\/\/afsinyedisevin.com\/wp-content\/uploads\/2022\/05\/IMG_1285.jpg\" alt=\"\" width=\"600\" height=\"400\" srcset=\"https:\/\/afsinyedisevin.com\/wp-content\/uploads\/2022\/05\/IMG_1285.jpg 600w, https:\/\/afsinyedisevin.com\/wp-content\/uploads\/2022\/05\/IMG_1285-300x200.jpg 300w\" sizes=\"(max-width: 600px) 100vw, 600px\" \/> <img loading=\"lazy\" decoding=\"async\" class=\"alignnone size-full wp-image-3977\" src=\"https:\/\/afsinyedisevin.com\/wp-content\/uploads\/2022\/05\/IMG_1289.jpg\" alt=\"\" width=\"600\" height=\"400\" srcset=\"https:\/\/afsinyedisevin.com\/wp-content\/uploads\/2022\/05\/IMG_1289.jpg 600w, https:\/\/afsinyedisevin.com\/wp-content\/uploads\/2022\/05\/IMG_1289-300x200.jpg 300w\" sizes=\"(max-width: 600px) 100vw, 600px\" \/> <img loading=\"lazy\" decoding=\"async\" class=\"alignnone size-full wp-image-3978\" src=\"https:\/\/afsinyedisevin.com\/wp-content\/uploads\/2022\/05\/IMG_1295.jpg\" alt=\"\" width=\"600\" height=\"400\" srcset=\"https:\/\/afsinyedisevin.com\/wp-content\/uploads\/2022\/05\/IMG_1295.jpg 600w, https:\/\/afsinyedisevin.com\/wp-content\/uploads\/2022\/05\/IMG_1295-300x200.jpg 300w\" sizes=\"(max-width: 600px) 100vw, 600px\" \/><\/p>\n","protected":false},"excerpt":{"rendered":"<p>T\u00fcrk Silahl\u0131 Kuvvetlerince Kuzey Irak\u2019ta icra edilen Y\u0131ld\u0131r\u0131m-\u015eim\u015fek Operasyonunda yaralanan Gazimiz Erhan Karaku\u015f Af\u015fin Merkez Yay\u0131n Grubunu ziyaret ederek Genel Yay\u0131n Y\u00f6netmeni Halil Demir<\/p>\n","protected":false},"author":1,"featured_media":3976,"comment_status":"open","ping_status":"open","sticky":false,"template":"","format":"standard","meta":{"_jetpack_memberships_contains_paid_content":false,"footnotes":""},"categories":[9,27,3,20,1],"tags":[],"class_list":["post-3974","post","type-post","status-publish","format-standard","has-post-thumbnail","hentry","category-binboga","category-gurbetteki-sevinliler","category-manset-haber","category-sehit-ve-gazilerimiz","category-yoremizden"],"jetpack_featured_media_url":"https:\/\/afsinyedisevin.com\/wp-content\/uploads\/2022\/05\/IMG_1285o.jpg","jetpack_sharing_enabled":true,"_links":{"self":[{"href":"https:\/\/afsinyedisevin.com\/index.php\/wp-json\/wp\/v2\/posts\/3974","targetHints":{"allow":["GET"]}}],"collection":[{"href":"https:\/\/afsinyedisevin.com\/index.php\/wp-json\/wp\/v2\/posts"}],"about":[{"href":"https:\/\/afsinyedisevin.com\/index.php\/wp-json\/wp\/v2\/types\/post"}],"author":[{"embeddable":true,"href":"https:\/\/afsinyedisevin.com\/index.php\/wp-json\/wp\/v2\/users\/1"}],"replies":[{"embeddable":true,"href":"https:\/\/afsinyedisevin.com\/index.php\/wp-json\/wp\/v2\/comments?post=3974"}],"version-history":[{"count":1,"href":"https:\/\/afsinyedisevin.com\/index.php\/wp-json\/wp\/v2\/posts\/3974\/revisions"}],"predecessor-version":[{"id":3979,"href":"https:\/\/afsinyedisevin.com\/index.php\/wp-json\/wp\/v2\/posts\/3974\/revisions\/3979"}],"wp:featuredmedia":[{"embeddable":true,"href":"https:\/\/afsinyedisevin.com\/index.php\/wp-json\/wp\/v2\/media\/3976"}],"wp:attachment":[{"href":"https:\/\/afsinyedisevin.com\/index.php\/wp-json\/wp\/v2\/media?parent=3974"}],"wp:term":[{"taxonomy":"category","embeddable":true,"href":"https:\/\/afsinyedisevin.com\/index.php\/wp-json\/wp\/v2\/categories?post=3974"},{"taxonomy":"post_tag","embeddable":true,"href":"https:\/\/afsinyedisevin.com\/index.php\/wp-json\/wp\/v2\/tags?post=3974"}],"curies":[{"name":"wp","href":"https:\/\/api.w.org\/{rel}","templated":true}]}}