{"id":3858,"date":"2022-03-23T07:10:59","date_gmt":"2022-03-23T07:10:59","guid":{"rendered":"https:\/\/afsinyedisevin.com\/?p=3858"},"modified":"2022-03-23T07:11:59","modified_gmt":"2022-03-23T07:11:59","slug":"muhtar-gokhan-arslan-ogrencilere-muhtarligin-gorev-ve-yetkilerini-anlatti","status":"publish","type":"post","link":"https:\/\/afsinyedisevin.com\/index.php\/2022\/03\/23\/muhtar-gokhan-arslan-ogrencilere-muhtarligin-gorev-ve-yetkilerini-anlatti\/","title":{"rendered":"Muhtar G\u00f6khan Arslan \u00d6\u011frencilere Muhtarl\u0131\u011f\u0131n G\u00f6rev ve Yetkilerini anlatt\u0131."},"content":{"rendered":"<p style=\"text-align: justify;\"><strong><img loading=\"lazy\" decoding=\"async\" class=\"alignnone size-full wp-image-113\" src=\"https:\/\/afsinyedisevin.com\/wp-content\/uploads\/2019\/12\/ahalil.jpg\" alt=\"\" width=\"300\" height=\"194\" srcset=\"https:\/\/afsinyedisevin.com\/wp-content\/uploads\/2019\/12\/ahalil.jpg 300w, https:\/\/afsinyedisevin.com\/wp-content\/uploads\/2019\/12\/ahalil-115x73.jpg 115w\" sizes=\"(max-width: 300px) 100vw, 300px\" \/><\/strong><\/p>\n<p style=\"text-align: justify;\"><strong>Af\u015fin Merkez Fatih \u0130lkokulunda \u00d6\u011frencilere Muhtarl\u0131\u011f\u0131n g\u00f6rev ve yetkileri anlat\u0131ld\u0131.<\/strong><\/p>\n<p style=\"text-align: justify;\"><strong>\u00d6nce ki g\u00fcn ger\u00e7ekle\u015fen etkinlikte \u00d6\u011frencilerin davetlisi Beyce\u011fiz Mahallesi Muhtar\u0131 G\u00f6khan Arslan oldu.<\/strong><\/p>\n<p style=\"text-align: justify;\"><strong>Af\u015fin&#8217;in en b\u00fcy\u00fck Mahallelerinden birisi olan Beyce\u011fiz Mahallesine ilk kez Muhtar se\u00e7ilen G\u00f6khan Arslan, Muhtarl\u0131\u011f\u0131n g\u00f6rev ve yetki alanlar\u0131na ili\u015fkin \u00f6\u011frencilerle sohbet yapt\u0131.<\/strong><\/p>\n<p style=\"text-align: justify;\"><strong>S\u0131n\u0131f \u00d6\u011fretmeni Ahmet Seven&#8217;in davetlisi olarak \u00f6\u011frencilerle bulu\u015fan Muhtar G\u00f6khan Arslan, \u00d6\u011frencilerle bulu\u015fmaktan ve onlara mesle\u011fimizin g\u00f6rev ve yetkilerini anlatmaktan dolay\u0131 \u00e7ok mutlu olduk dedi.<\/strong><\/p>\n<p style=\"text-align: justify;\"><strong><img loading=\"lazy\" decoding=\"async\" class=\"alignnone size-full wp-image-3859\" src=\"https:\/\/afsinyedisevin.com\/wp-content\/uploads\/2022\/03\/WhatsApp-Image-2022-03-21-at-11.42.54.jpeg\" alt=\"\" width=\"1600\" height=\"1200\" srcset=\"https:\/\/afsinyedisevin.com\/wp-content\/uploads\/2022\/03\/WhatsApp-Image-2022-03-21-at-11.42.54.jpeg 1600w, https:\/\/afsinyedisevin.com\/wp-content\/uploads\/2022\/03\/WhatsApp-Image-2022-03-21-at-11.42.54-300x225.jpeg 300w, https:\/\/afsinyedisevin.com\/wp-content\/uploads\/2022\/03\/WhatsApp-Image-2022-03-21-at-11.42.54-1024x768.jpeg 1024w, https:\/\/afsinyedisevin.com\/wp-content\/uploads\/2022\/03\/WhatsApp-Image-2022-03-21-at-11.42.54-768x576.jpeg 768w, https:\/\/afsinyedisevin.com\/wp-content\/uploads\/2022\/03\/WhatsApp-Image-2022-03-21-at-11.42.54-1536x1152.jpeg 1536w\" sizes=\"(max-width: 1600px) 100vw, 1600px\" \/> <img loading=\"lazy\" decoding=\"async\" class=\"alignnone size-full wp-image-3860\" src=\"https:\/\/afsinyedisevin.com\/wp-content\/uploads\/2022\/03\/WhatsApp-Image-2022-03-21-at-11.42.55-1.jpeg\" alt=\"\" width=\"1600\" height=\"1200\" srcset=\"https:\/\/afsinyedisevin.com\/wp-content\/uploads\/2022\/03\/WhatsApp-Image-2022-03-21-at-11.42.55-1.jpeg 1600w, https:\/\/afsinyedisevin.com\/wp-content\/uploads\/2022\/03\/WhatsApp-Image-2022-03-21-at-11.42.55-1-300x225.jpeg 300w, https:\/\/afsinyedisevin.com\/wp-content\/uploads\/2022\/03\/WhatsApp-Image-2022-03-21-at-11.42.55-1-1024x768.jpeg 1024w, https:\/\/afsinyedisevin.com\/wp-content\/uploads\/2022\/03\/WhatsApp-Image-2022-03-21-at-11.42.55-1-768x576.jpeg 768w, https:\/\/afsinyedisevin.com\/wp-content\/uploads\/2022\/03\/WhatsApp-Image-2022-03-21-at-11.42.55-1-1536x1152.jpeg 1536w\" sizes=\"(max-width: 1600px) 100vw, 1600px\" \/> <img loading=\"lazy\" decoding=\"async\" class=\"alignnone size-full wp-image-3861\" src=\"https:\/\/afsinyedisevin.com\/wp-content\/uploads\/2022\/03\/WhatsApp-Image-2022-03-21-at-11.42.55.jpeg\" alt=\"\" width=\"1600\" height=\"1200\" srcset=\"https:\/\/afsinyedisevin.com\/wp-content\/uploads\/2022\/03\/WhatsApp-Image-2022-03-21-at-11.42.55.jpeg 1600w, https:\/\/afsinyedisevin.com\/wp-content\/uploads\/2022\/03\/WhatsApp-Image-2022-03-21-at-11.42.55-300x225.jpeg 300w, https:\/\/afsinyedisevin.com\/wp-content\/uploads\/2022\/03\/WhatsApp-Image-2022-03-21-at-11.42.55-1024x768.jpeg 1024w, https:\/\/afsinyedisevin.com\/wp-content\/uploads\/2022\/03\/WhatsApp-Image-2022-03-21-at-11.42.55-768x576.jpeg 768w, https:\/\/afsinyedisevin.com\/wp-content\/uploads\/2022\/03\/WhatsApp-Image-2022-03-21-at-11.42.55-1536x1152.jpeg 1536w\" sizes=\"(max-width: 1600px) 100vw, 1600px\" \/><\/strong><\/p>\n","protected":false},"excerpt":{"rendered":"<p>Af\u015fin Merkez Fatih \u0130lkokulunda \u00d6\u011frencilere Muhtarl\u0131\u011f\u0131n g\u00f6rev ve yetkileri anlat\u0131ld\u0131. \u00d6nce ki g\u00fcn ger\u00e7ekle\u015fen etkinlikte \u00d6\u011frencilerin davetlisi Beyce\u011fiz Mahallesi Muhtar\u0131 G\u00f6khan Arslan oldu. Af\u015fin&#8217;in<\/p>\n","protected":false},"author":1,"featured_media":3862,"comment_status":"open","ping_status":"open","sticky":false,"template":"","format":"standard","meta":{"_jetpack_memberships_contains_paid_content":false,"footnotes":""},"categories":[6,3,14,1],"tags":[],"class_list":["post-3858","post","type-post","status-publish","format-standard","has-post-thumbnail","hentry","category-buyuk-sevin","category-manset-haber","category-muhtarlarimiz","category-yoremizden"],"jetpack_featured_media_url":"https:\/\/afsinyedisevin.com\/wp-content\/uploads\/2022\/03\/WhatsApp-Image-2022-03-21-at-11.42.55-1ui.jpeg","jetpack_sharing_enabled":true,"_links":{"self":[{"href":"https:\/\/afsinyedisevin.com\/index.php\/wp-json\/wp\/v2\/posts\/3858","targetHints":{"allow":["GET"]}}],"collection":[{"href":"https:\/\/afsinyedisevin.com\/index.php\/wp-json\/wp\/v2\/posts"}],"about":[{"href":"https:\/\/afsinyedisevin.com\/index.php\/wp-json\/wp\/v2\/types\/post"}],"author":[{"embeddable":true,"href":"https:\/\/afsinyedisevin.com\/index.php\/wp-json\/wp\/v2\/users\/1"}],"replies":[{"embeddable":true,"href":"https:\/\/afsinyedisevin.com\/index.php\/wp-json\/wp\/v2\/comments?post=3858"}],"version-history":[{"count":1,"href":"https:\/\/afsinyedisevin.com\/index.php\/wp-json\/wp\/v2\/posts\/3858\/revisions"}],"predecessor-version":[{"id":3863,"href":"https:\/\/afsinyedisevin.com\/index.php\/wp-json\/wp\/v2\/posts\/3858\/revisions\/3863"}],"wp:featuredmedia":[{"embeddable":true,"href":"https:\/\/afsinyedisevin.com\/index.php\/wp-json\/wp\/v2\/media\/3862"}],"wp:attachment":[{"href":"https:\/\/afsinyedisevin.com\/index.php\/wp-json\/wp\/v2\/media?parent=3858"}],"wp:term":[{"taxonomy":"category","embeddable":true,"href":"https:\/\/afsinyedisevin.com\/index.php\/wp-json\/wp\/v2\/categories?post=3858"},{"taxonomy":"post_tag","embeddable":true,"href":"https:\/\/afsinyedisevin.com\/index.php\/wp-json\/wp\/v2\/tags?post=3858"}],"curies":[{"name":"wp","href":"https:\/\/api.w.org\/{rel}","templated":true}]}}