{"id":3852,"date":"2022-03-22T12:12:19","date_gmt":"2022-03-22T12:12:19","guid":{"rendered":"https:\/\/afsinyedisevin.com\/?p=3852"},"modified":"2022-03-22T12:14:23","modified_gmt":"2022-03-22T12:14:23","slug":"hemsehrimiz-davut-alperen-ozcan-kendi-yazdigi-siiri-ile-birinci-oldu","status":"publish","type":"post","link":"https:\/\/afsinyedisevin.com\/index.php\/2022\/03\/22\/hemsehrimiz-davut-alperen-ozcan-kendi-yazdigi-siiri-ile-birinci-oldu\/","title":{"rendered":"Hem\u015fehrimiz Davut Alperen \u00d6zcan kendi yazd\u0131\u011f\u0131 \u015fiiri ile Birinci oldu."},"content":{"rendered":"<p style=\"text-align: justify;\"><strong><img loading=\"lazy\" decoding=\"async\" class=\"alignnone size-full wp-image-113\" src=\"https:\/\/afsinyedisevin.com\/wp-content\/uploads\/2019\/12\/ahalil.jpg\" alt=\"\" width=\"300\" height=\"194\" srcset=\"https:\/\/afsinyedisevin.com\/wp-content\/uploads\/2019\/12\/ahalil.jpg 300w, https:\/\/afsinyedisevin.com\/wp-content\/uploads\/2019\/12\/ahalil-115x73.jpg 115w\" sizes=\"(max-width: 300px) 100vw, 300px\" \/><img loading=\"lazy\" decoding=\"async\" class=\"alignnone size-full wp-image-3853\" src=\"https:\/\/afsinyedisevin.com\/wp-content\/uploads\/2022\/03\/WhatsApp-Image-2022-03-18-at-15.47.38.jpeg\" alt=\"\" width=\"600\" height=\"377\" srcset=\"https:\/\/afsinyedisevin.com\/wp-content\/uploads\/2022\/03\/WhatsApp-Image-2022-03-18-at-15.47.38.jpeg 600w, https:\/\/afsinyedisevin.com\/wp-content\/uploads\/2022\/03\/WhatsApp-Image-2022-03-18-at-15.47.38-300x189.jpeg 300w, https:\/\/afsinyedisevin.com\/wp-content\/uploads\/2022\/03\/WhatsApp-Image-2022-03-18-at-15.47.38-115x73.jpeg 115w\" sizes=\"(max-width: 600px) 100vw, 600px\" \/><\/strong><\/p>\n<p style=\"text-align: justify;\"><strong>18 Mart \u00c7anakkale \u015eehitlerini Anma Haftas\u0131 m\u00fcnasebetiyle \u0130l\u00e7e Genelinde ki okullarda d\u00fczenlenen \u015eiir Yar\u0131\u015fmas\u0131nda kendi yazd\u0131\u011f\u0131 \u015fiir ile birinci olan hem\u015fehrimiz Davut Alperen \u00d6zcan, \u015fiirini Yedisevin Haber okuyucular\u0131 i\u00e7in seslendirdi.<\/strong><\/p>\n<p style=\"text-align: justify;\"><strong>\u00d6d\u00fcl\u00fcn\u00fc Af\u015fin Kaymakam\u0131 Ahmet can P\u0131nar&#8217;\u0131n elinden alan Davut Alperen \u00d6zcan&#8217;\u0131n \u015fiirini sizlerle payla\u015f\u0131yoruz.<\/strong><\/p>\n<p style=\"text-align: justify;\"><strong>\u00d6\u011frencimizi tebrik ediyor,nice g\u00fczel eserler kaleme almas\u0131n\u0131 temenni ediyoruz.<\/strong><\/p>\n<p><iframe loading=\"lazy\" src=\"\/\/www.youtube.com\/embed\/AI_dim0N2J0\" width=\"714\" height=\"400\" allowfullscreen=\"allowfullscreen\"><\/iframe><\/p>\n<p style=\"text-align: justify;\"><strong>B\u0130R D\u0130R\u0130L\u0130\u015e \u00d6YK\u00dcS\u00dcD\u00dcR \u00c7ANAKKALE<\/strong><\/p>\n<p style=\"text-align: justify;\"><strong>&#8211;<\/strong><\/p>\n<p style=\"text-align: justify;\"><strong>Bir destand\u0131r \u00c7anakkale ,<\/strong><\/p>\n<p style=\"text-align: justify;\"><strong>Her kar\u0131\u015f\u0131n\u0131n \u015fehit kan\u0131 ile \u0131sland\u0131\u011f\u0131 toprak ,<\/strong><\/p>\n<p style=\"text-align: justify;\"><strong>Asla s\u00f6nmeyecek olan al sancak ,<\/strong><\/p>\n<p style=\"text-align: justify;\"><strong>G\u00f6klerde dalgalanan \u015fanl\u0131 bayrakt\u0131r \u00c7anakkale.<\/strong><\/p>\n<p style=\"text-align: justify;\"><strong>*<\/strong><\/p>\n<p style=\"text-align: justify;\"><strong>Ba\u011f\u0131ms\u0131zl\u0131\u011f\u0131n sesi ,<\/strong><\/p>\n<p style=\"text-align: justify;\"><strong>Annelerin dual\u0131 nefesi ,<\/strong><\/p>\n<p style=\"text-align: justify;\"><strong>D\u00fc\u015fman\u0131n son bulan hevesi,<\/strong><\/p>\n<p style=\"text-align: justify;\"><strong>Bir milletin eme\u011fidir \u00c7anakkale.<\/strong><\/p>\n<p style=\"text-align: justify;\"><strong>*<\/strong><\/p>\n<p style=\"text-align: justify;\"><strong>\u015eehidimin iman dolu g\u00f6\u011fs\u00fc,<\/strong><\/p>\n<p style=\"text-align: justify;\"><strong>Budur kurtulu\u015fun \u00f6z\u00fc,<\/strong><\/p>\n<p style=\"text-align: justify;\"><strong>Y\u00fcrek y\u00fcre\u011fe kurulan g\u00f6n\u00fcl k\u00f6pr\u00fcs\u00fc,<\/strong><\/p>\n<p style=\"text-align: justify;\"><strong>Bir dirili\u015f \u00f6yk\u00fcs\u00fcd\u00fcr \u00c7anakkale.<\/strong><\/p>\n<p style=\"text-align: justify;\"><strong>*<\/strong><\/p>\n<p style=\"text-align: justify;\"><strong>U\u011fruna feda edilen \u015fehidimin can\u0131,<\/strong><\/p>\n<p style=\"text-align: justify;\"><strong>Topra\u011f\u0131n her zerresine d\u00f6k\u00fclen y\u00fcce kan\u0131 ,<\/strong><\/p>\n<p style=\"text-align: justify;\"><strong>Bedrin aslanlar\u0131 misali b\u00fcy\u00fckt\u00fcr \u015fan\u0131,<\/strong><\/p>\n<p style=\"text-align: justify;\"><strong>Bir milletin gurur duyulan yan\u0131d\u0131r \u00c7anakkale.<\/strong><\/p>\n<p style=\"text-align: justify;\"><strong>*<\/strong><\/p>\n<p style=\"text-align: justify;\"><strong>K\u00fckremi\u015f sel gibi bendini a\u015fan ,<\/strong><\/p>\n<p style=\"text-align: justify;\"><strong>Bir p\u0131nar misali dolup dolup ta\u015fan ,<\/strong><\/p>\n<p style=\"text-align: justify;\"><strong>Gelece\u011fe binlerce destan b\u0131rakan,<\/strong><\/p>\n<p style=\"text-align: justify;\"><strong>Bir hik\u00e2yenin ad\u0131d\u0131r \u00c7anakkale.<\/strong><\/p>\n<p style=\"text-align: justify;\"><strong>*<\/strong><\/p>\n<p style=\"text-align: justify;\"><strong>Ne b\u00fcy\u00fck imanki unutturdu elemi,<\/strong><\/p>\n<p style=\"text-align: justify;\"><strong>Bir yel misali p\u00fcsk\u00fcrtt\u00fc geleni,<\/strong><\/p>\n<p style=\"text-align: justify;\"><strong>\u00d6zg\u00fcrl\u00fc\u011f\u00fcn \u00e7izilen en g\u00fczel resmi ,<\/strong><\/p>\n<p style=\"text-align: justify;\"><strong>Akife mar\u015f yazd\u0131ran destand\u0131r \u00c7anakkale.<\/strong><\/p>\n<p style=\"text-align: justify;\"><strong>*<\/strong><\/p>\n<p style=\"text-align: justify;\"><strong>Budur vatan\u0131 ayakta tutan,<\/strong><\/p>\n<p style=\"text-align: justify;\"><strong>Unutulmayan ve unutulmayacak olan ,<\/strong><\/p>\n<p style=\"text-align: justify;\"><strong>Gelecek nesillere b\u0131rak\u0131lan,<\/strong><\/p>\n<p style=\"text-align: justify;\"><strong>En b\u00fcy\u00fck emanettir \u00c7anakkale.<\/strong><\/p>\n<p style=\"text-align: justify;\"><strong>*<\/strong><\/p>\n<p style=\"text-align: justify;\"><strong>\u00a0DAVUT ALPEREN \u00d6ZCAN<\/strong><\/p>\n","protected":false},"excerpt":{"rendered":"<p>18 Mart \u00c7anakkale \u015eehitlerini Anma Haftas\u0131 m\u00fcnasebetiyle \u0130l\u00e7e Genelinde ki okullarda d\u00fczenlenen \u015eiir Yar\u0131\u015fmas\u0131nda kendi yazd\u0131\u011f\u0131 \u015fiir ile birinci olan hem\u015fehrimiz Davut Alperen \u00d6zcan,<\/p>\n","protected":false},"author":1,"featured_media":3854,"comment_status":"open","ping_status":"open","sticky":false,"template":"","format":"standard","meta":{"_jetpack_memberships_contains_paid_content":false,"footnotes":""},"categories":[3,15,1],"tags":[],"class_list":["post-3852","post","type-post","status-publish","format-standard","has-post-thumbnail","hentry","category-manset-haber","category-sair-ve-yazarlarimiz","category-yoremizden"],"jetpack_featured_media_url":"https:\/\/afsinyedisevin.com\/wp-content\/uploads\/2022\/03\/WhatsApp-Image-2022-03-18-at-15.47.38y.jpeg","jetpack_sharing_enabled":true,"_links":{"self":[{"href":"https:\/\/afsinyedisevin.com\/index.php\/wp-json\/wp\/v2\/posts\/3852","targetHints":{"allow":["GET"]}}],"collection":[{"href":"https:\/\/afsinyedisevin.com\/index.php\/wp-json\/wp\/v2\/posts"}],"about":[{"href":"https:\/\/afsinyedisevin.com\/index.php\/wp-json\/wp\/v2\/types\/post"}],"author":[{"embeddable":true,"href":"https:\/\/afsinyedisevin.com\/index.php\/wp-json\/wp\/v2\/users\/1"}],"replies":[{"embeddable":true,"href":"https:\/\/afsinyedisevin.com\/index.php\/wp-json\/wp\/v2\/comments?post=3852"}],"version-history":[{"count":2,"href":"https:\/\/afsinyedisevin.com\/index.php\/wp-json\/wp\/v2\/posts\/3852\/revisions"}],"predecessor-version":[{"id":3856,"href":"https:\/\/afsinyedisevin.com\/index.php\/wp-json\/wp\/v2\/posts\/3852\/revisions\/3856"}],"wp:featuredmedia":[{"embeddable":true,"href":"https:\/\/afsinyedisevin.com\/index.php\/wp-json\/wp\/v2\/media\/3854"}],"wp:attachment":[{"href":"https:\/\/afsinyedisevin.com\/index.php\/wp-json\/wp\/v2\/media?parent=3852"}],"wp:term":[{"taxonomy":"category","embeddable":true,"href":"https:\/\/afsinyedisevin.com\/index.php\/wp-json\/wp\/v2\/categories?post=3852"},{"taxonomy":"post_tag","embeddable":true,"href":"https:\/\/afsinyedisevin.com\/index.php\/wp-json\/wp\/v2\/tags?post=3852"}],"curies":[{"name":"wp","href":"https:\/\/api.w.org\/{rel}","templated":true}]}}