{"id":3840,"date":"2022-03-15T10:15:56","date_gmt":"2022-03-15T10:15:56","guid":{"rendered":"https:\/\/afsinyedisevin.com\/?p=3840"},"modified":"2022-03-15T10:15:56","modified_gmt":"2022-03-15T10:15:56","slug":"afsinli-kore-gazisi-vefat-etti","status":"publish","type":"post","link":"https:\/\/afsinyedisevin.com\/index.php\/2022\/03\/15\/afsinli-kore-gazisi-vefat-etti\/","title":{"rendered":"Af\u015finli Kore Gazisi vefat etti."},"content":{"rendered":"<p style=\"text-align: justify;\"><strong><img loading=\"lazy\" decoding=\"async\" class=\"alignnone size-full wp-image-113\" src=\"https:\/\/afsinyedisevin.com\/wp-content\/uploads\/2019\/12\/ahalil.jpg\" alt=\"\" width=\"300\" height=\"194\" srcset=\"https:\/\/afsinyedisevin.com\/wp-content\/uploads\/2019\/12\/ahalil.jpg 300w, https:\/\/afsinyedisevin.com\/wp-content\/uploads\/2019\/12\/ahalil-115x73.jpg 115w\" sizes=\"(max-width: 300px) 100vw, 300px\" \/><\/strong><\/p>\n<p><img loading=\"lazy\" decoding=\"async\" class=\"alignnone size-full wp-image-3841\" src=\"https:\/\/afsinyedisevin.com\/wp-content\/uploads\/2022\/03\/IMG_5167Y.jpg\" alt=\"\" width=\"600\" height=\"400\" srcset=\"https:\/\/afsinyedisevin.com\/wp-content\/uploads\/2022\/03\/IMG_5167Y.jpg 600w, https:\/\/afsinyedisevin.com\/wp-content\/uploads\/2022\/03\/IMG_5167Y-300x200.jpg 300w\" sizes=\"(max-width: 600px) 100vw, 600px\" \/><\/p>\n<p style=\"text-align: justify;\"><strong>Af\u015fin&#8217;e ba\u011fl\u0131 Binbo\u011fa Mahallesinden olup Kahramanmara\u015f&#8217;ta ikamet eden Kore Gazisi \u015e\u00fckr\u00fc T\u00fcrkmen vefat etti.<\/strong><\/p>\n<p style=\"text-align: justify;\"><strong>Aslen Sevin\/Binbo\u011fa Mahallesinden olup Kahramanmara\u015f&#8217;ta ikamet eden, Cuma,Mahmut,Ali ve Salih T\u00fcrkmen&#8217;in babalar\u0131, S\u00fcleyman,\u0130smail,Cuma ve Veli T\u00fcrkmen&#8217;in amcalar\u0131 Kore Gazisi \u015e\u00fckr\u00fc T\u00fcrkmen vefat etti.<\/strong><\/p>\n<p style=\"text-align: justify;\"><strong>Cenazesi 16 Mart \u00c7ar\u015famba g\u00fcn\u00fc \u00f6\u011fle namaz\u0131na m\u00fcteakiben Kahramanmara\u015f Ulu Camiide k\u0131l\u0131nacak cenaze namaz\u0131n\u0131n ard\u0131ndan Kap\u0131\u00e7am Mezarl\u0131\u011f\u0131nda topra\u011fa verilecek.<\/strong><\/p>\n<p style=\"text-align: justify;\"><strong>Kur&#8217;an-\u0131 Kerimi \u015eeyh Adil Taziye evinde okunacak.<\/strong><\/p>\n<p style=\"text-align: justify;\"><strong>Kore Gazimize Allah (cc)&#8217;tan rahmet geride kalanlar\u0131na sabr-\u0131 Cemil niyaz ederiz.<\/strong><\/p>\n<p style=\"text-align: justify;\">\n","protected":false},"excerpt":{"rendered":"<p>Af\u015fin&#8217;e ba\u011fl\u0131 Binbo\u011fa Mahallesinden olup Kahramanmara\u015f&#8217;ta ikamet eden Kore Gazisi \u015e\u00fckr\u00fc T\u00fcrkmen vefat etti. Aslen Sevin\/Binbo\u011fa Mahallesinden olup Kahramanmara\u015f&#8217;ta ikamet eden, Cuma,Mahmut,Ali ve Salih<\/p>\n","protected":false},"author":1,"featured_media":3842,"comment_status":"open","ping_status":"open","sticky":false,"template":"","format":"standard","meta":{"_jetpack_memberships_contains_paid_content":false,"footnotes":""},"categories":[9,3,20,1],"tags":[],"class_list":["post-3840","post","type-post","status-publish","format-standard","has-post-thumbnail","hentry","category-binboga","category-manset-haber","category-sehit-ve-gazilerimiz","category-yoremizden"],"jetpack_featured_media_url":"https:\/\/afsinyedisevin.com\/wp-content\/uploads\/2022\/03\/aaaaaaaaaYI-1.jpg","jetpack_sharing_enabled":true,"_links":{"self":[{"href":"https:\/\/afsinyedisevin.com\/index.php\/wp-json\/wp\/v2\/posts\/3840","targetHints":{"allow":["GET"]}}],"collection":[{"href":"https:\/\/afsinyedisevin.com\/index.php\/wp-json\/wp\/v2\/posts"}],"about":[{"href":"https:\/\/afsinyedisevin.com\/index.php\/wp-json\/wp\/v2\/types\/post"}],"author":[{"embeddable":true,"href":"https:\/\/afsinyedisevin.com\/index.php\/wp-json\/wp\/v2\/users\/1"}],"replies":[{"embeddable":true,"href":"https:\/\/afsinyedisevin.com\/index.php\/wp-json\/wp\/v2\/comments?post=3840"}],"version-history":[{"count":1,"href":"https:\/\/afsinyedisevin.com\/index.php\/wp-json\/wp\/v2\/posts\/3840\/revisions"}],"predecessor-version":[{"id":3843,"href":"https:\/\/afsinyedisevin.com\/index.php\/wp-json\/wp\/v2\/posts\/3840\/revisions\/3843"}],"wp:featuredmedia":[{"embeddable":true,"href":"https:\/\/afsinyedisevin.com\/index.php\/wp-json\/wp\/v2\/media\/3842"}],"wp:attachment":[{"href":"https:\/\/afsinyedisevin.com\/index.php\/wp-json\/wp\/v2\/media?parent=3840"}],"wp:term":[{"taxonomy":"category","embeddable":true,"href":"https:\/\/afsinyedisevin.com\/index.php\/wp-json\/wp\/v2\/categories?post=3840"},{"taxonomy":"post_tag","embeddable":true,"href":"https:\/\/afsinyedisevin.com\/index.php\/wp-json\/wp\/v2\/tags?post=3840"}],"curies":[{"name":"wp","href":"https:\/\/api.w.org\/{rel}","templated":true}]}}