{"id":3836,"date":"2022-03-10T12:51:38","date_gmt":"2022-03-10T12:51:38","guid":{"rendered":"https:\/\/afsinyedisevin.com\/?p=3836"},"modified":"2022-03-10T12:51:38","modified_gmt":"2022-03-10T12:51:38","slug":"kazada-yaralanan-genc-hemsehrimiz-vefat-etti","status":"publish","type":"post","link":"https:\/\/afsinyedisevin.com\/index.php\/2022\/03\/10\/kazada-yaralanan-genc-hemsehrimiz-vefat-etti\/","title":{"rendered":"Kazada yaralanan gen\u00e7 hem\u015fehrimiz vefat etti."},"content":{"rendered":"<p style=\"text-align: justify;\"><strong><img loading=\"lazy\" decoding=\"async\" class=\"alignnone size-full wp-image-2532\" src=\"https:\/\/afsinyedisevin.com\/wp-content\/uploads\/2020\/11\/ahab.jpg\" alt=\"\" width=\"300\" height=\"194\" srcset=\"https:\/\/afsinyedisevin.com\/wp-content\/uploads\/2020\/11\/ahab.jpg 300w, https:\/\/afsinyedisevin.com\/wp-content\/uploads\/2020\/11\/ahab-115x73.jpg 115w\" sizes=\"(max-width: 300px) 100vw, 300px\" \/><img loading=\"lazy\" decoding=\"async\" class=\"alignnone size-full wp-image-3837\" src=\"https:\/\/afsinyedisevin.com\/wp-content\/uploads\/2022\/03\/275441958_10226309614301927_214324923696317094_n.jpg\" alt=\"\" width=\"480\" height=\"479\" srcset=\"https:\/\/afsinyedisevin.com\/wp-content\/uploads\/2022\/03\/275441958_10226309614301927_214324923696317094_n.jpg 480w, https:\/\/afsinyedisevin.com\/wp-content\/uploads\/2022\/03\/275441958_10226309614301927_214324923696317094_n-300x300.jpg 300w, https:\/\/afsinyedisevin.com\/wp-content\/uploads\/2022\/03\/275441958_10226309614301927_214324923696317094_n-150x150.jpg 150w, https:\/\/afsinyedisevin.com\/wp-content\/uploads\/2022\/03\/275441958_10226309614301927_214324923696317094_n-215x215.jpg 215w\" sizes=\"(max-width: 480px) 100vw, 480px\" \/><\/strong><\/p>\n<p style=\"text-align: justify;\"><strong>Kazada a\u011f\u0131r yaralanan gen\u00e7, ya\u015fam m\u00fccadelesini kaybetti.<\/strong><\/p>\n<p style=\"text-align: justify;\"><strong>Elbistan\u2019da, 4 arac\u0131n kar\u0131\u015ft\u0131\u011f\u0131 zincirleme kazada a\u011f\u0131r yaralanan 30 ya\u015f\u0131ndaki hem\u015fehrimiz Ahmet Ayta\u00e7, 5 aydan fazla s\u00fcredir verdi\u011fi ya\u015fam m\u00fccadelesini kaybetti.<\/strong><\/p>\n<p><strong>28 Eyl\u00fcl 2021\u2019de Elbistan\u2019a ba\u011fl\u0131 Hasankendi Mahallesi civar\u0131nda meydana gelen kazada, Ahmet Ayta\u00e7\u2019\u0131n (30) idaresindeki 46 ET 664 plakal\u0131 otomobil, yoldan d\u00f6n\u00fc\u015f yapmak isteyen Semih D.\u2019nin kulland\u0131\u011f\u0131 34 LB 2658 plakal\u0131 otomobille \u00e7arp\u0131\u015fm\u0131\u015ft\u0131. Maddi hasarla atlat\u0131lan bu kazan\u0131n ard\u0131ndan arac\u0131ndaki hasar\u0131 kontrol etmek i\u00e7in d\u0131\u015far\u0131 \u00e7\u0131kan Ayta\u00e7\u2019a, Mustafa \u00c7. y\u00f6netimindeki 46 ACJ 440 plakal\u0131 otomobil \u00e7arpm\u0131\u015ft\u0131. Kar\u015f\u0131 y\u00f6nden gelen Mehmet T. y\u00f6netimindeki 46 T 3019 plakal\u0131 ticari taksi de kazaya kar\u0131\u015farak takla atm\u0131\u015ft\u0131. <\/strong><\/p>\n<p style=\"text-align: justify;\"><strong>Can pazar\u0131n\u0131n ya\u015fand\u0131\u011f\u0131 zincirleme kazada 2\u2019si a\u011f\u0131r olmak \u00fczere 6 ki\u015fi yaralanm\u0131\u015ft\u0131. Kazada a\u011f\u0131r yaralanan Ahmet Ayta\u00e7, Elbistan Devlet Hastanesi\u2019ndeki ilk m\u00fcdahalenin ard\u0131ndan Kahramanmara\u015f\u2019a sevk edilmi\u015fti. Ayta\u00e7, 5 aydan fazla s\u00fcredir verdi\u011fi hayat m\u00fccadelesini kaybetti.<\/strong><\/p>\n<p style=\"text-align: justify;\"><strong>Gen\u00e7 ya\u015fta hayat\u0131n\u0131 kaybeden Ayta\u00e7\u2019\u0131n cenazesinin, 11 Mart Cuma g\u00fcn\u00fc \u00f6\u011fle namaz\u0131na m\u00fcteakiben k\u0131l\u0131nacak cenaze namaz\u0131n\u0131n ard\u0131ndan\u00a0 B\u00fcy\u00fcksevin Mahallesi\u2019nde topra\u011fa verilece\u011fi \u00f6\u011frenildi.<\/strong><\/p>\n<p style=\"text-align: justify;\">\n","protected":false},"excerpt":{"rendered":"<p>Kazada a\u011f\u0131r yaralanan gen\u00e7, ya\u015fam m\u00fccadelesini kaybetti. Elbistan\u2019da, 4 arac\u0131n kar\u0131\u015ft\u0131\u011f\u0131 zincirleme kazada a\u011f\u0131r yaralanan 30 ya\u015f\u0131ndaki hem\u015fehrimiz Ahmet Ayta\u00e7, 5 aydan fazla s\u00fcredir<\/p>\n","protected":false},"author":1,"featured_media":3838,"comment_status":"open","ping_status":"open","sticky":false,"template":"","format":"standard","meta":{"_jetpack_memberships_contains_paid_content":false,"footnotes":""},"categories":[6,3,4,1],"tags":[],"class_list":["post-3836","post","type-post","status-publish","format-standard","has-post-thumbnail","hentry","category-buyuk-sevin","category-manset-haber","category-vefatlar","category-yoremizden"],"jetpack_featured_media_url":"https:\/\/afsinyedisevin.com\/wp-content\/uploads\/2022\/03\/aaaaaaaaayi.jpg","jetpack_sharing_enabled":true,"_links":{"self":[{"href":"https:\/\/afsinyedisevin.com\/index.php\/wp-json\/wp\/v2\/posts\/3836","targetHints":{"allow":["GET"]}}],"collection":[{"href":"https:\/\/afsinyedisevin.com\/index.php\/wp-json\/wp\/v2\/posts"}],"about":[{"href":"https:\/\/afsinyedisevin.com\/index.php\/wp-json\/wp\/v2\/types\/post"}],"author":[{"embeddable":true,"href":"https:\/\/afsinyedisevin.com\/index.php\/wp-json\/wp\/v2\/users\/1"}],"replies":[{"embeddable":true,"href":"https:\/\/afsinyedisevin.com\/index.php\/wp-json\/wp\/v2\/comments?post=3836"}],"version-history":[{"count":1,"href":"https:\/\/afsinyedisevin.com\/index.php\/wp-json\/wp\/v2\/posts\/3836\/revisions"}],"predecessor-version":[{"id":3839,"href":"https:\/\/afsinyedisevin.com\/index.php\/wp-json\/wp\/v2\/posts\/3836\/revisions\/3839"}],"wp:featuredmedia":[{"embeddable":true,"href":"https:\/\/afsinyedisevin.com\/index.php\/wp-json\/wp\/v2\/media\/3838"}],"wp:attachment":[{"href":"https:\/\/afsinyedisevin.com\/index.php\/wp-json\/wp\/v2\/media?parent=3836"}],"wp:term":[{"taxonomy":"category","embeddable":true,"href":"https:\/\/afsinyedisevin.com\/index.php\/wp-json\/wp\/v2\/categories?post=3836"},{"taxonomy":"post_tag","embeddable":true,"href":"https:\/\/afsinyedisevin.com\/index.php\/wp-json\/wp\/v2\/tags?post=3836"}],"curies":[{"name":"wp","href":"https:\/\/api.w.org\/{rel}","templated":true}]}}