{"id":3820,"date":"2022-03-07T06:05:50","date_gmt":"2022-03-07T06:05:50","guid":{"rendered":"https:\/\/afsinyedisevin.com\/?p=3820"},"modified":"2022-03-07T07:08:26","modified_gmt":"2022-03-07T07:08:26","slug":"3820","status":"publish","type":"post","link":"https:\/\/afsinyedisevin.com\/index.php\/2022\/03\/07\/3820\/","title":{"rendered":"Mehmet Karako\u00e7 vefat etti."},"content":{"rendered":"<p style=\"text-align: justify;\"><strong><img loading=\"lazy\" decoding=\"async\" class=\"alignnone size-full wp-image-113\" src=\"https:\/\/afsinyedisevin.com\/wp-content\/uploads\/2019\/12\/ahalil.jpg\" alt=\"\" width=\"300\" height=\"194\" srcset=\"https:\/\/afsinyedisevin.com\/wp-content\/uploads\/2019\/12\/ahalil.jpg 300w, https:\/\/afsinyedisevin.com\/wp-content\/uploads\/2019\/12\/ahalil-115x73.jpg 115w\" sizes=\"(max-width: 300px) 100vw, 300px\" \/><img loading=\"lazy\" decoding=\"async\" class=\"alignnone size-full wp-image-3822\" src=\"https:\/\/afsinyedisevin.com\/wp-content\/uploads\/2022\/03\/WhatsApp-Image-2022-03-07-at-08.57.04.jpeg\" alt=\"\" width=\"600\" height=\"523\" srcset=\"https:\/\/afsinyedisevin.com\/wp-content\/uploads\/2022\/03\/WhatsApp-Image-2022-03-07-at-08.57.04.jpeg 600w, https:\/\/afsinyedisevin.com\/wp-content\/uploads\/2022\/03\/WhatsApp-Image-2022-03-07-at-08.57.04-300x262.jpeg 300w\" sizes=\"(max-width: 600px) 100vw, 600px\" \/><\/strong><\/p>\n<p style=\"text-align: justify;\"><strong>Aslen Sevin\/\u00d6renderesi Mahallesinden olup Ye\u015filyurt Mahallesinde ikamet eden, Merhum Osman, Hasan ve Yusuf Karako\u00e7&#8217;un karde\u015fleri, Hakk\u0131 ve Murat Karako\u00e7&#8217;un babalar\u0131, Bekir Dal ve Emin Topal&#8217;\u0131n kay\u0131n babalar\u0131 Mehmet Karako\u00e7 (86)\u00a0 vefat etti.<\/strong><\/p>\n<p style=\"text-align: justify;\"><strong>Cenazesi d\u00fcn \u00f6\u011fle namaz\u0131na m\u00fcteakiben Ashab-\u0131 Kehf Camii \u015eerifinde k\u0131l\u0131nan namaz\u0131n ard\u0131ndan Armutludede mezarl\u0131\u011f\u0131nda topra\u011fa verildi.<\/strong><\/p>\n<p style=\"text-align: justify;\"><strong>Kur&#8217;an-\u0131 Kerimi Ye\u015filyurt Mahallesinde Nur Sokakta okunmaktad\u0131r.<\/strong><\/p>\n<p style=\"text-align: justify;\"><strong>Taziye i\u00e7in;<\/strong><\/p>\n<p style=\"text-align: justify;\"><strong>HAKKI KARAKO\u00c7 05363483487 (O\u011eLU)<\/strong><\/p>\n<p style=\"text-align: justify;\"><strong>Allah rahmet eylesin.<\/strong><\/p>\n<p style=\"text-align: justify;\">\n","protected":false},"excerpt":{"rendered":"<p>Aslen Sevin\/\u00d6renderesi Mahallesinden olup Ye\u015filyurt Mahallesinde ikamet eden, Merhum Osman, Hasan ve Yusuf Karako\u00e7&#8217;un karde\u015fleri, Hakk\u0131 ve Murat Karako\u00e7&#8217;un babalar\u0131, Bekir Dal ve Emin<\/p>\n","protected":false},"author":1,"featured_media":3821,"comment_status":"open","ping_status":"open","sticky":false,"template":"","format":"standard","meta":{"_jetpack_memberships_contains_paid_content":false,"footnotes":""},"categories":[3,10,4,1],"tags":[],"class_list":["post-3820","post","type-post","status-publish","format-standard","has-post-thumbnail","hentry","category-manset-haber","category-orenderesi","category-vefatlar","category-yoremizden"],"jetpack_featured_media_url":"https:\/\/afsinyedisevin.com\/wp-content\/uploads\/2022\/03\/aaaaaaaaaYUIO.jpg","jetpack_sharing_enabled":true,"_links":{"self":[{"href":"https:\/\/afsinyedisevin.com\/index.php\/wp-json\/wp\/v2\/posts\/3820","targetHints":{"allow":["GET"]}}],"collection":[{"href":"https:\/\/afsinyedisevin.com\/index.php\/wp-json\/wp\/v2\/posts"}],"about":[{"href":"https:\/\/afsinyedisevin.com\/index.php\/wp-json\/wp\/v2\/types\/post"}],"author":[{"embeddable":true,"href":"https:\/\/afsinyedisevin.com\/index.php\/wp-json\/wp\/v2\/users\/1"}],"replies":[{"embeddable":true,"href":"https:\/\/afsinyedisevin.com\/index.php\/wp-json\/wp\/v2\/comments?post=3820"}],"version-history":[{"count":2,"href":"https:\/\/afsinyedisevin.com\/index.php\/wp-json\/wp\/v2\/posts\/3820\/revisions"}],"predecessor-version":[{"id":3825,"href":"https:\/\/afsinyedisevin.com\/index.php\/wp-json\/wp\/v2\/posts\/3820\/revisions\/3825"}],"wp:featuredmedia":[{"embeddable":true,"href":"https:\/\/afsinyedisevin.com\/index.php\/wp-json\/wp\/v2\/media\/3821"}],"wp:attachment":[{"href":"https:\/\/afsinyedisevin.com\/index.php\/wp-json\/wp\/v2\/media?parent=3820"}],"wp:term":[{"taxonomy":"category","embeddable":true,"href":"https:\/\/afsinyedisevin.com\/index.php\/wp-json\/wp\/v2\/categories?post=3820"},{"taxonomy":"post_tag","embeddable":true,"href":"https:\/\/afsinyedisevin.com\/index.php\/wp-json\/wp\/v2\/tags?post=3820"}],"curies":[{"name":"wp","href":"https:\/\/api.w.org\/{rel}","templated":true}]}}