{"id":3785,"date":"2022-02-12T09:46:29","date_gmt":"2022-02-12T09:46:29","guid":{"rendered":"http:\/\/www.afsinyedisevin.com\/?p=3785"},"modified":"2022-02-12T09:46:29","modified_gmt":"2022-02-12T09:46:29","slug":"osman-karakoc-vefat-etti","status":"publish","type":"post","link":"https:\/\/afsinyedisevin.com\/index.php\/2022\/02\/12\/osman-karakoc-vefat-etti\/","title":{"rendered":"Osman Karako\u00e7 vefat etti."},"content":{"rendered":"<p style=\"text-align: justify;\"><strong><img loading=\"lazy\" decoding=\"async\" class=\"alignnone size-full wp-image-113\" src=\"https:\/\/afsinyedisevin.com\/wp-content\/uploads\/2019\/12\/ahalil.jpg\" alt=\"\" width=\"300\" height=\"194\" srcset=\"https:\/\/afsinyedisevin.com\/wp-content\/uploads\/2019\/12\/ahalil.jpg 300w, https:\/\/afsinyedisevin.com\/wp-content\/uploads\/2019\/12\/ahalil-115x73.jpg 115w\" sizes=\"(max-width: 300px) 100vw, 300px\" \/><img loading=\"lazy\" decoding=\"async\" class=\"alignnone size-full wp-image-1694\" src=\"https:\/\/afsinyedisevin.com\/wp-content\/uploads\/2020\/05\/vefat_haberi_3f32c9ac0654ea40962f.jpg\" alt=\"\" width=\"640\" height=\"370\" srcset=\"https:\/\/afsinyedisevin.com\/wp-content\/uploads\/2020\/05\/vefat_haberi_3f32c9ac0654ea40962f.jpg 640w, https:\/\/afsinyedisevin.com\/wp-content\/uploads\/2020\/05\/vefat_haberi_3f32c9ac0654ea40962f-300x173.jpg 300w\" sizes=\"(max-width: 640px) 100vw, 640px\" \/><\/strong><\/p>\n<p style=\"text-align: justify;\"><strong>Aslen Sevin\/\u00d6renderesi Mahallesinden olup Kale Mahallesinde ikamet eden Muharrem ve Muzaffer Karako\u00e7&#8217;un babalar\u0131,Mehmet,Hasan ve Yusuf Karako\u00e7&#8217;un karde\u015fleri Osman Karako\u00e7 vefat etti.<\/strong><\/p>\n<p style=\"text-align: justify;\"><strong>Cenazesi d\u00fcn \u0130kindi namaz\u0131na m\u00fcteakiben Ashab-\u0131 Kehf Camii \u015eerifinde k\u0131l\u0131nan namaz\u0131n ard\u0131ndan Asri Mezarl\u0131kta topra\u011fa verildi.<\/strong><\/p>\n<p style=\"text-align: justify;\"><strong>Allah rahmet eylesin.<\/strong><\/p>\n<p style=\"text-align: justify;\">\n","protected":false},"excerpt":{"rendered":"<p>Aslen Sevin\/\u00d6renderesi Mahallesinden olup Kale Mahallesinde ikamet eden Muharrem ve Muzaffer Karako\u00e7&#8217;un babalar\u0131,Mehmet,Hasan ve Yusuf Karako\u00e7&#8217;un karde\u015fleri Osman Karako\u00e7 vefat etti. Cenazesi d\u00fcn \u0130kindi<\/p>\n","protected":false},"author":1,"featured_media":3786,"comment_status":"open","ping_status":"open","sticky":false,"template":"","format":"standard","meta":{"_jetpack_memberships_contains_paid_content":false,"footnotes":""},"categories":[3,10,4,1],"tags":[],"class_list":["post-3785","post","type-post","status-publish","format-standard","has-post-thumbnail","hentry","category-manset-haber","category-orenderesi","category-vefatlar","category-yoremizden"],"jetpack_featured_media_url":"https:\/\/afsinyedisevin.com\/wp-content\/uploads\/2022\/02\/aaaaaaaaayi-1.jpg","jetpack_sharing_enabled":true,"_links":{"self":[{"href":"https:\/\/afsinyedisevin.com\/index.php\/wp-json\/wp\/v2\/posts\/3785","targetHints":{"allow":["GET"]}}],"collection":[{"href":"https:\/\/afsinyedisevin.com\/index.php\/wp-json\/wp\/v2\/posts"}],"about":[{"href":"https:\/\/afsinyedisevin.com\/index.php\/wp-json\/wp\/v2\/types\/post"}],"author":[{"embeddable":true,"href":"https:\/\/afsinyedisevin.com\/index.php\/wp-json\/wp\/v2\/users\/1"}],"replies":[{"embeddable":true,"href":"https:\/\/afsinyedisevin.com\/index.php\/wp-json\/wp\/v2\/comments?post=3785"}],"version-history":[{"count":1,"href":"https:\/\/afsinyedisevin.com\/index.php\/wp-json\/wp\/v2\/posts\/3785\/revisions"}],"predecessor-version":[{"id":3787,"href":"https:\/\/afsinyedisevin.com\/index.php\/wp-json\/wp\/v2\/posts\/3785\/revisions\/3787"}],"wp:featuredmedia":[{"embeddable":true,"href":"https:\/\/afsinyedisevin.com\/index.php\/wp-json\/wp\/v2\/media\/3786"}],"wp:attachment":[{"href":"https:\/\/afsinyedisevin.com\/index.php\/wp-json\/wp\/v2\/media?parent=3785"}],"wp:term":[{"taxonomy":"category","embeddable":true,"href":"https:\/\/afsinyedisevin.com\/index.php\/wp-json\/wp\/v2\/categories?post=3785"},{"taxonomy":"post_tag","embeddable":true,"href":"https:\/\/afsinyedisevin.com\/index.php\/wp-json\/wp\/v2\/tags?post=3785"}],"curies":[{"name":"wp","href":"https:\/\/api.w.org\/{rel}","templated":true}]}}