{"id":3780,"date":"2022-02-10T06:22:31","date_gmt":"2022-02-10T06:22:31","guid":{"rendered":"http:\/\/www.afsinyedisevin.com\/?p=3780"},"modified":"2022-02-10T06:23:49","modified_gmt":"2022-02-10T06:23:49","slug":"fatma-ozer-vefat-etti","status":"publish","type":"post","link":"https:\/\/afsinyedisevin.com\/index.php\/2022\/02\/10\/fatma-ozer-vefat-etti\/","title":{"rendered":"Fatma \u00d6zer vefat etti."},"content":{"rendered":"<p style=\"text-align: justify;\"><strong><img loading=\"lazy\" decoding=\"async\" class=\"alignnone size-full wp-image-113\" src=\"https:\/\/afsinyedisevin.com\/wp-content\/uploads\/2019\/12\/ahalil.jpg\" alt=\"\" width=\"300\" height=\"194\" srcset=\"https:\/\/afsinyedisevin.com\/wp-content\/uploads\/2019\/12\/ahalil.jpg 300w, https:\/\/afsinyedisevin.com\/wp-content\/uploads\/2019\/12\/ahalil-115x73.jpg 115w\" sizes=\"(max-width: 300px) 100vw, 300px\" \/><img loading=\"lazy\" decoding=\"async\" class=\"alignnone size-full wp-image-3782\" src=\"https:\/\/afsinyedisevin.com\/wp-content\/uploads\/2022\/02\/WhatsApp-Image-2022-02-09-at-19.10.43.jpeg\" alt=\"\" width=\"600\" height=\"463\" srcset=\"https:\/\/afsinyedisevin.com\/wp-content\/uploads\/2022\/02\/WhatsApp-Image-2022-02-09-at-19.10.43.jpeg 600w, https:\/\/afsinyedisevin.com\/wp-content\/uploads\/2022\/02\/WhatsApp-Image-2022-02-09-at-19.10.43-300x232.jpeg 300w, https:\/\/afsinyedisevin.com\/wp-content\/uploads\/2022\/02\/WhatsApp-Image-2022-02-09-at-19.10.43-345x265.jpeg 345w\" sizes=\"(max-width: 600px) 100vw, 600px\" \/><\/strong><\/p>\n<p style=\"text-align: justify;\"><strong>Aslen Sevin\/\u00c7ukurp\u0131nar mahallesinden olup \u0130stanbul&#8217;da ikamet eden AF\u015e\u0130NDER Mali \u0130\u015fler Ba\u015fkan Yard\u0131mc\u0131s\u0131 Osman \u00d6zer ile AF\u015e\u0130NDER \u00dcyesi Mehmet \u00d6zer&#8217;in anneleri,Merhum Ahmet \u00d6zer&#8217;in e\u015fi Fatma \u00d6zer vefat etti.<\/strong><\/p>\n<p style=\"text-align: justify;\"><strong>Cenazesi d\u00fcn Tekirda\u011f&#8217;\u0131n Saray \u0130l\u00e7esinde Ayazpa\u015fa Mezarl\u0131\u011f\u0131nda k\u0131l\u0131nan namaz\u0131n ard\u0131ndan topra\u011fa verildi.<\/strong><\/p>\n<p style=\"text-align: justify;\"><strong>Taziye i\u00e7in;<\/strong><\/p>\n<p style=\"text-align: justify;\"><strong>O\u011flu Osman \u00d6zer-0 535 616 4537<\/strong><\/p>\n<p style=\"text-align: justify;\"><strong>O\u011flu Mehmet \u00d6zer-0 533 456 1560<\/strong><\/p>\n<p style=\"text-align: justify;\"><strong>Allah rahmet eylesin.<\/strong><\/p>\n<p style=\"text-align: justify;\"><strong>\u00a0<\/strong><\/p>\n","protected":false},"excerpt":{"rendered":"<p>Aslen Sevin\/\u00c7ukurp\u0131nar mahallesinden olup \u0130stanbul&#8217;da ikamet eden AF\u015e\u0130NDER Mali \u0130\u015fler Ba\u015fkan Yard\u0131mc\u0131s\u0131 Osman \u00d6zer ile AF\u015e\u0130NDER \u00dcyesi Mehmet \u00d6zer&#8217;in anneleri,Merhum Ahmet \u00d6zer&#8217;in e\u015fi Fatma<\/p>\n","protected":false},"author":1,"featured_media":3781,"comment_status":"open","ping_status":"open","sticky":false,"template":"","format":"standard","meta":{"_jetpack_memberships_contains_paid_content":false,"footnotes":""},"categories":[8,3,4,1],"tags":[],"class_list":["post-3780","post","type-post","status-publish","format-standard","has-post-thumbnail","hentry","category-kucuk-sevin","category-manset-haber","category-vefatlar","category-yoremizden"],"jetpack_featured_media_url":"https:\/\/afsinyedisevin.com\/wp-content\/uploads\/2022\/02\/aaaaaaaaayi.jpg","jetpack_sharing_enabled":true,"_links":{"self":[{"href":"https:\/\/afsinyedisevin.com\/index.php\/wp-json\/wp\/v2\/posts\/3780","targetHints":{"allow":["GET"]}}],"collection":[{"href":"https:\/\/afsinyedisevin.com\/index.php\/wp-json\/wp\/v2\/posts"}],"about":[{"href":"https:\/\/afsinyedisevin.com\/index.php\/wp-json\/wp\/v2\/types\/post"}],"author":[{"embeddable":true,"href":"https:\/\/afsinyedisevin.com\/index.php\/wp-json\/wp\/v2\/users\/1"}],"replies":[{"embeddable":true,"href":"https:\/\/afsinyedisevin.com\/index.php\/wp-json\/wp\/v2\/comments?post=3780"}],"version-history":[{"count":1,"href":"https:\/\/afsinyedisevin.com\/index.php\/wp-json\/wp\/v2\/posts\/3780\/revisions"}],"predecessor-version":[{"id":3783,"href":"https:\/\/afsinyedisevin.com\/index.php\/wp-json\/wp\/v2\/posts\/3780\/revisions\/3783"}],"wp:featuredmedia":[{"embeddable":true,"href":"https:\/\/afsinyedisevin.com\/index.php\/wp-json\/wp\/v2\/media\/3781"}],"wp:attachment":[{"href":"https:\/\/afsinyedisevin.com\/index.php\/wp-json\/wp\/v2\/media?parent=3780"}],"wp:term":[{"taxonomy":"category","embeddable":true,"href":"https:\/\/afsinyedisevin.com\/index.php\/wp-json\/wp\/v2\/categories?post=3780"},{"taxonomy":"post_tag","embeddable":true,"href":"https:\/\/afsinyedisevin.com\/index.php\/wp-json\/wp\/v2\/tags?post=3780"}],"curies":[{"name":"wp","href":"https:\/\/api.w.org\/{rel}","templated":true}]}}